{"id":223752,"date":"2025-05-19T18:39:56","date_gmt":"2025-05-19T14:39:56","guid":{"rendered":""},"modified":"-0001-11-30T00:00:00","modified_gmt":"-0001-11-29T20:00:00","slug":"","status":"publish","type":"post","link":"https:\/\/ucnoqta.az\/?p=223752","title":{"rendered":"AB\u015e Ukraynadak\u0131 s\u00fclh prosesind\u0259n \u00e7\u0131xacaq, &#8230; &#8211;"},"content":{"rendered":"<p><strong>AB\u015e-\u0131n vitse-prezidenti J.D.Vens bir daha b\u0259yan edib ki, Moskva v\u0259 Kiyev raz\u0131l\u0131\u011fa g\u0259l\u0259 bilm\u0259s\u0259, AB\u015e Ukrayna m&uuml;naqi\u015f\u0259sinin h\u0259lli &uuml;&ccedil;&uuml;n s&uuml;lh prosesind\u0259 i\u015ftirak\u0131n\u0131 dayand\u0131rma\u011fa haz\u0131rd\u0131r.<\/strong><\/p>\n<p>Ucnoqta.az x\u0259b\u0259r verir ki, o, Romadan Va\u015finqtona u&ccedil;mazdan \u0259vv\u0259l jurnalistl\u0259rin suallar\u0131n\u0131 cavabland\u0131r\u0131b.<br \/>\n&nbsp;&quot;N\u0259tic\u0259l\u0259ri g&ouml;rm\u0259k ist\u0259yirik. V\u0259 g&ouml;rm\u0259k ist\u0259diyimiz v\u0259 sevindiyimiz ilk m&uuml;h&uuml;m n\u0259tic\u0259 o oldu ki, biz Rusiya v\u0259 Ukraynan\u0131n dan\u0131\u015f\u0131qlar masas\u0131na real s&uuml;lh t\u0259klifi qoymas\u0131n\u0131 ist\u0259dik&quot;.<\/p>\n<p>Vitse-prezident vur\u011fulay\u0131b ki, Ukraynada s&uuml;lh dan\u0131\u015f\u0131qlar\u0131nda bir az dalana dir\u0259nib, lakin AB\u015e s&uuml;lh&uuml;n \u0259ld\u0259 edilm\u0259sind\u0259 t\u0259r\u0259fda\u015f olma\u011fa haz\u0131rd\u0131r.&nbsp;<br \/>\n&quot;Biz buna son qoyma\u011fa &ccedil;al\u0131\u015faca\u011f\u0131q, amma bacarmasaq, o zaman dey\u0259c\u0259yik: &quot;Bilirs\u0259n, c\u0259hd etm\u0259y\u0259 d\u0259y\u0259rdi, amma biz bunu daha etm\u0259y\u0259c\u0259yik&quot; &#8211; Vens vur\u011fulay\u0131b.<\/p>\n<p>O, Trampla Putin aras\u0131nda planla\u015fd\u0131r\u0131lan telefon dan\u0131\u015f\u0131\u011f\u0131n\u0131 \u015f\u0259rh etm\u0259kd\u0259n imtina edib.<\/p>\n","protected":false},"excerpt":{"rendered":"<p>AB\u015e-\u0131n vitse-prezidenti J.D.Vens bir daha b\u0259yan edib ki, Moskva v\u0259 Kiyev raz\u0131l\u0131\u011fa g\u0259l\u0259 bilm\u0259s\u0259, AB\u015e Ukrayna m&uuml;naqi\u015f\u0259sinin h\u0259lli &uuml;&ccedil;&uuml;n s&uuml;lh prosesind\u0259 i\u015ftirak\u0131n\u0131 dayand\u0131rma\u011fa haz\u0131rd\u0131r. Ucnoqta.az x\u0259b\u0259r verir ki, o, Romadan&hellip;<\/p>\n","protected":false},"author":1,"featured_media":251278,"comment_status":"open","ping_status":"open","sticky":false,"template":"","format":"standard","meta":{"_lmt_disableupdate":"","_lmt_disable":"","footnotes":""},"categories":[89],"tags":[],"class_list":["post-223752","post","type-post","status-publish","format-standard","has-post-thumbnail","hentry","category-dunya-butun-xeberler"],"_links":{"self":[{"href":"https:\/\/ucnoqta.az\/index.php?rest_route=\/wp\/v2\/posts\/223752","targetHints":{"allow":["GET"]}}],"collection":[{"href":"https:\/\/ucnoqta.az\/index.php?rest_route=\/wp\/v2\/posts"}],"about":[{"href":"https:\/\/ucnoqta.az\/index.php?rest_route=\/wp\/v2\/types\/post"}],"author":[{"embeddable":true,"href":"https:\/\/ucnoqta.az\/index.php?rest_route=\/wp\/v2\/users\/1"}],"replies":[{"embeddable":true,"href":"https:\/\/ucnoqta.az\/index.php?rest_route=%2Fwp%2Fv2%2Fcomments&post=223752"}],"version-history":[{"count":0,"href":"https:\/\/ucnoqta.az\/index.php?rest_route=\/wp\/v2\/posts\/223752\/revisions"}],"wp:featuredmedia":[{"embeddable":true,"href":"https:\/\/ucnoqta.az\/index.php?rest_route=\/wp\/v2\/media\/251278"}],"wp:attachment":[{"href":"https:\/\/ucnoqta.az\/index.php?rest_route=%2Fwp%2Fv2%2Fmedia&parent=223752"}],"wp:term":[{"taxonomy":"category","embeddable":true,"href":"https:\/\/ucnoqta.az\/index.php?rest_route=%2Fwp%2Fv2%2Fcategories&post=223752"},{"taxonomy":"post_tag","embeddable":true,"href":"https:\/\/ucnoqta.az\/index.php?rest_route=%2Fwp%2Fv2%2Ftags&post=223752"}],"curies":[{"name":"wp","href":"https:\/\/api.w.org\/{rel}","templated":true}]}}