{"id":223751,"date":"2025-05-19T18:31:53","date_gmt":"2025-05-19T14:31:53","guid":{"rendered":""},"modified":"-0001-11-30T00:00:00","modified_gmt":"-0001-11-29T20:00:00","slug":"","status":"publish","type":"post","link":"https:\/\/ucnoqta.az\/?p=223751","title":{"rendered":"Onlar R\u0259\u015fad\u0131n t\u0259yyar\u0259sini tan\u0131y\u0131rlarm\u0131\u015f, &#8230; &#8211;"},"content":{"rendered":"<p><strong>R\u0259\u015fad Ataki\u015fiyevin &ouml;vladlar\u0131 d\u0259rs\u0259 gedirl\u0259r, ingilis dilind\u0259 t\u0259hsil al\u0131rlar, yax\u015f\u0131 da oxuyurlar. D&ouml;vl\u0259t t\u0259minat\u0131 yax\u015f\u0131d\u0131r.<\/strong><\/p>\n<p>Ucnoqta.az x\u0259b\u0259r verir ki, bu s&ouml;zl\u0259ri Bak\u0131vaxt\u0131.az-a ke&ccedil;mi\u015f d&ouml;vl\u0259t m&uuml;\u015faviri, politoloq Qabil H&uuml;seynli k&uuml;r\u0259k\u0259ni, \u015f\u0259hid pilot R\u0259\u015fad Ataki\u015fiyevin ail\u0259sin\u0259 d&ouml;vl\u0259tin qay\u011f\u0131s\u0131ndan dan\u0131\u015fark\u0259n deyib.<\/p>\n<p>Onun s&ouml;zl\u0259rin\u0259 g&ouml;r\u0259, bu m\u0259s\u0259l\u0259d\u0259 d&ouml;vl\u0259t, m\u0259xsusi olaraq, &ouml;lk\u0259mizin Birinci vitse-prezidenti Mehriban \u018fliyeva ail\u0259y\u0259 laz\u0131mi d\u0259st\u0259k v\u0259 qay\u011f\u0131n\u0131 g&ouml;st\u0259rir.<\/p>\n<p>Q.H&uuml;seynli onu da \u0259lav\u0259 edib ki, \u015f\u0259hidin t\u0259yyar\u0259sinin qal\u0131qlar\u0131 tap\u0131lsa da, &ldquo;qara qutu&rdquo;nun oxunub, ictimaiyy\u0259t\u0259 m\u0259lumat verilm\u0259si ger&ccedil;\u0259kl\u0259\u015fm\u0259di:<\/p>\n<p>&ldquo;S&ouml;z verdil\u0259r, amma &ldquo;qara qutu&rdquo;nu a&ccedil;mad\u0131lar. Amma oradan bir n\u0259f\u0259r dedi ki, R\u0259\u015fadgil gec\u0259 saatlar\u0131nda d&ouml;y&uuml;\u015f \u015f\u0259raitin\u0259 yax\u0131nla\u015fd\u0131r\u0131lm\u0131\u015f t\u0259lim ke&ccedil;ibl\u0259r. Onlardan da 100 kilometr uzaqda d\u0259nizd\u0259 ruslar t\u0259lim ke&ccedil;irmi\u015fl\u0259r. Ruslar h\u0259m d\u0259 sovet d&ouml;n\u0259mind\u0259n qalma &ldquo;Lazer&rdquo; silah\u0131n\u0131n ilk s\u0131na\u011f\u0131n\u0131 h\u0259yata ke&ccedil;irirl\u0259rmi\u015f. Onlar R\u0259\u015fad\u0131n t\u0259yyar\u0259sini tan\u0131y\u0131rlarm\u0131\u015f, &ccedil;&uuml;nki R\u0259\u015fad Bak\u0131ya h&uuml;cum ed\u0259n t\u0259yyar\u0259ni vurub sal\u0131bm\u0131\u015f. Ona g&ouml;r\u0259 d\u0259 R\u0259\u015fada at\u0259\u015f a&ccedil;\u0131blar v\u0259 onun &uuml;r\u0259yind\u0259n vurublar. T\u0259yyar\u0259 idar\u0259etm\u0259ni itirib&rdquo;.<\/p>\n<p>M&uuml;sahibin dediyin\u0259 g&ouml;r\u0259, &ldquo;qara qutu&rdquo;nu oxuyanlardan biri bildirib ki, &ldquo;qara qutu&rdquo;dan yaln\u0131z R\u0259\u015fad\u0131n zar\u0131mas\u0131n\u0131 e\u015fidib:<\/p>\n<p>&ldquo;R\u0259\u015fad yaral\u0131 halda t\u0259yyar\u0259nin idar\u0259edilm\u0259sini b\u0259rpa etm\u0259k ist\u0259yib, amma bunu bacarmay\u0131b, &ccedil;&uuml;nki &uuml;r\u0259yind\u0259n vurublarm\u0131\u015f&rdquo;.<\/p>\n<p>M\u0259lumat &uuml;&ccedil;&uuml;n bildir\u0259k ki, 2019-cu il iyulun 24-&uuml; saat 22.00 rad\u0259l\u0259rind\u0259 plana uy\u011fun olaraq gec\u0259 vaxt\u0131 t\u0259lim-m\u0259\u015fq u&ccedil;u\u015flar\u0131 ke&ccedil;ir\u0259n Az\u0259rbaycan H\u0259rbi Hava Q&uuml;vv\u0259l\u0259rin\u0259 m\u0259xsus MiQ-29 t\u0259yyar\u0259si il\u0259 q\u0259fl\u0259t\u0259n rabit\u0259 \u0259laq\u0259si k\u0259silib v\u0259 aviasiya vasit\u0259si radarlardan itib. T\u0259yyar\u0259 X\u0259z\u0259r d\u0259nizin\u0259 d&uuml;\u015f&uuml;b. Q\u0259za n\u0259tic\u0259sind\u0259 t\u0259yyar\u0259nin pilotu, polkovnik-leytenant R\u0259\u015fad Ataki\u015fiyev itkin d&uuml;\u015f&uuml;b. T\u0259yyar\u0259nin axtar\u0131\u015f \u0259razisinin t\u0259xmini sah\u0259si 600 kvadrat kilometr, d\u0259rinliyi 40 metr\u0259 q\u0259d\u0259r olub. T\u0259yyar\u0259 v\u0259 pilotun axtar\u0131\u015flar\u0131 &uuml;&ccedil;&uuml;n T&uuml;rkiy\u0259 v\u0259 Rusiyadan m&uuml;t\u0259x\u0259ssis v\u0259 avadanl\u0131qlar c\u0259lb olunub.<\/p>\n<p>Az\u0259rbaycan M&uuml;dafi\u0259 Nazirliyinin avqustun 19-da verdiyi m\u0259lumata g&ouml;r\u0259, t\u0259yyar\u0259nin &ldquo;qara qutu&rdquo;su tap\u0131l\u0131b. Avqustun 20-d\u0259 is\u0259 pilotun n\u0259\u015fi tap\u0131l\u0131b. Ert\u0259si g&uuml;n R\u0259\u015fad Ataki\u015fiyevin n\u0259\u015fi II F\u0259xri xiyabanda d\u0259fn edilib. 7 may 2021-ci ild\u0259 H\u0259rbi Pilot polkovnik-leytenant R\u0259\u015fad Ataki\u015fiyev\u0259 \u015e\u0259hid statusu verilib.<\/p>\n<p>R\u0259\u015fad Ataki\u015fiyev ail\u0259li olub. V\u0259t\u0259n\u0259 yadigar iki &ouml;vlad\u0131 qal\u0131b.<\/p>\n<p>Onu da qeyd ed\u0259k ki, m\u0259rhum R\u0259\u015fad Ataki\u015fyev ke&ccedil;mi\u015f d&ouml;vl\u0259t m&uuml;\u015faviri, politoloq Qabil H&uuml;seynlinin k&uuml;r\u0259k\u0259nidir.<\/p>\n","protected":false},"excerpt":{"rendered":"<p>R\u0259\u015fad Ataki\u015fiyevin &ouml;vladlar\u0131 d\u0259rs\u0259 gedirl\u0259r, ingilis dilind\u0259 t\u0259hsil al\u0131rlar, yax\u015f\u0131 da oxuyurlar. D&ouml;vl\u0259t t\u0259minat\u0131 yax\u015f\u0131d\u0131r. Ucnoqta.az x\u0259b\u0259r verir ki, bu s&ouml;zl\u0259ri Bak\u0131vaxt\u0131.az-a ke&ccedil;mi\u015f d&ouml;vl\u0259t m&uuml;\u015faviri, politoloq Qabil H&uuml;seynli k&uuml;r\u0259k\u0259ni, \u015f\u0259hid&hellip;<\/p>\n","protected":false},"author":1,"featured_media":251278,"comment_status":"open","ping_status":"open","sticky":false,"template":"","format":"standard","meta":{"_lmt_disableupdate":"","_lmt_disable":"","footnotes":""},"categories":[],"tags":[],"class_list":["post-223751","post","type-post","status-publish","format-standard","has-post-thumbnail","hentry"],"_links":{"self":[{"href":"https:\/\/ucnoqta.az\/index.php?rest_route=\/wp\/v2\/posts\/223751","targetHints":{"allow":["GET"]}}],"collection":[{"href":"https:\/\/ucnoqta.az\/index.php?rest_route=\/wp\/v2\/posts"}],"about":[{"href":"https:\/\/ucnoqta.az\/index.php?rest_route=\/wp\/v2\/types\/post"}],"author":[{"embeddable":true,"href":"https:\/\/ucnoqta.az\/index.php?rest_route=\/wp\/v2\/users\/1"}],"replies":[{"embeddable":true,"href":"https:\/\/ucnoqta.az\/index.php?rest_route=%2Fwp%2Fv2%2Fcomments&post=223751"}],"version-history":[{"count":0,"href":"https:\/\/ucnoqta.az\/index.php?rest_route=\/wp\/v2\/posts\/223751\/revisions"}],"wp:featuredmedia":[{"embeddable":true,"href":"https:\/\/ucnoqta.az\/index.php?rest_route=\/wp\/v2\/media\/251278"}],"wp:attachment":[{"href":"https:\/\/ucnoqta.az\/index.php?rest_route=%2Fwp%2Fv2%2Fmedia&parent=223751"}],"wp:term":[{"taxonomy":"category","embeddable":true,"href":"https:\/\/ucnoqta.az\/index.php?rest_route=%2Fwp%2Fv2%2Fcategories&post=223751"},{"taxonomy":"post_tag","embeddable":true,"href":"https:\/\/ucnoqta.az\/index.php?rest_route=%2Fwp%2Fv2%2Ftags&post=223751"}],"curies":[{"name":"wp","href":"https:\/\/api.w.org\/{rel}","templated":true}]}}