{"id":223749,"date":"2025-05-19T16:55:53","date_gmt":"2025-05-19T12:55:53","guid":{"rendered":""},"modified":"-0001-11-30T00:00:00","modified_gmt":"-0001-11-29T20:00:00","slug":"","status":"publish","type":"post","link":"https:\/\/ucnoqta.az\/?p=223749","title":{"rendered":"SSR\u0130 bayra\u011f\u0131na g\u00f6r\u0259 o\u011flu da i\u015fd\u0259n qovuldu"},"content":{"rendered":"<p>Bir ne&ccedil;\u0259 g&uuml;n \u0259vv\u0259l v\u0259zif\u0259d\u0259n k\u0259narla\u015fd\u0131r\u0131lan \u0130mi\u015fli Rayon A\u011fsaqqallar \u015euras\u0131n\u0131n s\u0259dri Saleh S\u0259m\u0259dovun o\u011flu da i\u015fd\u0259n &ccedil;\u0131xar\u0131l\u0131b.<\/p>\n<p>Ucnoqta.az &ldquo;qafqazinfo&rdquo;ya istinad\u0259n x\u0259b\u0259r verir ki, S.S\u0259m\u0259dovun o\u011flu Kamran S\u0259m\u0259dov \u0130mi\u015fli Rayon \u0130cra Hakimiyy\u0259ti ba\u015f&ccedil;\u0131s\u0131n\u0131n Yeni B\u0259hramt\u0259p\u0259 \u0130nzibati \u018frazi Dair\u0259si &uuml;zr\u0259 n&uuml;may\u0259nd\u0259sinin m&uuml;avini v\u0259zif\u0259sini itirib. O, m&uuml;vafiq \u0259mrl\u0259 i\u015fd\u0259n azad edilib.<\/p>\n<p>Qeyd ed\u0259k ki, may\u0131n 9-da \u0130mi\u015flinin Sar\u0131xanl\u0131 k\u0259ndind\u0259 fa\u015fizm &uuml;z\u0259rind\u0259 Q\u0259l\u0259b\u0259 G&uuml;n&uuml; m&uuml;nasib\u0259til\u0259 t\u0259\u015fkil olunan t\u0259dbird\u0259 SSR\u0130 bayra\u011f\u0131 alt\u0131nda, sin\u0259sind\u0259 rus imperiyas\u0131n\u0131n r\u0259mzi olan &ldquo;Georgi lenti&rdquo; il\u0259 &ccedil;\u0131x\u0131\u015f etm\u0259si qalmaqala s\u0259b\u0259b olub v\u0259 Az\u0259rbaycan A\u011fsaqqallar \u015euras\u0131n\u0131n \u0130dar\u0259 Hey\u0259tinin n&ouml;vb\u0259d\u0259nk\u0259nar iclas\u0131 ke&ccedil;iril\u0259r\u0259k o, v\u0259zif\u0259d\u0259n uzaqla\u015fd\u0131r\u0131l\u0131b.<\/p>\n<p>Onun yerin\u0259 m&uuml;v\u0259qq\u0259ti t\u0259yin edil\u0259n Vahid Ta\u011f\u0131yev is\u0259 1 g&uuml;n sonra i\u015fd\u0259n &ccedil;\u0131xmaq haqda \u0259riz\u0259 yaz\u0131b. S.S\u0259m\u0259dovun &ccedil;oxsayl\u0131 \u0259mlaklar\u0131n\u0131n v\u0259 biznes \u015f\u0259b\u0259k\u0259sinin olmas\u0131 bar\u0259d\u0259 d\u0259 m\u0259lumatlar yay\u0131l\u0131b.<\/p>\n","protected":false},"excerpt":{"rendered":"<p>Bir ne&ccedil;\u0259 g&uuml;n \u0259vv\u0259l v\u0259zif\u0259d\u0259n k\u0259narla\u015fd\u0131r\u0131lan \u0130mi\u015fli Rayon A\u011fsaqqallar \u015euras\u0131n\u0131n s\u0259dri Saleh S\u0259m\u0259dovun o\u011flu da i\u015fd\u0259n &ccedil;\u0131xar\u0131l\u0131b. Ucnoqta.az &ldquo;qafqazinfo&rdquo;ya istinad\u0259n x\u0259b\u0259r verir ki, S.S\u0259m\u0259dovun o\u011flu Kamran S\u0259m\u0259dov \u0130mi\u015fli Rayon \u0130cra&hellip;<\/p>\n","protected":false},"author":1,"featured_media":251278,"comment_status":"open","ping_status":"open","sticky":false,"template":"","format":"standard","meta":{"_lmt_disableupdate":"","_lmt_disable":"","footnotes":""},"categories":[91],"tags":[],"class_list":["post-223749","post","type-post","status-publish","format-standard","has-post-thumbnail","hentry","category-olkeici"],"_links":{"self":[{"href":"https:\/\/ucnoqta.az\/index.php?rest_route=\/wp\/v2\/posts\/223749","targetHints":{"allow":["GET"]}}],"collection":[{"href":"https:\/\/ucnoqta.az\/index.php?rest_route=\/wp\/v2\/posts"}],"about":[{"href":"https:\/\/ucnoqta.az\/index.php?rest_route=\/wp\/v2\/types\/post"}],"author":[{"embeddable":true,"href":"https:\/\/ucnoqta.az\/index.php?rest_route=\/wp\/v2\/users\/1"}],"replies":[{"embeddable":true,"href":"https:\/\/ucnoqta.az\/index.php?rest_route=%2Fwp%2Fv2%2Fcomments&post=223749"}],"version-history":[{"count":0,"href":"https:\/\/ucnoqta.az\/index.php?rest_route=\/wp\/v2\/posts\/223749\/revisions"}],"wp:featuredmedia":[{"embeddable":true,"href":"https:\/\/ucnoqta.az\/index.php?rest_route=\/wp\/v2\/media\/251278"}],"wp:attachment":[{"href":"https:\/\/ucnoqta.az\/index.php?rest_route=%2Fwp%2Fv2%2Fmedia&parent=223749"}],"wp:term":[{"taxonomy":"category","embeddable":true,"href":"https:\/\/ucnoqta.az\/index.php?rest_route=%2Fwp%2Fv2%2Fcategories&post=223749"},{"taxonomy":"post_tag","embeddable":true,"href":"https:\/\/ucnoqta.az\/index.php?rest_route=%2Fwp%2Fv2%2Ftags&post=223749"}],"curies":[{"name":"wp","href":"https:\/\/api.w.org\/{rel}","templated":true}]}}