{"id":221743,"date":"2025-04-16T18:00:38","date_gmt":"2025-04-16T14:00:38","guid":{"rendered":""},"modified":"-0001-11-30T00:00:00","modified_gmt":"-0001-11-29T20:00:00","slug":"","status":"publish","type":"post","link":"https:\/\/ucnoqta.az\/?p=221743","title":{"rendered":"Zaqatalaya toya ged\u0259n ki\u015fi d\u0259m qaz\u0131ndan \u00f6ld\u00fc"},"content":{"rendered":"<p>Bak\u0131dan Zaqatalaya toya g\u0259l\u0259n 35 ya\u015fl\u0131 ki\u015finin meyiti qohumunun m\u0259nzilind\u0259 a\u015fkarlan\u0131b.<\/p>\n<p>APA-n\u0131n x\u0259b\u0259rin\u0259 g&ouml;r\u0259, hadis\u0259 g&uuml;norta saatlar\u0131nda Zaqatala \u015f\u0259h\u0259ri C\u0259f\u0259r Cabbarl\u0131 k&uuml;&ccedil;\u0259sind\u0259 d&ouml;rdm\u0259rt\u0259b\u0259li ya\u015fay\u0131\u015f binas\u0131n\u0131n birinci m\u0259rt\u0259b\u0259sind\u0259ki m\u0259nzild\u0259 qeyd\u0259 al\u0131n\u0131b.<\/p>\n<p>\u018fsl\u0259n Zaqataladan olan, Bak\u0131 \u015f\u0259h\u0259rind\u0259 ya\u015fayan 35 ya\u015fl\u0131 Anar Abdullayevin meyiti qohumuna m\u0259xsus m\u0259nzilin hamam\u0131n\u0131n qar\u015f\u0131s\u0131nda a\u015fkar olunub.<\/p>\n<p>Meyit M\u0259hk\u0259m\u0259 Tibbi Ekspertiza v\u0259 Patoloji Anatomiya Birliyinin Zaqatala rayon \u015e&ouml;b\u0259sin\u0259 t\u0259hvil verilib.<\/p>\n<p>Faktla ba\u011fl\u0131 Zaqatala rayon prokurorlu\u011funda ara\u015fd\u0131rma apar\u0131l\u0131r.<\/p>\n<p>A.Abdullayev &uuml;&ccedil; g&uuml;n &ouml;nc\u0259 yax\u0131n qohumlar\u0131n\u0131n toy m\u0259clisind\u0259 i\u015ftirak etm\u0259k &uuml;&ccedil;&uuml;n Bak\u0131dan Zaqatalaya g\u0259ldiyi, d&uuml;n\u0259n toyda i\u015ftirak etdiyi bildirilir.<\/p>\n","protected":false},"excerpt":{"rendered":"<p>Bak\u0131dan Zaqatalaya toya g\u0259l\u0259n 35 ya\u015fl\u0131 ki\u015finin meyiti qohumunun m\u0259nzilind\u0259 a\u015fkarlan\u0131b. APA-n\u0131n x\u0259b\u0259rin\u0259 g&ouml;r\u0259, hadis\u0259 g&uuml;norta saatlar\u0131nda Zaqatala \u015f\u0259h\u0259ri C\u0259f\u0259r Cabbarl\u0131 k&uuml;&ccedil;\u0259sind\u0259 d&ouml;rdm\u0259rt\u0259b\u0259li ya\u015fay\u0131\u015f binas\u0131n\u0131n birinci m\u0259rt\u0259b\u0259sind\u0259ki m\u0259nzild\u0259 qeyd\u0259 al\u0131n\u0131b.&hellip;<\/p>\n","protected":false},"author":1,"featured_media":251278,"comment_status":"open","ping_status":"open","sticky":false,"template":"","format":"standard","meta":{"_lmt_disableupdate":"","_lmt_disable":"","footnotes":""},"categories":[91],"tags":[],"class_list":["post-221743","post","type-post","status-publish","format-standard","has-post-thumbnail","hentry","category-olkeici"],"_links":{"self":[{"href":"https:\/\/ucnoqta.az\/index.php?rest_route=\/wp\/v2\/posts\/221743","targetHints":{"allow":["GET"]}}],"collection":[{"href":"https:\/\/ucnoqta.az\/index.php?rest_route=\/wp\/v2\/posts"}],"about":[{"href":"https:\/\/ucnoqta.az\/index.php?rest_route=\/wp\/v2\/types\/post"}],"author":[{"embeddable":true,"href":"https:\/\/ucnoqta.az\/index.php?rest_route=\/wp\/v2\/users\/1"}],"replies":[{"embeddable":true,"href":"https:\/\/ucnoqta.az\/index.php?rest_route=%2Fwp%2Fv2%2Fcomments&post=221743"}],"version-history":[{"count":0,"href":"https:\/\/ucnoqta.az\/index.php?rest_route=\/wp\/v2\/posts\/221743\/revisions"}],"wp:featuredmedia":[{"embeddable":true,"href":"https:\/\/ucnoqta.az\/index.php?rest_route=\/wp\/v2\/media\/251278"}],"wp:attachment":[{"href":"https:\/\/ucnoqta.az\/index.php?rest_route=%2Fwp%2Fv2%2Fmedia&parent=221743"}],"wp:term":[{"taxonomy":"category","embeddable":true,"href":"https:\/\/ucnoqta.az\/index.php?rest_route=%2Fwp%2Fv2%2Fcategories&post=221743"},{"taxonomy":"post_tag","embeddable":true,"href":"https:\/\/ucnoqta.az\/index.php?rest_route=%2Fwp%2Fv2%2Ftags&post=221743"}],"curies":[{"name":"wp","href":"https:\/\/api.w.org\/{rel}","templated":true}]}}