{"id":221740,"date":"2025-04-16T16:06:38","date_gmt":"2025-04-16T12:06:38","guid":{"rendered":""},"modified":"-0001-11-30T00:00:00","modified_gmt":"-0001-11-29T20:00:00","slug":"","status":"publish","type":"post","link":"https:\/\/ucnoqta.az\/?p=221740","title":{"rendered":"A\u011fdam-Xank\u0259ndi d\u0259mir yolu x\u0259ttin\u0259 start veriliur"},"content":{"rendered":"<p><strong>A\u011fdam-Xank\u0259ndi d\u0259mir yolu x\u0259tti il\u0259 ba\u011fl\u0131 layih\u0259l\u0259ndirm\u0259 i\u015fl\u0259rin\u0259 ba\u015flan\u0131l\u0131b.<\/strong><\/p>\n<p>&ldquo;Report&rdquo;&nbsp;x\u0259b\u0259r verir ki, bunu &ldquo;Az\u0259rbaycan D\u0259mir Yollar\u0131&rdquo; QSC-nin (ADY) s\u0259drinin m&uuml;\u015faviri, Tikinti layih\u0259l\u0259rinin idar\u0259 olunmas\u0131 departamentinin r\u0259isi Tural Abbasl\u0131 &ldquo;N\u0259qliyyat \u0130nfrastrukturunun inki\u015faf\u0131na dair sual v\u0259 t\u0259klifl\u0259rin m&uuml;zakir\u0259si&rdquo; m&ouml;vzusunda ke&ccedil;iril\u0259n &ldquo;Milli Biznesin \u0130nki\u015faf\u0131 Forumunun ilk sessiyas\u0131&rdquo;nda bildirib.<\/p>\n<p>&quot;Bu il bu d\u0259mir yolunda tikinti i\u015fl\u0259rin\u0259 start verm\u0259k niyy\u0259tind\u0259yik. Art\u0131q podrat&ccedil;\u0131 \u015firk\u0259t se&ccedil;ilib. Mobilizasiya i\u015fl\u0259ri davam etdirilir. A\u011fdamdan Xank\u0259ndiy\u0259 q\u0259d\u0259r d\u0259mir yolu x\u0259ttinin 27-28 kilometr olaca\u011f\u0131 g&ouml;zl\u0259nilir&quot;, &#8211; o vur\u011fulay\u0131b.<\/p>\n<p>Onun s&ouml;zl\u0259rin\u0259 g&ouml;r\u0259, B\u0259rd\u0259-A\u011fdam d\u0259mir yolu x\u0259ttinin \u018fsg\u0259ran rayonuna q\u0259d\u0259r uzad\u0131lmas\u0131 planla\u015fd\u0131r\u0131l\u0131r: &quot;Bu layih\u0259 il\u0259 ba\u011fl\u0131 tikinti i\u015fl\u0259rinin 2026-c\u0131 il\u0259 ba\u015fa &ccedil;atmas\u0131 planla\u015fd\u0131r\u0131l\u0131r. B\u0259rd\u0259-A\u011fdam d\u0259mir yolu x\u0259tti il\u0259 ba\u011fl\u0131 tikinti i\u015fl\u0259rinin g\u0259l\u0259n il ba\u015fa &ccedil;ataca\u011f\u0131 g&ouml;zl\u0259nilir&quot;.<\/p>\n","protected":false},"excerpt":{"rendered":"<p>A\u011fdam-Xank\u0259ndi d\u0259mir yolu x\u0259tti il\u0259 ba\u011fl\u0131 layih\u0259l\u0259ndirm\u0259 i\u015fl\u0259rin\u0259 ba\u015flan\u0131l\u0131b. &ldquo;Report&rdquo;&nbsp;x\u0259b\u0259r verir ki, bunu &ldquo;Az\u0259rbaycan D\u0259mir Yollar\u0131&rdquo; QSC-nin (ADY) s\u0259drinin m&uuml;\u015faviri, Tikinti layih\u0259l\u0259rinin idar\u0259 olunmas\u0131 departamentinin r\u0259isi Tural Abbasl\u0131 &ldquo;N\u0259qliyyat \u0130nfrastrukturunun&hellip;<\/p>\n","protected":false},"author":1,"featured_media":251278,"comment_status":"open","ping_status":"open","sticky":false,"template":"","format":"standard","meta":{"_lmt_disableupdate":"","_lmt_disable":"","footnotes":""},"categories":[91],"tags":[],"class_list":["post-221740","post","type-post","status-publish","format-standard","has-post-thumbnail","hentry","category-olkeici"],"_links":{"self":[{"href":"https:\/\/ucnoqta.az\/index.php?rest_route=\/wp\/v2\/posts\/221740","targetHints":{"allow":["GET"]}}],"collection":[{"href":"https:\/\/ucnoqta.az\/index.php?rest_route=\/wp\/v2\/posts"}],"about":[{"href":"https:\/\/ucnoqta.az\/index.php?rest_route=\/wp\/v2\/types\/post"}],"author":[{"embeddable":true,"href":"https:\/\/ucnoqta.az\/index.php?rest_route=\/wp\/v2\/users\/1"}],"replies":[{"embeddable":true,"href":"https:\/\/ucnoqta.az\/index.php?rest_route=%2Fwp%2Fv2%2Fcomments&post=221740"}],"version-history":[{"count":0,"href":"https:\/\/ucnoqta.az\/index.php?rest_route=\/wp\/v2\/posts\/221740\/revisions"}],"wp:featuredmedia":[{"embeddable":true,"href":"https:\/\/ucnoqta.az\/index.php?rest_route=\/wp\/v2\/media\/251278"}],"wp:attachment":[{"href":"https:\/\/ucnoqta.az\/index.php?rest_route=%2Fwp%2Fv2%2Fmedia&parent=221740"}],"wp:term":[{"taxonomy":"category","embeddable":true,"href":"https:\/\/ucnoqta.az\/index.php?rest_route=%2Fwp%2Fv2%2Fcategories&post=221740"},{"taxonomy":"post_tag","embeddable":true,"href":"https:\/\/ucnoqta.az\/index.php?rest_route=%2Fwp%2Fv2%2Ftags&post=221740"}],"curies":[{"name":"wp","href":"https:\/\/api.w.org\/{rel}","templated":true}]}}