{"id":221733,"date":"2025-04-16T15:42:33","date_gmt":"2025-04-16T11:42:33","guid":{"rendered":""},"modified":"-0001-11-30T00:00:00","modified_gmt":"-0001-11-29T20:00:00","slug":"","status":"publish","type":"post","link":"https:\/\/ucnoqta.az\/?p=221733","title":{"rendered":"\u018fv\u0259z Zeynall\u0131n\u0131n v\u0259sat\u0259ti icraata g\u00f6t\u00fcr\u00fcld\u00fc"},"content":{"rendered":"<p><strong>&quot;Xural&rdquo; internet televiziyas\u0131n\u0131n h\u0259bsd\u0259 olan r\u0259hb\u0259ri \u018fv\u0259z Zeynall\u0131n\u0131n x\u0259st\u0259liyi il\u0259 ba\u011fl\u0131 c\u0259zas\u0131n\u0131n qalan hiss\u0259sind\u0259n azad olunmas\u0131 &uuml;&ccedil;&uuml;n m\u0259hk\u0259m\u0259y\u0259 m&uuml;raci\u0259t edilib.<\/strong><\/p>\n<p>Ucnoqta.az APA-ya istinad\u0259n x\u0259b\u0259r verir ki, v\u0259sat\u0259t Nizami rayon M\u0259hk\u0259m\u0259sind\u0259 icraata verilib.<\/p>\n<p>V\u0259sat\u0259t\u0259 hakim Nigar Q\u0259dirlinin s\u0259drliyi il\u0259 bax\u0131lacaq.<\/p>\n<p>Qeyd ed\u0259k ki, bir q\u0259d\u0259r \u0259vv\u0259l \u018fv\u0259z Zeynall\u0131ya x\u0259r&ccedil;\u0259ng diaqnozu qoyulmas\u0131 bar\u0259d\u0259 m\u0259lumat yay\u0131l\u0131b. Bununla ba\u011fl\u0131 onun vaxt\u0131ndan \u0259vv\u0259l azadl\u0131\u011fa burax\u0131lmas\u0131 bar\u0259d\u0259 m&uuml;raci\u0259t olunub.<\/p>\n<p>Cinay\u0259t M\u0259c\u0259ll\u0259sinin 178.2.1, 311.3.2, 311.3.3, 311.3.4, 32.4, 312.2 v\u0259 312-1.1-ci madd\u0259l\u0259ri il\u0259 ittiham olunan \u018fv\u0259z Zeynall\u0131 Bak\u0131 A\u011flr Cinay\u0259tl\u0259r M\u0259hk\u0259m\u0259sin h&ouml;km&uuml;n\u0259 \u0259sas\u0259n, 9 il m&uuml;dd\u0259tin\u0259 azadl\u0131qdan m\u0259hrum etm\u0259 c\u0259zas\u0131na m\u0259hkum edilib.<\/p>\n<p>Ali M\u0259hk\u0259m\u0259 \u018fv\u0259z Zeynall\u0131n\u0131n \u015fikay\u0259tini qism\u0259n t\u0259min ed\u0259r\u0259k c\u0259zan\u0131 2 ay azald\u0131b.<\/p>\n","protected":false},"excerpt":{"rendered":"<p>&quot;Xural&rdquo; internet televiziyas\u0131n\u0131n h\u0259bsd\u0259 olan r\u0259hb\u0259ri \u018fv\u0259z Zeynall\u0131n\u0131n x\u0259st\u0259liyi il\u0259 ba\u011fl\u0131 c\u0259zas\u0131n\u0131n qalan hiss\u0259sind\u0259n azad olunmas\u0131 &uuml;&ccedil;&uuml;n m\u0259hk\u0259m\u0259y\u0259 m&uuml;raci\u0259t edilib. Ucnoqta.az APA-ya istinad\u0259n x\u0259b\u0259r verir ki, v\u0259sat\u0259t Nizami rayon M\u0259hk\u0259m\u0259sind\u0259&hellip;<\/p>\n","protected":false},"author":1,"featured_media":251278,"comment_status":"open","ping_status":"open","sticky":false,"template":"","format":"standard","meta":{"_lmt_disableupdate":"","_lmt_disable":"","footnotes":""},"categories":[101],"tags":[],"class_list":["post-221733","post","type-post","status-publish","format-standard","has-post-thumbnail","hentry","category-cemiyyet"],"_links":{"self":[{"href":"https:\/\/ucnoqta.az\/index.php?rest_route=\/wp\/v2\/posts\/221733","targetHints":{"allow":["GET"]}}],"collection":[{"href":"https:\/\/ucnoqta.az\/index.php?rest_route=\/wp\/v2\/posts"}],"about":[{"href":"https:\/\/ucnoqta.az\/index.php?rest_route=\/wp\/v2\/types\/post"}],"author":[{"embeddable":true,"href":"https:\/\/ucnoqta.az\/index.php?rest_route=\/wp\/v2\/users\/1"}],"replies":[{"embeddable":true,"href":"https:\/\/ucnoqta.az\/index.php?rest_route=%2Fwp%2Fv2%2Fcomments&post=221733"}],"version-history":[{"count":0,"href":"https:\/\/ucnoqta.az\/index.php?rest_route=\/wp\/v2\/posts\/221733\/revisions"}],"wp:featuredmedia":[{"embeddable":true,"href":"https:\/\/ucnoqta.az\/index.php?rest_route=\/wp\/v2\/media\/251278"}],"wp:attachment":[{"href":"https:\/\/ucnoqta.az\/index.php?rest_route=%2Fwp%2Fv2%2Fmedia&parent=221733"}],"wp:term":[{"taxonomy":"category","embeddable":true,"href":"https:\/\/ucnoqta.az\/index.php?rest_route=%2Fwp%2Fv2%2Fcategories&post=221733"},{"taxonomy":"post_tag","embeddable":true,"href":"https:\/\/ucnoqta.az\/index.php?rest_route=%2Fwp%2Fv2%2Ftags&post=221733"}],"curies":[{"name":"wp","href":"https:\/\/api.w.org\/{rel}","templated":true}]}}