{"id":221731,"date":"2025-04-16T15:33:06","date_gmt":"2025-04-16T11:33:06","guid":{"rendered":""},"modified":"-0001-11-30T00:00:00","modified_gmt":"-0001-11-29T20:00:00","slug":"","status":"publish","type":"post","link":"https:\/\/ucnoqta.az\/?p=221731","title":{"rendered":"Yeni Konstitusiya M\u00fcst\u0259qillik B\u0259yannam\u0259sin\u0259 istinad etm\u0259m\u0259lidir &#8211;"},"content":{"rendered":"<p><strong>Erm\u0259nistan\u0131n ba\u015f naziri Nikol Pa\u015finyan hesab edir ki, &ouml;lk\u0259nin yeni konstitusiyas\u0131n\u0131n m\u0259tnind\u0259 Da\u011fl\u0131q Qaraba\u011f\u0131n ad\u0131n\u0131n yer ald\u0131\u011f\u0131 M&uuml;st\u0259qillik B\u0259yannam\u0259sin\u0259 istinad olmamal\u0131d\u0131r.<\/strong><\/p>\n<p>Ucnoqta.az x\u0259b\u0259r verir ki, bunu Erm\u0259nistan parlamentind\u0259 jurnalistl\u0259rl\u0259 s&ouml;hb\u0259ti zaman\u0131 h&ouml;kum\u0259t ba\u015f&ccedil;\u0131s\u0131 deyib.<\/p>\n<p>&nbsp;&ldquo;M&uuml;st\u0259qillik B\u0259yannam\u0259sinin m\u0259tnini &ouml;yr\u0259n\u0259r\u0259k dedim ki, m\u0259nim fikrimc\u0259, s&ouml;hb\u0259t ondan gedir ki, m&uuml;st\u0259qil Erm\u0259nistan Respublikas\u0131 v\u0259 ya Erm\u0259nistan d&ouml;vl\u0259t&ccedil;iliyi ola bilm\u0259z. Bu, sad\u0259c\u0259 olaraq m&uuml;mk&uuml;n deyil. \u018fg\u0259r m\u0259n bunu deyir\u0259ms\u0259, bu o dem\u0259kdir ki, Erm\u0259nistan\u0131n yeni konstitusiyas\u0131nda M&uuml;st\u0259qillik B\u0259yannam\u0259sin\u0259 istinad\u0131n olmas\u0131 laz\u0131m oldu\u011funu dey\u0259 bilm\u0259r\u0259m. \u018fksin\u0259, dey\u0259 bil\u0259r\u0259m ki, Erm\u0259nistan\u0131n yeni konstitusiyas\u0131nda M&uuml;st\u0259qillik B\u0259yannam\u0259sin\u0259 istinad olmamal\u0131d\u0131r. Amma buna Erm\u0259nistan xalq\u0131 q\u0259rar ver\u0259c\u0259k&rdquo;, &#8211; dey\u0259n Pa\u015finyan bunun onun siyasi m&ouml;vqeyi oldu\u011funu vur\u011fulay\u0131b.<\/p>\n","protected":false},"excerpt":{"rendered":"<p>Erm\u0259nistan\u0131n ba\u015f naziri Nikol Pa\u015finyan hesab edir ki, &ouml;lk\u0259nin yeni konstitusiyas\u0131n\u0131n m\u0259tnind\u0259 Da\u011fl\u0131q Qaraba\u011f\u0131n ad\u0131n\u0131n yer ald\u0131\u011f\u0131 M&uuml;st\u0259qillik B\u0259yannam\u0259sin\u0259 istinad olmamal\u0131d\u0131r. Ucnoqta.az x\u0259b\u0259r verir ki, bunu Erm\u0259nistan parlamentind\u0259 jurnalistl\u0259rl\u0259 s&ouml;hb\u0259ti&hellip;<\/p>\n","protected":false},"author":1,"featured_media":251278,"comment_status":"open","ping_status":"open","sticky":false,"template":"","format":"standard","meta":{"_lmt_disableupdate":"","_lmt_disable":"","footnotes":""},"categories":[89],"tags":[],"class_list":["post-221731","post","type-post","status-publish","format-standard","has-post-thumbnail","hentry","category-dunya-butun-xeberler"],"_links":{"self":[{"href":"https:\/\/ucnoqta.az\/index.php?rest_route=\/wp\/v2\/posts\/221731","targetHints":{"allow":["GET"]}}],"collection":[{"href":"https:\/\/ucnoqta.az\/index.php?rest_route=\/wp\/v2\/posts"}],"about":[{"href":"https:\/\/ucnoqta.az\/index.php?rest_route=\/wp\/v2\/types\/post"}],"author":[{"embeddable":true,"href":"https:\/\/ucnoqta.az\/index.php?rest_route=\/wp\/v2\/users\/1"}],"replies":[{"embeddable":true,"href":"https:\/\/ucnoqta.az\/index.php?rest_route=%2Fwp%2Fv2%2Fcomments&post=221731"}],"version-history":[{"count":0,"href":"https:\/\/ucnoqta.az\/index.php?rest_route=\/wp\/v2\/posts\/221731\/revisions"}],"wp:featuredmedia":[{"embeddable":true,"href":"https:\/\/ucnoqta.az\/index.php?rest_route=\/wp\/v2\/media\/251278"}],"wp:attachment":[{"href":"https:\/\/ucnoqta.az\/index.php?rest_route=%2Fwp%2Fv2%2Fmedia&parent=221731"}],"wp:term":[{"taxonomy":"category","embeddable":true,"href":"https:\/\/ucnoqta.az\/index.php?rest_route=%2Fwp%2Fv2%2Fcategories&post=221731"},{"taxonomy":"post_tag","embeddable":true,"href":"https:\/\/ucnoqta.az\/index.php?rest_route=%2Fwp%2Fv2%2Ftags&post=221731"}],"curies":[{"name":"wp","href":"https:\/\/api.w.org\/{rel}","templated":true}]}}