{"id":221728,"date":"2025-04-16T15:00:12","date_gmt":"2025-04-16T11:00:12","guid":{"rendered":""},"modified":"-0001-11-30T00:00:00","modified_gmt":"-0001-11-29T20:00:00","slug":"","status":"publish","type":"post","link":"https:\/\/ucnoqta.az\/?p=221728","title":{"rendered":"\u018fhm\u0259d \u0130smay\u0131lov Qazax\u0131stan\u0131n m\u0259d\u0259niyy\u0259t v\u0259 informasiya naziri il\u0259 g\u00f6r\u00fc\u015f\u00fcb &#8211;"},"content":{"rendered":"<p><strong>Astanada t\u0259\u015fkil olunan II M\u0259rk\u0259zi Asiya Media Forumu &ccedil;\u0259r&ccedil;iv\u0259sind\u0259 Median\u0131n \u0130nki\u015faf\u0131 Agentliyinin \u0130cra&ccedil;\u0131 direktoru \u018fhm\u0259d \u0130smay\u0131lov il\u0259 Qazax\u0131stan Respublikas\u0131n\u0131n m\u0259d\u0259niyy\u0259t v\u0259 informasiya naziri Aida Balayeva aras\u0131nda ikit\u0259r\u0259fli g&ouml;r&uuml;\u015f ke&ccedil;irilib.<\/strong><\/p>\n<p>Ucnoqta.az Agentliy\u0259 istinad\u0259n x\u0259b\u0259r verir ki, g&ouml;r&uuml;\u015fd\u0259 iki &ouml;lk\u0259 aras\u0131nda informasiya t\u0259hl&uuml;k\u0259sizliyi sah\u0259sind\u0259 \u0259m\u0259kda\u015fl\u0131\u011f\u0131n m&ouml;hk\u0259ml\u0259ndirilm\u0259sinin, qar\u015f\u0131l\u0131ql\u0131 \u0259laq\u0259l\u0259rin d\u0259rinl\u0259\u015fdirilm\u0259sinin, yeni t\u0259\u015f\u0259bb&uuml;sl\u0259rin h\u0259yata ke&ccedil;irilm\u0259sinin &ouml;n\u0259mi vur\u011fulan\u0131b.<\/p>\n<p>Bununla yana\u015f\u0131, t\u0259r\u0259fl\u0259r aras\u0131nda imzalanm\u0131\u015f Anla\u015fma Memorandumundan ir\u0259li g\u0259l\u0259n m\u0259s\u0259l\u0259l\u0259r\u0259 toxunulub, media sah\u0259sind\u0259 m&uuml;t\u0259x\u0259ssisl\u0259rin haz\u0131rlanmas\u0131, saxta v\u0259 etibars\u0131z m\u0259lumatlar\u0131n yay\u0131lmas\u0131na qar\u015f\u0131 m&uuml;bariz\u0259 &uuml;sullar\u0131na dair t\u0259cr&uuml;b\u0259 m&uuml;badil\u0259si istiqam\u0259tind\u0259 m&uuml;zakir\u0259l\u0259r apar\u0131l\u0131b.<\/p>\n","protected":false},"excerpt":{"rendered":"<p>Astanada t\u0259\u015fkil olunan II M\u0259rk\u0259zi Asiya Media Forumu &ccedil;\u0259r&ccedil;iv\u0259sind\u0259 Median\u0131n \u0130nki\u015faf\u0131 Agentliyinin \u0130cra&ccedil;\u0131 direktoru \u018fhm\u0259d \u0130smay\u0131lov il\u0259 Qazax\u0131stan Respublikas\u0131n\u0131n m\u0259d\u0259niyy\u0259t v\u0259 informasiya naziri Aida Balayeva aras\u0131nda ikit\u0259r\u0259fli g&ouml;r&uuml;\u015f ke&ccedil;irilib. Ucnoqta.az&hellip;<\/p>\n","protected":false},"author":1,"featured_media":251278,"comment_status":"open","ping_status":"open","sticky":false,"template":"","format":"standard","meta":{"_lmt_disableupdate":"","_lmt_disable":"","footnotes":""},"categories":[96],"tags":[],"class_list":["post-221728","post","type-post","status-publish","format-standard","has-post-thumbnail","hentry","category-media-butun-xeberler"],"_links":{"self":[{"href":"https:\/\/ucnoqta.az\/index.php?rest_route=\/wp\/v2\/posts\/221728","targetHints":{"allow":["GET"]}}],"collection":[{"href":"https:\/\/ucnoqta.az\/index.php?rest_route=\/wp\/v2\/posts"}],"about":[{"href":"https:\/\/ucnoqta.az\/index.php?rest_route=\/wp\/v2\/types\/post"}],"author":[{"embeddable":true,"href":"https:\/\/ucnoqta.az\/index.php?rest_route=\/wp\/v2\/users\/1"}],"replies":[{"embeddable":true,"href":"https:\/\/ucnoqta.az\/index.php?rest_route=%2Fwp%2Fv2%2Fcomments&post=221728"}],"version-history":[{"count":0,"href":"https:\/\/ucnoqta.az\/index.php?rest_route=\/wp\/v2\/posts\/221728\/revisions"}],"wp:featuredmedia":[{"embeddable":true,"href":"https:\/\/ucnoqta.az\/index.php?rest_route=\/wp\/v2\/media\/251278"}],"wp:attachment":[{"href":"https:\/\/ucnoqta.az\/index.php?rest_route=%2Fwp%2Fv2%2Fmedia&parent=221728"}],"wp:term":[{"taxonomy":"category","embeddable":true,"href":"https:\/\/ucnoqta.az\/index.php?rest_route=%2Fwp%2Fv2%2Fcategories&post=221728"},{"taxonomy":"post_tag","embeddable":true,"href":"https:\/\/ucnoqta.az\/index.php?rest_route=%2Fwp%2Fv2%2Ftags&post=221728"}],"curies":[{"name":"wp","href":"https:\/\/api.w.org\/{rel}","templated":true}]}}