{"id":221720,"date":"2025-04-16T13:32:10","date_gmt":"2025-04-16T09:32:10","guid":{"rendered":""},"modified":"-0001-11-30T00:00:00","modified_gmt":"-0001-11-29T20:00:00","slug":"","status":"publish","type":"post","link":"https:\/\/ucnoqta.az\/?p=221720","title":{"rendered":"AH\u0130K il\u0259 STM aras\u0131nda Memorandum imzalan\u0131b &#8211;"},"content":{"rendered":"<p><strong>Sosial T\u0259dqiqatlar M\u0259rk\u0259zinin n&uuml;may\u0259nd\u0259l\u0259ri Az\u0259rbaycan H\u0259mkarlar \u0130ttifaqlar\u0131 Konfederasiyas\u0131nda (AH\u0130K) olublar.<\/strong><\/p>\n<p>AH\u0130K-d\u0259n Ucnoqta.az-a veril\u0259n m\u0259lumata g&ouml;r\u0259, Konfederasiya s\u0259dri Sahib M\u0259mm\u0259dov &ouml;lk\u0259mizd\u0259 h\u0259mkarlar ittifaqlar\u0131n\u0131n s\u0259m\u0259r\u0259li f\u0259aliyy\u0259ti &uuml;&ccedil;&uuml;n yarad\u0131lan \u0259lveri\u015fli \u015f\u0259raiti v\u0259 c\u0259nab Prezident \u0130lham \u018fliyevin bu sah\u0259y\u0259 diqq\u0259t v\u0259 qay\u011f\u0131s\u0131n\u0131 vur\u011fulay\u0131b, ittifaq &uuml;zvl\u0259rinin \u0259m\u0259k, sosial, iqtisadi h&uuml;quqlar\u0131n\u0131n m&uuml;dafi\u0259si, sa\u011flaml\u0131\u011f\u0131n\u0131n qorunmas\u0131, m&uuml;alic\u0259 v\u0259 istirah\u0259tinin t\u0259\u015fkili istiqam\u0259tind\u0259 g&ouml;r&uuml;l\u0259n i\u015fl\u0259rd\u0259n dan\u0131\u015f\u0131b.<br \/>\nG&ouml;r&uuml;\u015fd\u0259 h\u0259mkarlar ittifaqlar\u0131 sistemind\u0259 apar\u0131lan islahatlar, t\u0259tbiq edil\u0259n yenilikl\u0259r, &ldquo;AH\u0130K K&ouml;n&uuml;ll&uuml;l\u0259ri&rdquo;, &ldquo;Layiqli \u018fm\u0259k S\u0259firl\u0259ri&rdquo;, &ldquo;H\u0259mkardan h\u0259mkara qay\u011f\u0131 il\u0259&rdquo;, &quot;AH\u0130K Plus&quot; layih\u0259l\u0259ri v\u0259 &ldquo;Kurort&rdquo; Turizm \u0130nformasiya M\u0259rk\u0259zinin f\u0259aliyy\u0259ti bar\u0259d\u0259 \u0259trafl\u0131 m\u0259lumat verilib.<\/p>\n<p>Sonra AH\u0130K-in f\u0259aliyy\u0259ti, el\u0259c\u0259 d\u0259 &ldquo;Layiqli \u018fm\u0259k S\u0259firl\u0259ri&rdquo;, &ldquo;H\u0259mkardan h\u0259mkara qay\u011f\u0131 il\u0259&rdquo; layih\u0259l\u0259rind\u0259n b\u0259hs ed\u0259n videomateriallar n&uuml;mayi\u015f olunub.<br \/>\nMilli M\u0259clisin \u0130nsan h&uuml;quqlar\u0131 komit\u0259sinin s\u0259dri, Sosial T\u0259dqiqatlar M\u0259rk\u0259zi \u0130dar\u0259 Hey\u0259tinin s\u0259dri Zahid Oruc Konfederasiya t\u0259r\u0259find\u0259n h\u0259yata ke&ccedil;iril\u0259n islahatlar\u0131 v\u0259 yenilikl\u0259ri y&uuml;ks\u0259k d\u0259y\u0259rl\u0259ndirib, \u0259m\u0259k m&uuml;nasib\u0259tl\u0259rinin t\u0259nziml\u0259nm\u0259si, &ouml;lk\u0259mizd\u0259 v\u0259t\u0259nda\u015f c\u0259miyy\u0259tinin inki\u015faf\u0131nda h\u0259mkarlar ittifaqlar\u0131n\u0131n rolunu qeyd edib.<\/p>\n<p>Sosial T\u0259dqiqatlar M\u0259rk\u0259zinin f\u0259aliyy\u0259ti v\u0259 h\u0259d\u0259fl\u0259ri bar\u0259d\u0259 dan\u0131\u015fan Zahid Oruc iki qurum aras\u0131nda \u0259laq\u0259l\u0259rin qurulmas\u0131 v\u0259 inki\u015faf\u0131n\u0131n \u0259h\u0259miyy\u0259tini vur\u011fulay\u0131b.<br \/>\nG&ouml;r&uuml;\u015fd\u0259 Az\u0259rbaycan H\u0259mkarlar \u0130ttifaqlar\u0131 Konfederasiyas\u0131 il\u0259 Sosial T\u0259dqiqatlar M\u0259rk\u0259zi aras\u0131nda birg\u0259 \u0259m\u0259kda\u015fl\u0131q haqq\u0131nda Memorandum imzalan\u0131b.<\/p>\n<p>Sonra Sosial T\u0259dqiqatlar M\u0259rk\u0259zinin n&uuml;may\u0259nd\u0259l\u0259ri AH\u0130K-d\u0259 v\u0259t\u0259nda\u015flar\u0131n q\u0259bulu &uuml;&ccedil;&uuml;n yarad\u0131lm\u0131\u015f \u015f\u0259raitl\u0259, &ldquo;Kurort&rdquo; Turizm \u0130nformasiya M\u0259rk\u0259zind\u0259 yollay\u0131\u015flar\u0131n verilm\u0259si prosesind\u0259 t\u0259tbiq edil\u0259n yenilikl\u0259rl\u0259, el\u0259c\u0259 d\u0259 yeni yarad\u0131lm\u0131\u015f \u018fm\u0259yin M&uuml;hafiz\u0259si v\u0259 H&uuml;quqi Yard\u0131m M\u0259rk\u0259zi il\u0259 tan\u0131\u015f olublar.<\/p>\n","protected":false},"excerpt":{"rendered":"<p>Sosial T\u0259dqiqatlar M\u0259rk\u0259zinin n&uuml;may\u0259nd\u0259l\u0259ri Az\u0259rbaycan H\u0259mkarlar \u0130ttifaqlar\u0131 Konfederasiyas\u0131nda (AH\u0130K) olublar. AH\u0130K-d\u0259n Ucnoqta.az-a veril\u0259n m\u0259lumata g&ouml;r\u0259, Konfederasiya s\u0259dri Sahib M\u0259mm\u0259dov &ouml;lk\u0259mizd\u0259 h\u0259mkarlar ittifaqlar\u0131n\u0131n s\u0259m\u0259r\u0259li f\u0259aliyy\u0259ti &uuml;&ccedil;&uuml;n yarad\u0131lan \u0259lveri\u015fli \u015f\u0259raiti v\u0259 c\u0259nab&hellip;<\/p>\n","protected":false},"author":1,"featured_media":251278,"comment_status":"open","ping_status":"open","sticky":false,"template":"","format":"standard","meta":{"_lmt_disableupdate":"","_lmt_disable":"","footnotes":""},"categories":[101],"tags":[],"class_list":["post-221720","post","type-post","status-publish","format-standard","has-post-thumbnail","hentry","category-cemiyyet"],"_links":{"self":[{"href":"https:\/\/ucnoqta.az\/index.php?rest_route=\/wp\/v2\/posts\/221720","targetHints":{"allow":["GET"]}}],"collection":[{"href":"https:\/\/ucnoqta.az\/index.php?rest_route=\/wp\/v2\/posts"}],"about":[{"href":"https:\/\/ucnoqta.az\/index.php?rest_route=\/wp\/v2\/types\/post"}],"author":[{"embeddable":true,"href":"https:\/\/ucnoqta.az\/index.php?rest_route=\/wp\/v2\/users\/1"}],"replies":[{"embeddable":true,"href":"https:\/\/ucnoqta.az\/index.php?rest_route=%2Fwp%2Fv2%2Fcomments&post=221720"}],"version-history":[{"count":0,"href":"https:\/\/ucnoqta.az\/index.php?rest_route=\/wp\/v2\/posts\/221720\/revisions"}],"wp:featuredmedia":[{"embeddable":true,"href":"https:\/\/ucnoqta.az\/index.php?rest_route=\/wp\/v2\/media\/251278"}],"wp:attachment":[{"href":"https:\/\/ucnoqta.az\/index.php?rest_route=%2Fwp%2Fv2%2Fmedia&parent=221720"}],"wp:term":[{"taxonomy":"category","embeddable":true,"href":"https:\/\/ucnoqta.az\/index.php?rest_route=%2Fwp%2Fv2%2Fcategories&post=221720"},{"taxonomy":"post_tag","embeddable":true,"href":"https:\/\/ucnoqta.az\/index.php?rest_route=%2Fwp%2Fv2%2Ftags&post=221720"}],"curies":[{"name":"wp","href":"https:\/\/api.w.org\/{rel}","templated":true}]}}