{"id":221719,"date":"2025-04-16T14:28:58","date_gmt":"2025-04-16T10:28:58","guid":{"rendered":""},"modified":"-0001-11-30T00:00:00","modified_gmt":"-0001-11-29T20:00:00","slug":"","status":"publish","type":"post","link":"https:\/\/ucnoqta.az\/?p=221719","title":{"rendered":"T\u00fcrkiy\u0259 \u0130stanbulda Rus Evi a\u00e7ma\u011fa haz\u0131rd\u0131r"},"content":{"rendered":"<p><strong>T&uuml;rkiy\u0259 \u0130stanbulda Rus Evi a&ccedil;ma\u011fa haz\u0131rd\u0131r<\/strong><\/p>\n<p>Ucnoqta.az x\u0259b\u0259r verir ki, Yunus \u018fmr\u0259 \u0130nstitutunun (T&uuml;rk M\u0259d\u0259niyy\u0259t M\u0259rk\u0259zi) r\u0259hb\u0259ri \u018fbd&uuml;rr\u0259hman \u018fli TASS-a bildirib ki, T&uuml;rkiy\u0259 \u0130stanbulda Rusiya M\u0259d\u0259niyy\u0259t v\u0259 Elm M\u0259rk\u0259zinin a&ccedil;\u0131lmas\u0131n\u0131 ist\u0259yir.<\/p>\n<p>O, Antaliyada b&ouml;y&uuml;k bir rus diasporunun ya\u015fad\u0131\u011f\u0131n\u0131 bildirib. &quot;Bizim planlar\u0131m\u0131za Rusiya-T&uuml;rkiy\u0259 kitabxanas\u0131n\u0131n a&ccedil;\u0131lmas\u0131 daxildir ki, bu da rus m\u0259d\u0259niyy\u0259tinin T&uuml;rkiy\u0259d\u0259ki m&ouml;vqel\u0259rini g&uuml;cl\u0259ndir\u0259c\u0259k&quot;, &#8211; \u018fli qeyd edib.<\/p>\n<p>T&uuml;rkiy\u0259d\u0259 Rusiya Elm v\u0259 M\u0259d\u0259niyy\u0259t M\u0259rk\u0259zi (Ankaradak\u0131 Rus Evi) 2014-c&uuml; ilin fevral ay\u0131ndan f\u0259aliyy\u0259t g&ouml;st\u0259rir.<\/p>\n","protected":false},"excerpt":{"rendered":"<p>T&uuml;rkiy\u0259 \u0130stanbulda Rus Evi a&ccedil;ma\u011fa haz\u0131rd\u0131r Ucnoqta.az x\u0259b\u0259r verir ki, Yunus \u018fmr\u0259 \u0130nstitutunun (T&uuml;rk M\u0259d\u0259niyy\u0259t M\u0259rk\u0259zi) r\u0259hb\u0259ri \u018fbd&uuml;rr\u0259hman \u018fli TASS-a bildirib ki, T&uuml;rkiy\u0259 \u0130stanbulda Rusiya M\u0259d\u0259niyy\u0259t v\u0259 Elm M\u0259rk\u0259zinin a&ccedil;\u0131lmas\u0131n\u0131&hellip;<\/p>\n","protected":false},"author":1,"featured_media":251278,"comment_status":"open","ping_status":"open","sticky":false,"template":"","format":"standard","meta":{"_lmt_disableupdate":"","_lmt_disable":"","footnotes":""},"categories":[89],"tags":[],"class_list":["post-221719","post","type-post","status-publish","format-standard","has-post-thumbnail","hentry","category-dunya-butun-xeberler"],"_links":{"self":[{"href":"https:\/\/ucnoqta.az\/index.php?rest_route=\/wp\/v2\/posts\/221719","targetHints":{"allow":["GET"]}}],"collection":[{"href":"https:\/\/ucnoqta.az\/index.php?rest_route=\/wp\/v2\/posts"}],"about":[{"href":"https:\/\/ucnoqta.az\/index.php?rest_route=\/wp\/v2\/types\/post"}],"author":[{"embeddable":true,"href":"https:\/\/ucnoqta.az\/index.php?rest_route=\/wp\/v2\/users\/1"}],"replies":[{"embeddable":true,"href":"https:\/\/ucnoqta.az\/index.php?rest_route=%2Fwp%2Fv2%2Fcomments&post=221719"}],"version-history":[{"count":0,"href":"https:\/\/ucnoqta.az\/index.php?rest_route=\/wp\/v2\/posts\/221719\/revisions"}],"wp:featuredmedia":[{"embeddable":true,"href":"https:\/\/ucnoqta.az\/index.php?rest_route=\/wp\/v2\/media\/251278"}],"wp:attachment":[{"href":"https:\/\/ucnoqta.az\/index.php?rest_route=%2Fwp%2Fv2%2Fmedia&parent=221719"}],"wp:term":[{"taxonomy":"category","embeddable":true,"href":"https:\/\/ucnoqta.az\/index.php?rest_route=%2Fwp%2Fv2%2Fcategories&post=221719"},{"taxonomy":"post_tag","embeddable":true,"href":"https:\/\/ucnoqta.az\/index.php?rest_route=%2Fwp%2Fv2%2Ftags&post=221719"}],"curies":[{"name":"wp","href":"https:\/\/api.w.org\/{rel}","templated":true}]}}