{"id":221709,"date":"2025-04-16T11:24:44","date_gmt":"2025-04-16T07:24:44","guid":{"rendered":""},"modified":"-0001-11-30T00:00:00","modified_gmt":"-0001-11-29T20:00:00","slug":"","status":"publish","type":"post","link":"https:\/\/ucnoqta.az\/?p=221709","title":{"rendered":"Meksika il\u0259 s\u0259rh\u0259dd\u0259 iki amerikal\u0131 \u0259sg\u0259r h\u0259lak olub"},"content":{"rendered":"<p>Meksika il\u0259 s\u0259rh\u0259dd\u0259 patrul xidm\u0259ti aparan iki amerikal\u0131 h\u0259rb&ccedil;i yol q\u0259zas\u0131nda &ouml;l&uuml;b, biri yaralan\u0131b.<\/p>\n<p>Ucnoqta.az x\u0259b\u0259r verir ki, bu bar\u0259d\u0259 AB\u015e Silahl\u0131 Q&uuml;vv\u0259l\u0259rinin \u015eimal Komandanl\u0131\u011f\u0131n\u0131n m\u0259tbuat xidm\u0259ti m\u0259lumat yay\u0131b.<\/p>\n<p>Hadis\u0259 &ccedil;\u0259r\u015f\u0259nb\u0259 ax\u015fam\u0131 Nyu Meksiko \u015ftat\u0131n\u0131n Santa Teresa s\u0259rh\u0259d \u015f\u0259h\u0259ri yax\u0131nl\u0131\u011f\u0131nda ba\u015f verib. Hadis\u0259nin t\u0259f\u0259rr&uuml;atlar\u0131 bar\u0259d\u0259 m\u0259lumat verilmir. X\u0259sar\u0259t alan \u0259sg\u0259r a\u011f\u0131r b\u0259d\u0259n x\u0259sar\u0259tl\u0259ri il\u0259 x\u0259st\u0259xanaya yerl\u0259\u015fdirilib.<\/p>\n<p>&ldquo;The Washington Post&rdquo;un qeyd etdiyi kimi, bu, AB\u015e prezidenti Donald Tramp\u0131n AB\u015e-Meksika s\u0259rh\u0259dind\u0259 n\u0259zar\u0259ti g&uuml;cl\u0259ndirm\u0259k &uuml;&ccedil;&uuml;n ba\u015flatd\u0131\u011f\u0131 missiya &ccedil;\u0259r&ccedil;iv\u0259sind\u0259 &ouml;l&uuml;ml\u0259 n\u0259tic\u0259l\u0259n\u0259n ilk insidentdir. N\u0259\u015frin m\u0259nb\u0259l\u0259ri \u0259sg\u0259rl\u0259rin d\u0259niz piyadalar\u0131 oldu\u011funu, Kaliforniyadak\u0131 Kamp Pendleton bazas\u0131nda xidm\u0259t etdikl\u0259rini bildirib.<\/p>\n","protected":false},"excerpt":{"rendered":"<p>Meksika il\u0259 s\u0259rh\u0259dd\u0259 patrul xidm\u0259ti aparan iki amerikal\u0131 h\u0259rb&ccedil;i yol q\u0259zas\u0131nda &ouml;l&uuml;b, biri yaralan\u0131b. Ucnoqta.az x\u0259b\u0259r verir ki, bu bar\u0259d\u0259 AB\u015e Silahl\u0131 Q&uuml;vv\u0259l\u0259rinin \u015eimal Komandanl\u0131\u011f\u0131n\u0131n m\u0259tbuat xidm\u0259ti m\u0259lumat yay\u0131b. Hadis\u0259&hellip;<\/p>\n","protected":false},"author":1,"featured_media":251278,"comment_status":"open","ping_status":"open","sticky":false,"template":"","format":"standard","meta":{"_lmt_disableupdate":"","_lmt_disable":"","footnotes":""},"categories":[89],"tags":[],"class_list":["post-221709","post","type-post","status-publish","format-standard","has-post-thumbnail","hentry","category-dunya-butun-xeberler"],"_links":{"self":[{"href":"https:\/\/ucnoqta.az\/index.php?rest_route=\/wp\/v2\/posts\/221709","targetHints":{"allow":["GET"]}}],"collection":[{"href":"https:\/\/ucnoqta.az\/index.php?rest_route=\/wp\/v2\/posts"}],"about":[{"href":"https:\/\/ucnoqta.az\/index.php?rest_route=\/wp\/v2\/types\/post"}],"author":[{"embeddable":true,"href":"https:\/\/ucnoqta.az\/index.php?rest_route=\/wp\/v2\/users\/1"}],"replies":[{"embeddable":true,"href":"https:\/\/ucnoqta.az\/index.php?rest_route=%2Fwp%2Fv2%2Fcomments&post=221709"}],"version-history":[{"count":0,"href":"https:\/\/ucnoqta.az\/index.php?rest_route=\/wp\/v2\/posts\/221709\/revisions"}],"wp:featuredmedia":[{"embeddable":true,"href":"https:\/\/ucnoqta.az\/index.php?rest_route=\/wp\/v2\/media\/251278"}],"wp:attachment":[{"href":"https:\/\/ucnoqta.az\/index.php?rest_route=%2Fwp%2Fv2%2Fmedia&parent=221709"}],"wp:term":[{"taxonomy":"category","embeddable":true,"href":"https:\/\/ucnoqta.az\/index.php?rest_route=%2Fwp%2Fv2%2Fcategories&post=221709"},{"taxonomy":"post_tag","embeddable":true,"href":"https:\/\/ucnoqta.az\/index.php?rest_route=%2Fwp%2Fv2%2Ftags&post=221709"}],"curies":[{"name":"wp","href":"https:\/\/api.w.org\/{rel}","templated":true}]}}