{"id":221702,"date":"2025-04-16T09:46:23","date_gmt":"2025-04-16T05:46:23","guid":{"rendered":""},"modified":"-0001-11-30T00:00:00","modified_gmt":"-0001-11-29T20:00:00","slug":"","status":"publish","type":"post","link":"https:\/\/ucnoqta.az\/?p=221702","title":{"rendered":"C\u0259nubi Koreya polisi prezident ofisind\u0259 axtar\u0131\u015fa c\u0259hd edib"},"content":{"rendered":"<p><strong>&nbsp;X&uuml;susi polis t\u0259hqiqat qrupu t\u0259hl&uuml;k\u0259siz telefon dan\u0131\u015f\u0131qlar\u0131 m\u0259lumatlar\u0131n\u0131 saxlad\u0131\u011f\u0131 g&uuml;man edil\u0259n serverl\u0259ri \u0259l\u0259 ke&ccedil;irm\u0259k &uuml;&ccedil;&uuml;n C\u0259nubi Koreya prezidentinin ofisin\u0259 v\u0259 Hannam-donqdak\u0131 iqam\u0259tgah\u0131na yenid\u0259n axtar\u0131\u015f etm\u0259y\u0259 &ccedil;al\u0131\u015f\u0131r.<\/strong><\/p>\n<p>Ucnoqta.az x\u0259b\u0259r verir ki, bu bar\u0259d\u0259 Yonhap x\u0259b\u0259r agentliyi m\u0259lumat yay\u0131b.<\/p>\n<p>\u0130stintaq qrupu s\u0259h\u0259r saatlar\u0131nda administrasiyaya v\u0259 iqam\u0259tgaha g\u0259lib v\u0259 prezidentin m&uuml;hafiz\u0259 xidm\u0259tin\u0259 axtar\u0131\u015f q\u0259rar\u0131 verib. Polis &ouml;z v\u0259zif\u0259l\u0259rini yerin\u0259 yetir\u0259rk\u0259n hakimiyy\u0259t orqanlar\u0131na mane olmas\u0131 il\u0259 ba\u011fl\u0131 iddialar\u0131 ara\u015fd\u0131r\u0131r.&nbsp;<\/p>\n","protected":false},"excerpt":{"rendered":"<p>&nbsp;X&uuml;susi polis t\u0259hqiqat qrupu t\u0259hl&uuml;k\u0259siz telefon dan\u0131\u015f\u0131qlar\u0131 m\u0259lumatlar\u0131n\u0131 saxlad\u0131\u011f\u0131 g&uuml;man edil\u0259n serverl\u0259ri \u0259l\u0259 ke&ccedil;irm\u0259k &uuml;&ccedil;&uuml;n C\u0259nubi Koreya prezidentinin ofisin\u0259 v\u0259 Hannam-donqdak\u0131 iqam\u0259tgah\u0131na yenid\u0259n axtar\u0131\u015f etm\u0259y\u0259 &ccedil;al\u0131\u015f\u0131r. Ucnoqta.az x\u0259b\u0259r verir ki,&hellip;<\/p>\n","protected":false},"author":1,"featured_media":251278,"comment_status":"open","ping_status":"open","sticky":false,"template":"","format":"standard","meta":{"_lmt_disableupdate":"","_lmt_disable":"","footnotes":""},"categories":[89],"tags":[],"class_list":["post-221702","post","type-post","status-publish","format-standard","has-post-thumbnail","hentry","category-dunya-butun-xeberler"],"_links":{"self":[{"href":"https:\/\/ucnoqta.az\/index.php?rest_route=\/wp\/v2\/posts\/221702","targetHints":{"allow":["GET"]}}],"collection":[{"href":"https:\/\/ucnoqta.az\/index.php?rest_route=\/wp\/v2\/posts"}],"about":[{"href":"https:\/\/ucnoqta.az\/index.php?rest_route=\/wp\/v2\/types\/post"}],"author":[{"embeddable":true,"href":"https:\/\/ucnoqta.az\/index.php?rest_route=\/wp\/v2\/users\/1"}],"replies":[{"embeddable":true,"href":"https:\/\/ucnoqta.az\/index.php?rest_route=%2Fwp%2Fv2%2Fcomments&post=221702"}],"version-history":[{"count":0,"href":"https:\/\/ucnoqta.az\/index.php?rest_route=\/wp\/v2\/posts\/221702\/revisions"}],"wp:featuredmedia":[{"embeddable":true,"href":"https:\/\/ucnoqta.az\/index.php?rest_route=\/wp\/v2\/media\/251278"}],"wp:attachment":[{"href":"https:\/\/ucnoqta.az\/index.php?rest_route=%2Fwp%2Fv2%2Fmedia&parent=221702"}],"wp:term":[{"taxonomy":"category","embeddable":true,"href":"https:\/\/ucnoqta.az\/index.php?rest_route=%2Fwp%2Fv2%2Fcategories&post=221702"},{"taxonomy":"post_tag","embeddable":true,"href":"https:\/\/ucnoqta.az\/index.php?rest_route=%2Fwp%2Fv2%2Ftags&post=221702"}],"curies":[{"name":"wp","href":"https:\/\/api.w.org\/{rel}","templated":true}]}}