{"id":221690,"date":"2025-04-16T08:31:22","date_gmt":"2025-04-16T04:31:22","guid":{"rendered":""},"modified":"-0001-11-30T00:00:00","modified_gmt":"-0001-11-29T20:00:00","slug":"","status":"publish","type":"post","link":"https:\/\/ucnoqta.az\/?p=221690","title":{"rendered":"&#8220;Honda&#8221; avtomobil istehsal\u0131n\u0131 AB\u015e-a k\u00f6\u00e7\u00fcr\u0259c\u0259k"},"content":{"rendered":"<p><strong>&quot;Honda Motor Company&quot; AB\u015e prezidenti Donald Tramp\u0131n administrasiyas\u0131 t\u0259r\u0259find\u0259n avtomobill\u0259r\u0259 t\u0259tbiq edil\u0259n 25% g&ouml;mr&uuml;k r&uuml;sumlar\u0131na g&ouml;r\u0259 Kanada v\u0259 Meksikadan avtomobil v\u0259 hiss\u0259l\u0259rin istehsal\u0131n\u0131 AB\u015e-a k&ouml;&ccedil;&uuml;rm\u0259yi planla\u015fd\u0131r\u0131r.<\/strong><\/p>\n<p>Ucnoqta.az x\u0259b\u0259r verir ki, bu bar\u0259d\u0259 &ldquo;Nikkei&rdquo; q\u0259zeti m\u0259lumat yay\u0131b.<\/p>\n<p>\u015eirk\u0259tin AB\u015e-da t\u0259xmin\u0259n 1,42 milyon avtomobil satd\u0131\u011f\u0131 bildirilir ki, bu da onun qlobal sat\u0131\u015flar\u0131n\u0131n t\u0259xmin\u0259n 40%-ni t\u0259\u015fkil edir. Bunlardan t\u0259xmin\u0259n 1 milyon \u0259d\u0259di yerli istehsal, 500 min\u0259 yax\u0131n avtomobil is\u0259 \u0259sas\u0259n Kanadadan g\u0259tirilir.<\/p>\n<p>Bir vaxtlar Yaponiya avtomobil \u015firk\u0259tl\u0259ri AB\u015e, Meksika v\u0259 Kanada aras\u0131nda bir s\u0131ra \u015f\u0259rtl\u0259r yerin\u0259 yetirildiyi t\u0259qdird\u0259 s\u0131f\u0131r tarifl\u0259ri n\u0259z\u0259rd\u0259 tutan x&uuml;susi sazi\u015fd\u0259n istifad\u0259 edirdil\u0259r.<br \/>\nBu, \u015firk\u0259tl\u0259r\u0259 i\u015f&ccedil;i q&uuml;vv\u0259sinin daha ucuz oldu\u011fu Kanada v\u0259 Meksikada ixrac bazalar\u0131 yaratma\u011fa imkan verdi. Bununla bel\u0259, Tramp b&uuml;t&uuml;n avtomobil idxal\u0131na 25% r&uuml;sum t\u0259tbiq etm\u0259k q\u0259rar\u0131na g\u0259lib.<\/p>\n<p>Yeni \u015f\u0259rtl\u0259r daxilind\u0259 Honda AB\u015e-da avtomobil istehsal\u0131n\u0131 30% art\u0131rmaq niyy\u0259tind\u0259dir.<br \/>\nN\u0259tic\u0259d\u0259 AB\u015e-da sat\u0131lan bu markan\u0131n avtomobill\u0259rinin 90%-i AB\u015e istehsal\u0131 olacaq. X&uuml;susil\u0259, CR-V SUV v\u0259 Civic sedan\u0131n\u0131n istehsal\u0131 Kanadadan AB\u015e-a, HR-V modelinin istehsal\u0131 is\u0259 Meksikadan AB\u015e-a k&ouml;&ccedil;&uuml;r&uuml;l\u0259c\u0259k. Bu prosesin \u0259n az\u0131 iki il &ccedil;\u0259k\u0259c\u0259yi g&ouml;zl\u0259nilir.<\/p>\n","protected":false},"excerpt":{"rendered":"<p>&quot;Honda Motor Company&quot; AB\u015e prezidenti Donald Tramp\u0131n administrasiyas\u0131 t\u0259r\u0259find\u0259n avtomobill\u0259r\u0259 t\u0259tbiq edil\u0259n 25% g&ouml;mr&uuml;k r&uuml;sumlar\u0131na g&ouml;r\u0259 Kanada v\u0259 Meksikadan avtomobil v\u0259 hiss\u0259l\u0259rin istehsal\u0131n\u0131 AB\u015e-a k&ouml;&ccedil;&uuml;rm\u0259yi planla\u015fd\u0131r\u0131r. Ucnoqta.az x\u0259b\u0259r verir ki,&hellip;<\/p>\n","protected":false},"author":1,"featured_media":251278,"comment_status":"open","ping_status":"open","sticky":false,"template":"","format":"standard","meta":{"_lmt_disableupdate":"","_lmt_disable":"","footnotes":""},"categories":[99],"tags":[],"class_list":["post-221690","post","type-post","status-publish","format-standard","has-post-thumbnail","hentry","category-avto"],"_links":{"self":[{"href":"https:\/\/ucnoqta.az\/index.php?rest_route=\/wp\/v2\/posts\/221690","targetHints":{"allow":["GET"]}}],"collection":[{"href":"https:\/\/ucnoqta.az\/index.php?rest_route=\/wp\/v2\/posts"}],"about":[{"href":"https:\/\/ucnoqta.az\/index.php?rest_route=\/wp\/v2\/types\/post"}],"author":[{"embeddable":true,"href":"https:\/\/ucnoqta.az\/index.php?rest_route=\/wp\/v2\/users\/1"}],"replies":[{"embeddable":true,"href":"https:\/\/ucnoqta.az\/index.php?rest_route=%2Fwp%2Fv2%2Fcomments&post=221690"}],"version-history":[{"count":0,"href":"https:\/\/ucnoqta.az\/index.php?rest_route=\/wp\/v2\/posts\/221690\/revisions"}],"wp:featuredmedia":[{"embeddable":true,"href":"https:\/\/ucnoqta.az\/index.php?rest_route=\/wp\/v2\/media\/251278"}],"wp:attachment":[{"href":"https:\/\/ucnoqta.az\/index.php?rest_route=%2Fwp%2Fv2%2Fmedia&parent=221690"}],"wp:term":[{"taxonomy":"category","embeddable":true,"href":"https:\/\/ucnoqta.az\/index.php?rest_route=%2Fwp%2Fv2%2Fcategories&post=221690"},{"taxonomy":"post_tag","embeddable":true,"href":"https:\/\/ucnoqta.az\/index.php?rest_route=%2Fwp%2Fv2%2Ftags&post=221690"}],"curies":[{"name":"wp","href":"https:\/\/api.w.org\/{rel}","templated":true}]}}