{"id":221677,"date":"2025-04-16T07:09:03","date_gmt":"2025-04-16T03:09:03","guid":{"rendered":""},"modified":"-0001-11-30T00:00:00","modified_gmt":"-0001-11-29T20:00:00","slug":"","status":"publish","type":"post","link":"https:\/\/ucnoqta.az\/?p=221677","title":{"rendered":"\u0130nfarktlar\u0131n v\u0259 q\u0259fil \u00f6l\u00fcml\u0259rin artmas\u0131 Covid-19 il\u0259 \u0259laq\u0259dard\u0131r?"},"content":{"rendered":"<p><strong>Son zamanlar h\u0259r g&uuml;n e\u015fitdiyiniz infarkt x\u0259b\u0259rl\u0259ri sizi narahat edir? B&uuml;t&uuml;n media kanallar\u0131nda tez-tez i\u015f\u0131q &uuml;z&uuml; g&ouml;r\u0259n infarkt x\u0259b\u0259rl\u0259ri c\u0259miyy\u0259td\u0259 haql\u0131 narahatl\u0131q m&uuml;hiti yaratm\u0131\u015f v\u0259 bu v\u0259ziyy\u0259t f\u0259rdi sa\u011flaml\u0131q probleml\u0259ri il\u0259 yana\u015f\u0131, ictimai sa\u011flaml\u0131q bax\u0131m\u0131ndan da \u0259h\u0259miyy\u0259tli bir problem olaraq ortaya &ccedil;\u0131x\u0131r.<br \/>\n\u0130nfarkt v\u0259 ani &ouml;l&uuml;m hallar\u0131n\u0131n bu b&ouml;y&uuml;k art\u0131m\u0131n\u0131n m&uuml;mk&uuml;n s\u0259b\u0259bl\u0259ri, x&uuml;susil\u0259 d\u0259 son ill\u0259rd\u0259 ya\u015fanan Covid-19 pandemiyas\u0131 il\u0259 bu v\u0259ziyy\u0259t aras\u0131ndak\u0131 potensial \u0259laq\u0259 haqq\u0131nda bir &ccedil;ox ara\u015fd\u0131rma apar\u0131l\u0131r.<\/strong><\/p>\n<p>Ucnoqta.az x\u0259b\u0259r verir ki, m&ouml;vzu il\u0259 ba\u011fl\u0131 fikirl\u0259rini b&ouml;l&uuml;\u015f\u0259n kardioloq Dr.Demet Erciyes bildirib ki son g&uuml;nl\u0259rd\u0259 infarkt x\u0259b\u0259rl\u0259rinin artmas\u0131 ham\u0131m\u0131z\u0131 d\u0259rind\u0259n k\u0259d\u0259rl\u0259ndirir v\u0259 narahat edir.<\/p>\n<p>&ldquo;\u0130nfarkt hadis\u0259l\u0259rinin bu art\u0131m\u0131n\u0131n arxas\u0131nda bir &ccedil;ox s\u0259b\u0259b ola bil\u0259r. D&uuml;nya &Uuml;r\u0259k Federasiyas\u0131n\u0131n haz\u0131rlad\u0131\u011f\u0131 hesabata g&ouml;r\u0259, h\u0259r il t\u0259xmin\u0259n 18 milyon insan &uuml;r\u0259k x\u0259st\u0259likl\u0259rind\u0259n vaxt\u0131ndan \u0259vv\u0259l &ouml;l&uuml;r v\u0259 2030-cu il\u0259 q\u0259d\u0259r bu r\u0259q\u0259min 23 milyona y&uuml;ks\u0259l\u0259c\u0259yi t\u0259xmin edilir.<\/p>\n<p>Sosial mediada tez-tez g&uuml;nd\u0259m\u0259 g\u0259l\u0259n Covid-19 pandemiyas\u0131n\u0131n bu c\u0259dv\u0259l\u0259 t\u0259sirini ara\u015fd\u0131rd\u0131\u011f\u0131m\u0131z zaman Covid-19 mikrobunun birba\u015fa &uuml;r\u0259k \u0259z\u0259l\u0259si v\u0259 damarlar\u0131na z\u0259r\u0259rli t\u0259sir g&ouml;st\u0259r\u0259 bil\u0259c\u0259yini s&ouml;yl\u0259y\u0259 bil\u0259rik.<\/p>\n<p>Bundan \u0259lav\u0259, b\u0259d\u0259nd\u0259 Covid-19 t\u0259r\u0259find\u0259n t&ouml;r\u0259dil\u0259n iltihabi prosesl\u0259r d\u0259 infarkt riskini art\u0131ra bil\u0259r. Covid-19 x\u0259st\u0259si olan insanlar\u0131n uzun m&uuml;dd\u0259t \u0259rzind\u0259 &uuml;r\u0259k ritminin pozulmas\u0131 v\u0259 &uuml;r\u0259k &ccedil;at\u0131\u015fmazl\u0131\u011f\u0131 kimi probleml\u0259rl\u0259 &uuml;zl\u0259\u015f\u0259 bil\u0259c\u0259yi proqnozu bu g&uuml;nl\u0259rd\u0259 ba\u015fqa bir m&uuml;zakir\u0259 m&ouml;vzusudur&rdquo;.<\/p>\n<p>&quot;Pandemiya d&ouml;vr&uuml;nd\u0259 h\u0259yat t\u0259rzimizin d\u0259yi\u015fm\u0259si, fiziki f\u0259aliyy\u0259t s\u0259viyy\u0259mizin azalmas\u0131, qeyri-sa\u011flam qidalanma v\u0259 artan stress kimi faktorlar da &uuml;r\u0259k sa\u011flaml\u0131\u011f\u0131m\u0131za m\u0259nfi t\u0259sir etdi. Covid-19 d&ouml;vr&uuml;nd\u0259 ya\u015fanan &ccedil;\u0259tinlikl\u0259r v\u0259 t\u0259xir\u0259 sal\u0131nan sa\u011flaml\u0131q m&uuml;ayin\u0259l\u0259ri &uuml;r\u0259k probleml\u0259rinin diaqnozunu da gecikdirmi\u015f v\u0259 m&uuml;alic\u0259ni gecikdirmi\u015f ola bil\u0259r&quot; &ndash; kardioloq dedi.<\/p>\n<p>&quot;H\u0259tta Covid-19 infeksiyas\u0131n\u0131n kliniki \u0259h\u0259miyy\u0259tli simptomlar\u0131 olmayan insanlar bel\u0259 bu virusun potensial m\u0259nfi t\u0259sirl\u0259rin\u0259 m\u0259ruz qalm\u0131\u015f ola bil\u0259r&quot;<br \/>\nCovid-19-un &uuml;r\u0259k sa\u011flaml\u0131\u011f\u0131na t\u0259sirin\u0259 toxunan M&uuml;t\u0259x\u0259ssis Dr. Demet Erciyes, &ldquo;Unutmamal\u0131y\u0131q ki, Covid-19 infeksiyas\u0131 birba\u015fa &uuml;r\u0259k \u0259z\u0259l\u0259sin\u0259 v\u0259 damarlar\u0131na ciddi ziyan vura bil\u0259n v\u0259 &ouml;l&uuml;mc&uuml;l n\u0259tic\u0259l\u0259r\u0259 s\u0259b\u0259b ola bil\u0259c\u0259k bir x\u0259st\u0259likdir.<br \/>\nH\u0259tta kliniki olaraq a\u015fkar simptomlar\u0131 olan Covid-19 infeksiyas\u0131 ke&ccedil;irm\u0259mi\u015f insanlar da bu virusun potensial m\u0259nfi t\u0259sirl\u0259rin\u0259 m\u0259ruz qalm\u0131\u015f ola bil\u0259rl\u0259r.<br \/>\nBa\u015fqa s&ouml;zl\u0259, pandemiyan\u0131n ba\u015flan\u011f\u0131c\u0131ndan c\u0259miyy\u0259tin \u0259ks\u0259riyy\u0259tinin Covid-19 mikrobuna m\u0259ruz qald\u0131\u011f\u0131n\u0131 n\u0259z\u0259r\u0259 alsaq, bu mikrobun &uuml;r\u0259y\u0259 m&uuml;xt\u0259lif t\u0259sirl\u0259r g&ouml;st\u0259rm\u0259si v\u0259 uzun m&uuml;dd\u0259t \u0259rzind\u0259 &uuml;r\u0259k-damar sistemind\u0259 poz\u011funluqlara s\u0259b\u0259b ola bil\u0259c\u0259yi ehtimal\u0131 da g&ouml;zard\u0131 edilm\u0259m\u0259lidir&rdquo;, &#8211; dey\u0259 o, x\u0259b\u0259rdarl\u0131q edib.<\/p>\n","protected":false},"excerpt":{"rendered":"<p>Son zamanlar h\u0259r g&uuml;n e\u015fitdiyiniz infarkt x\u0259b\u0259rl\u0259ri sizi narahat edir? B&uuml;t&uuml;n media kanallar\u0131nda tez-tez i\u015f\u0131q &uuml;z&uuml; g&ouml;r\u0259n infarkt x\u0259b\u0259rl\u0259ri c\u0259miyy\u0259td\u0259 haql\u0131 narahatl\u0131q m&uuml;hiti yaratm\u0131\u015f v\u0259 bu v\u0259ziyy\u0259t f\u0259rdi sa\u011flaml\u0131q probleml\u0259ri&hellip;<\/p>\n","protected":false},"author":1,"featured_media":251278,"comment_status":"open","ping_status":"open","sticky":false,"template":"","format":"standard","meta":{"_lmt_disableupdate":"","_lmt_disable":"","footnotes":""},"categories":[100],"tags":[],"class_list":["post-221677","post","type-post","status-publish","format-standard","has-post-thumbnail","hentry","category-diger"],"_links":{"self":[{"href":"https:\/\/ucnoqta.az\/index.php?rest_route=\/wp\/v2\/posts\/221677","targetHints":{"allow":["GET"]}}],"collection":[{"href":"https:\/\/ucnoqta.az\/index.php?rest_route=\/wp\/v2\/posts"}],"about":[{"href":"https:\/\/ucnoqta.az\/index.php?rest_route=\/wp\/v2\/types\/post"}],"author":[{"embeddable":true,"href":"https:\/\/ucnoqta.az\/index.php?rest_route=\/wp\/v2\/users\/1"}],"replies":[{"embeddable":true,"href":"https:\/\/ucnoqta.az\/index.php?rest_route=%2Fwp%2Fv2%2Fcomments&post=221677"}],"version-history":[{"count":0,"href":"https:\/\/ucnoqta.az\/index.php?rest_route=\/wp\/v2\/posts\/221677\/revisions"}],"wp:featuredmedia":[{"embeddable":true,"href":"https:\/\/ucnoqta.az\/index.php?rest_route=\/wp\/v2\/media\/251278"}],"wp:attachment":[{"href":"https:\/\/ucnoqta.az\/index.php?rest_route=%2Fwp%2Fv2%2Fmedia&parent=221677"}],"wp:term":[{"taxonomy":"category","embeddable":true,"href":"https:\/\/ucnoqta.az\/index.php?rest_route=%2Fwp%2Fv2%2Fcategories&post=221677"},{"taxonomy":"post_tag","embeddable":true,"href":"https:\/\/ucnoqta.az\/index.php?rest_route=%2Fwp%2Fv2%2Ftags&post=221677"}],"curies":[{"name":"wp","href":"https:\/\/api.w.org\/{rel}","templated":true}]}}