{"id":221665,"date":"2025-04-15T20:42:41","date_gmt":"2025-04-15T16:42:41","guid":{"rendered":""},"modified":"-0001-11-30T00:00:00","modified_gmt":"-0001-11-29T20:00:00","slug":"","status":"publish","type":"post","link":"https:\/\/ucnoqta.az\/?p=221665","title":{"rendered":"Mehriban \u018fliyeva q\u0131z\u0131 il\u0259 k\u00f6rp\u0259l\u0259r evind\u0259 &#8211;"},"content":{"rendered":"<p><strong>Az\u0259rbaycan\u0131n Birinci vitse-prezidenti Mehriban \u018fliyeva v\u0259 Heyd\u0259r \u018fliyev Fondunun vitse-prezidenti Leyla \u018fliyeva aprelin 15-d\u0259 Bak\u0131n\u0131n N\u0259simi rayonunda yerl\u0259\u015f\u0259n 1 sayl\u0131 k&ouml;rp\u0259l\u0259r evind\u0259 v\u0259 Nizami rayonundak\u0131 1 sayl\u0131 u\u015faq evi sosial xidm\u0259t m&uuml;\u0259ssis\u0259sind\u0259 olublar.<\/strong><\/p>\n<p>Ucnoqta.az x\u0259b\u0259r verir ki, 1 sayl\u0131 k&ouml;rp\u0259l\u0259r evind\u0259 haz\u0131rda 3 ya\u015fad\u0259k 63 u\u015faq var. Birinci vitse-prezident Mehriban \u018fliyeva v\u0259 Heyd\u0259r \u018fliyev Fondunun vitse-prezidenti Leyla \u018fliyeva m&uuml;t\u0259madi sur\u0259td\u0259 burada olur, k&ouml;rp\u0259l\u0259rin sa\u011flaml\u0131qlar\u0131, onlar\u0131n ya\u015fay\u0131\u015f \u015f\u0259raiti il\u0259 daim maraqlan\u0131r, balacalara x&uuml;susi qay\u011f\u0131 il\u0259 yana\u015f\u0131rlar.<\/p>\n<p>Qeyd ed\u0259k ki, k&ouml;rp\u0259l\u0259r evinin 1930-cu ild\u0259 tikil\u0259n binas\u0131nda Heyd\u0259r \u018fliyev Fondunun t\u0259\u015f\u0259bb&uuml;s&uuml; il\u0259 \u0259sasl\u0131 t\u0259mir v\u0259 yenid\u0259nqurma i\u015fl\u0259ri apar\u0131l\u0131b. 2015-ci il may\u0131n 10-da Az\u0259rbaycan\u0131n birinci xan\u0131m\u0131 Mehriban \u018fliyevan\u0131n i\u015ftirak\u0131 il\u0259 k&ouml;rp\u0259l\u0259r evinin a&ccedil;\u0131l\u0131\u015f\u0131 olub.<\/p>\n<p>Daim n\u0259cib t\u0259\u015f\u0259bb&uuml;sl\u0259ri il\u0259 se&ccedil;il\u0259n Heyd\u0259r \u018fliyev Fondu valideyn himay\u0259sind\u0259n m\u0259hrum olan u\u015faqlar\u0131n fiziki v\u0259 m\u0259n\u0259vi c\u0259h\u0259td\u0259n sa\u011flam yeti\u015fm\u0259sin\u0259, onlar\u0131n savadl\u0131 olmas\u0131na x&uuml;susi diqq\u0259tl\u0259 yana\u015f\u0131r. Bel\u0259likl\u0259, g\u0259l\u0259c\u0259yimiz olan u\u015faqlarla ba\u011fl\u0131 Az\u0259rbaycan d&ouml;vl\u0259tinin h\u0259yata ke&ccedil;irdiyi siyas\u0259t\u0259 m&uuml;h&uuml;m t&ouml;hf\u0259l\u0259r verir.<\/p>\n<p>Sonra Birinci vitse-prezident Mehriban \u018fliyeva v\u0259 Leyla \u018fliyeva 1 sayl\u0131 u\u015faq evi sosial xidm\u0259t m&uuml;\u0259ssis\u0259sind\u0259 oldular.<\/p>\n<p>Birinci xan\u0131m Mehriban \u018fliyeva v\u0259 Leyla \u018fliyeva bu m&uuml;\u0259ssis\u0259ni d\u0259 tez-tez ziyar\u0259t edir, bayram g&uuml;nl\u0259rind\u0259 buran\u0131n sakinl\u0259ri il\u0259 g&ouml;r&uuml;\u015f&uuml;r, onlar\u0131 h\u0259diyy\u0259l\u0259rl\u0259 sevindirirl\u0259r.<\/p>\n<p>Haz\u0131rda 1 sayl\u0131 u\u015faq evi sosial xidm\u0259t m&uuml;\u0259ssis\u0259sind\u0259 3 ya\u015fdan 18 ya\u015fad\u0259k 100 u\u015faq var. Onlar\u0131n t\u0259hsil almas\u0131, idmanla m\u0259\u015f\u011ful olmas\u0131 v\u0259 sa\u011flaml\u0131qlar\u0131n\u0131n t\u0259min edilm\u0259si &uuml;&ccedil;&uuml;n burada h\u0259r c&uuml;r \u015f\u0259rait yarad\u0131l\u0131b.<\/p>\n<p>M&uuml;\u0259ssis\u0259nin sakinl\u0259ri sevimli qonaqlar\u0131 olan birinci xan\u0131m Mehriban \u018fliyeva v\u0259 Leyla \u018fliyevan\u0131 h\u0259mi\u015f\u0259 \u015feir, mahn\u0131 v\u0259 \u0259d\u0259bi proqramla qar\u015f\u0131lay\u0131blar. Bu d\u0259f\u0259 d\u0259 istisna olmad\u0131.<\/p>\n<p>Heyd\u0259r \u018fliyev Fondu yarand\u0131\u011f\u0131 g&uuml;nd\u0259n bu m&uuml;\u0259ssis\u0259ni diqq\u0259td\u0259 saxlay\u0131r, burada ya\u015fayan yeniyetm\u0259l\u0259rin ali t\u0259hsil m&uuml;\u0259ssis\u0259l\u0259rind\u0259 oxumas\u0131, onlar\u0131n i\u015fl\u0259 t\u0259min edilm\u0259si, pe\u015f\u0259 v\u0259rdi\u015fl\u0259rinin a\u015fkara &ccedil;\u0131xar\u0131lmas\u0131 istiqam\u0259tind\u0259 m&uuml;h&uuml;m i\u015fl\u0259r g&ouml;r&uuml;r. Heyd\u0259r \u018fliyev Fondunun d\u0259st\u0259yi il\u0259 \u0259sasl\u0131 t\u0259mir olunan bu m&uuml;\u0259ssis\u0259nin a&ccedil;\u0131l\u0131\u015f\u0131 2005-ci ild\u0259 Az\u0259rbaycan\u0131n birinci xan\u0131m\u0131n\u0131n i\u015ftirak\u0131 il\u0259 olub. 2017-ci ild\u0259 is\u0259 buran\u0131n iki sakini ail\u0259 h\u0259yat\u0131 qurub. Onlar\u0131n toyu Heyd\u0259r \u018fliyev Fondu t\u0259r\u0259find\u0259n t\u0259\u015fkil edilib, g\u0259ncl\u0259r\u0259 m\u0259nzil v\u0259 avtomobil h\u0259diyy\u0259 olunub.<\/p>\n<p>&nbsp;<\/p>\n<p><img decoding=\"async\" alt=\"\" src=\"https:\/\/qafqazinfo.az\/uploads\/1744732103\/17447315836373056470_1200x630.jpg\" title=\"\" \/><br \/>\n<img decoding=\"async\" alt=\"\" src=\"https:\/\/qafqazinfo.az\/uploads\/1744732103\/17447315833225234541_1200x630.jpg\" title=\"\" \/><br \/>\n<img decoding=\"async\" alt=\"\" src=\"https:\/\/qafqazinfo.az\/uploads\/1744732103\/17447315833057244731_1200x630.jpg\" title=\"\" \/><br \/>\n<img decoding=\"async\" alt=\"\" src=\"https:\/\/qafqazinfo.az\/uploads\/1744732103\/1744731583600073968_1200x630.jpg\" title=\"\" \/><br \/>\n<img decoding=\"async\" alt=\"\" src=\"https:\/\/qafqazinfo.az\/uploads\/1744732103\/17447315832846314_1200x630.jpg\" title=\"\" \/><br \/>\n<img decoding=\"async\" alt=\"\" src=\"https:\/\/qafqazinfo.az\/uploads\/1744732103\/1744731583694211906_1200x630.jpg\" title=\"\" \/><br \/>\n<img decoding=\"async\" alt=\"\" src=\"https:\/\/qafqazinfo.az\/uploads\/1744732103\/1744731583300865426_1200x630.jpg\" title=\"\" \/><br \/>\n<img decoding=\"async\" alt=\"\" src=\"https:\/\/qafqazinfo.az\/uploads\/1744732103\/17447315835567951180_1200x630.jpg\" title=\"\" \/><br \/>\n<img decoding=\"async\" alt=\"\" src=\"https:\/\/qafqazinfo.az\/uploads\/1744732103\/17447315831437446757_1200x630.jpg\" title=\"\" \/><br \/>\n<img decoding=\"async\" alt=\"\" src=\"https:\/\/qafqazinfo.az\/uploads\/1744732103\/17447315833326260748_1200x630.jpg\" title=\"\" \/><br \/>\n<img decoding=\"async\" alt=\"\" src=\"https:\/\/qafqazinfo.az\/uploads\/1744732103\/17447315832976037184_1200x630.jpg\" title=\"\" \/><br \/>\n<img decoding=\"async\" alt=\"\" src=\"https:\/\/qafqazinfo.az\/uploads\/1744732103\/17447315835929429181_1200x630.jpg\" title=\"\" \/><br \/>\n<img decoding=\"async\" alt=\"\" src=\"https:\/\/qafqazinfo.az\/uploads\/1744732103\/17447315834567863145_1200x630.jpg\" title=\"\" \/><br \/>\n<img decoding=\"async\" alt=\"\" src=\"https:\/\/qafqazinfo.az\/uploads\/1744732103\/17447315834226658385_1200x630.jpg\" title=\"\" \/><br \/>\n<img decoding=\"async\" alt=\"\" src=\"https:\/\/qafqazinfo.az\/uploads\/1744732103\/17447315835273239310_1200x630.jpg\" title=\"\" \/><br \/>\n<img decoding=\"async\" alt=\"\" src=\"https:\/\/qafqazinfo.az\/uploads\/1744732103\/17447315832025018602_1200x630.jpg\" title=\"\" \/><br \/>\n<img decoding=\"async\" alt=\"\" src=\"https:\/\/qafqazinfo.az\/uploads\/1744732103\/17447315831679561168_1200x630.jpg\" title=\"\" \/><br \/>\n<img decoding=\"async\" alt=\"\" src=\"https:\/\/qafqazinfo.az\/uploads\/1744732103\/1744731583351464584_1200x630.jpg\" title=\"\" \/><br \/>\n<img decoding=\"async\" alt=\"\" src=\"https:\/\/qafqazinfo.az\/uploads\/1744732103\/17447315836218664000_1200x630.jpg\" title=\"\" \/><br \/>\n<img decoding=\"async\" alt=\"\" src=\"https:\/\/qafqazinfo.az\/uploads\/1744732103\/17447315834548428690_1200x630.jpg\" title=\"\" \/><br \/>\n<img decoding=\"async\" alt=\"\" src=\"https:\/\/qafqazinfo.az\/uploads\/1744732103\/17447315835639024523_1200x630.jpg\" title=\"\" \/><br \/>\n<img decoding=\"async\" alt=\"\" src=\"https:\/\/qafqazinfo.az\/uploads\/1744732103\/1744731583427227686_1200x630.jpg\" title=\"\" \/><br \/>\n<img decoding=\"async\" alt=\"\" src=\"https:\/\/qafqazinfo.az\/uploads\/1744732793\/21111111111111111.jpg\" title=\"\" \/><\/p>\n","protected":false},"excerpt":{"rendered":"<p>Az\u0259rbaycan\u0131n Birinci vitse-prezidenti Mehriban \u018fliyeva v\u0259 Heyd\u0259r \u018fliyev Fondunun vitse-prezidenti Leyla \u018fliyeva aprelin 15-d\u0259 Bak\u0131n\u0131n N\u0259simi rayonunda yerl\u0259\u015f\u0259n 1 sayl\u0131 k&ouml;rp\u0259l\u0259r evind\u0259 v\u0259 Nizami rayonundak\u0131 1 sayl\u0131 u\u015faq evi sosial&hellip;<\/p>\n","protected":false},"author":1,"featured_media":251278,"comment_status":"open","ping_status":"open","sticky":false,"template":"","format":"standard","meta":{"_lmt_disableupdate":"","_lmt_disable":"","footnotes":""},"categories":[101],"tags":[],"class_list":["post-221665","post","type-post","status-publish","format-standard","has-post-thumbnail","hentry","category-cemiyyet"],"_links":{"self":[{"href":"https:\/\/ucnoqta.az\/index.php?rest_route=\/wp\/v2\/posts\/221665","targetHints":{"allow":["GET"]}}],"collection":[{"href":"https:\/\/ucnoqta.az\/index.php?rest_route=\/wp\/v2\/posts"}],"about":[{"href":"https:\/\/ucnoqta.az\/index.php?rest_route=\/wp\/v2\/types\/post"}],"author":[{"embeddable":true,"href":"https:\/\/ucnoqta.az\/index.php?rest_route=\/wp\/v2\/users\/1"}],"replies":[{"embeddable":true,"href":"https:\/\/ucnoqta.az\/index.php?rest_route=%2Fwp%2Fv2%2Fcomments&post=221665"}],"version-history":[{"count":0,"href":"https:\/\/ucnoqta.az\/index.php?rest_route=\/wp\/v2\/posts\/221665\/revisions"}],"wp:featuredmedia":[{"embeddable":true,"href":"https:\/\/ucnoqta.az\/index.php?rest_route=\/wp\/v2\/media\/251278"}],"wp:attachment":[{"href":"https:\/\/ucnoqta.az\/index.php?rest_route=%2Fwp%2Fv2%2Fmedia&parent=221665"}],"wp:term":[{"taxonomy":"category","embeddable":true,"href":"https:\/\/ucnoqta.az\/index.php?rest_route=%2Fwp%2Fv2%2Fcategories&post=221665"},{"taxonomy":"post_tag","embeddable":true,"href":"https:\/\/ucnoqta.az\/index.php?rest_route=%2Fwp%2Fv2%2Ftags&post=221665"}],"curies":[{"name":"wp","href":"https:\/\/api.w.org\/{rel}","templated":true}]}}