{"id":221662,"date":"2025-04-15T19:03:13","date_gmt":"2025-04-15T15:03:13","guid":{"rendered":""},"modified":"-0001-11-30T00:00:00","modified_gmt":"-0001-11-29T20:00:00","slug":"","status":"publish","type":"post","link":"https:\/\/ucnoqta.az\/?p=221662","title":{"rendered":"Sabah d\u0259rs olmayacaq? &#8211;"},"content":{"rendered":"<p><strong>&Ouml;lk\u0259d\u0259 m&uuml;\u015fahid\u0259 edil\u0259n qeyri-sabit hava \u015f\u0259raiti il\u0259 \u0259laq\u0259dar t\u0259hsil m&uuml;\u0259ssis\u0259l\u0259rind\u0259 \u015fagirdl\u0259rin d\u0259rs\u0259 davamiyy\u0259tind\u0259 m\u0259nfi dinamika m&uuml;\u015fahid\u0259 edilmir.<\/strong><\/p>\n<p>Bu bar\u0259d\u0259 Milli.Az-\u0131n sor\u011fusuna cavab olaraq M\u0259kt\u0259b\u0259q\u0259d\u0259r v\u0259 &Uuml;mumi T\u0259hsil &uuml;zr\u0259 D&ouml;vl\u0259t Agentliyind\u0259n (M&Uuml;TDA) m\u0259lumat verilib.<\/p>\n<p>Bildirilib ki, t\u0259lim-t\u0259dris prosesi fasil\u0259siz \u015f\u0259kild\u0259 davam edir.<\/p>\n<p>Qeyd ed\u0259k ki, sosial \u015f\u0259b\u0259k\u0259l\u0259rd\u0259 hava \u015f\u0259raiti il\u0259 \u0259laq\u0259dar d\u0259rsl\u0259rin olmayaca\u011f\u0131 il\u0259 ba\u011fl\u0131 x\u0259b\u0259rl\u0259r yay\u0131lm\u0131\u015fd\u0131. M&Uuml;TDA is\u0259 bunu inkar ed\u0259r\u0259k, \u0259halini bel\u0259 dezinformasiyalara inanmama\u011fa &ccedil;a\u011f\u0131r\u0131b.&nbsp;<\/p>\n<p>Xat\u0131rladaq ki, bu gec\u0259d\u0259n ba\u015flayaq &ouml;lk\u0259d\u0259 leysan xarakterli ya\u011f\u0131\u015flar ya\u011facaq.<\/p>\n","protected":false},"excerpt":{"rendered":"<p>&Ouml;lk\u0259d\u0259 m&uuml;\u015fahid\u0259 edil\u0259n qeyri-sabit hava \u015f\u0259raiti il\u0259 \u0259laq\u0259dar t\u0259hsil m&uuml;\u0259ssis\u0259l\u0259rind\u0259 \u015fagirdl\u0259rin d\u0259rs\u0259 davamiyy\u0259tind\u0259 m\u0259nfi dinamika m&uuml;\u015fahid\u0259 edilmir. Bu bar\u0259d\u0259 Milli.Az-\u0131n sor\u011fusuna cavab olaraq M\u0259kt\u0259b\u0259q\u0259d\u0259r v\u0259 &Uuml;mumi T\u0259hsil &uuml;zr\u0259 D&ouml;vl\u0259t Agentliyind\u0259n&hellip;<\/p>\n","protected":false},"author":1,"featured_media":251278,"comment_status":"open","ping_status":"open","sticky":false,"template":"","format":"standard","meta":{"_lmt_disableupdate":"","_lmt_disable":"","footnotes":""},"categories":[91],"tags":[],"class_list":["post-221662","post","type-post","status-publish","format-standard","has-post-thumbnail","hentry","category-olkeici"],"_links":{"self":[{"href":"https:\/\/ucnoqta.az\/index.php?rest_route=\/wp\/v2\/posts\/221662","targetHints":{"allow":["GET"]}}],"collection":[{"href":"https:\/\/ucnoqta.az\/index.php?rest_route=\/wp\/v2\/posts"}],"about":[{"href":"https:\/\/ucnoqta.az\/index.php?rest_route=\/wp\/v2\/types\/post"}],"author":[{"embeddable":true,"href":"https:\/\/ucnoqta.az\/index.php?rest_route=\/wp\/v2\/users\/1"}],"replies":[{"embeddable":true,"href":"https:\/\/ucnoqta.az\/index.php?rest_route=%2Fwp%2Fv2%2Fcomments&post=221662"}],"version-history":[{"count":0,"href":"https:\/\/ucnoqta.az\/index.php?rest_route=\/wp\/v2\/posts\/221662\/revisions"}],"wp:featuredmedia":[{"embeddable":true,"href":"https:\/\/ucnoqta.az\/index.php?rest_route=\/wp\/v2\/media\/251278"}],"wp:attachment":[{"href":"https:\/\/ucnoqta.az\/index.php?rest_route=%2Fwp%2Fv2%2Fmedia&parent=221662"}],"wp:term":[{"taxonomy":"category","embeddable":true,"href":"https:\/\/ucnoqta.az\/index.php?rest_route=%2Fwp%2Fv2%2Fcategories&post=221662"},{"taxonomy":"post_tag","embeddable":true,"href":"https:\/\/ucnoqta.az\/index.php?rest_route=%2Fwp%2Fv2%2Ftags&post=221662"}],"curies":[{"name":"wp","href":"https:\/\/api.w.org\/{rel}","templated":true}]}}