{"id":221660,"date":"2025-04-15T18:50:56","date_gmt":"2025-04-15T14:50:56","guid":{"rendered":""},"modified":"-0001-11-30T00:00:00","modified_gmt":"-0001-11-29T20:00:00","slug":"","status":"publish","type":"post","link":"https:\/\/ucnoqta.az\/?p=221660","title":{"rendered":"H\u018fMAS-\u0131n be\u015finci komandiri \u00f6ld\u00fcr\u00fcld\u00fc"},"content":{"rendered":"<p><strong>\u0130srail h\u0259rb&ccedil;il\u0259ri Q\u0259zza \u015f\u0259h\u0259rinin \u018f\u015f-\u015e&uuml;cayya rayonunda radikal F\u0259l\u0259stinin H\u018fMAS h\u0259r\u0259kat\u0131n\u0131n h\u0259rbi qanad\u0131n\u0131n yerli batalyonunun komandirini &ouml;ld&uuml;r&uuml;bl\u0259r.<\/strong><\/p>\n<p>Ucnoqta.az x\u0259b\u0259r verir ki, bu bar\u0259d\u0259 ordunun m\u0259tbuat xidm\u0259ti m\u0259lumat yay\u0131b.<\/p>\n<p>M\u0259lumata g&ouml;r\u0259, M\u0259h\u0259mm\u0259d \u0259l-Ajlah Q\u0259zzada ged\u0259n d&ouml;y&uuml;\u015fl\u0259r zaman\u0131&nbsp;&ouml;z batalyonunu silahla t\u0259min etm\u0259y\u0259 cavabdeh olub.<\/p>\n<p>Qeyd olunur ki, \u018fl-Ajlah \u018fl-\u015e&uuml;cayyadak\u0131 H\u0259mas batalyonunun m&uuml;harib\u0259nin \u0259vv\u0259lind\u0259n m\u0259hv edil\u0259n be\u015finci, Q\u0259zzada \u0259m\u0259liyyatlar\u0131n b\u0259rpas\u0131ndan sonra is\u0259 &uuml;&ccedil;&uuml;nc&uuml; komandirdir.<\/p>\n","protected":false},"excerpt":{"rendered":"<p>\u0130srail h\u0259rb&ccedil;il\u0259ri Q\u0259zza \u015f\u0259h\u0259rinin \u018f\u015f-\u015e&uuml;cayya rayonunda radikal F\u0259l\u0259stinin H\u018fMAS h\u0259r\u0259kat\u0131n\u0131n h\u0259rbi qanad\u0131n\u0131n yerli batalyonunun komandirini &ouml;ld&uuml;r&uuml;bl\u0259r. Ucnoqta.az x\u0259b\u0259r verir ki, bu bar\u0259d\u0259 ordunun m\u0259tbuat xidm\u0259ti m\u0259lumat yay\u0131b. M\u0259lumata g&ouml;r\u0259, M\u0259h\u0259mm\u0259d&hellip;<\/p>\n","protected":false},"author":1,"featured_media":251278,"comment_status":"open","ping_status":"open","sticky":false,"template":"","format":"standard","meta":{"_lmt_disableupdate":"","_lmt_disable":"","footnotes":""},"categories":[89],"tags":[],"class_list":["post-221660","post","type-post","status-publish","format-standard","has-post-thumbnail","hentry","category-dunya-butun-xeberler"],"_links":{"self":[{"href":"https:\/\/ucnoqta.az\/index.php?rest_route=\/wp\/v2\/posts\/221660","targetHints":{"allow":["GET"]}}],"collection":[{"href":"https:\/\/ucnoqta.az\/index.php?rest_route=\/wp\/v2\/posts"}],"about":[{"href":"https:\/\/ucnoqta.az\/index.php?rest_route=\/wp\/v2\/types\/post"}],"author":[{"embeddable":true,"href":"https:\/\/ucnoqta.az\/index.php?rest_route=\/wp\/v2\/users\/1"}],"replies":[{"embeddable":true,"href":"https:\/\/ucnoqta.az\/index.php?rest_route=%2Fwp%2Fv2%2Fcomments&post=221660"}],"version-history":[{"count":0,"href":"https:\/\/ucnoqta.az\/index.php?rest_route=\/wp\/v2\/posts\/221660\/revisions"}],"wp:featuredmedia":[{"embeddable":true,"href":"https:\/\/ucnoqta.az\/index.php?rest_route=\/wp\/v2\/media\/251278"}],"wp:attachment":[{"href":"https:\/\/ucnoqta.az\/index.php?rest_route=%2Fwp%2Fv2%2Fmedia&parent=221660"}],"wp:term":[{"taxonomy":"category","embeddable":true,"href":"https:\/\/ucnoqta.az\/index.php?rest_route=%2Fwp%2Fv2%2Fcategories&post=221660"},{"taxonomy":"post_tag","embeddable":true,"href":"https:\/\/ucnoqta.az\/index.php?rest_route=%2Fwp%2Fv2%2Ftags&post=221660"}],"curies":[{"name":"wp","href":"https:\/\/api.w.org\/{rel}","templated":true}]}}