{"id":221646,"date":"2025-04-15T14:36:50","date_gmt":"2025-04-15T10:36:50","guid":{"rendered":""},"modified":"-0001-11-30T00:00:00","modified_gmt":"-0001-11-29T20:00:00","slug":"","status":"publish","type":"post","link":"https:\/\/ucnoqta.az\/?p=221646","title":{"rendered":"Sahil Babayev M\u0259mm\u0259d Musayevi v\u0259zif\u0259zind\u0259n k\u0259narla\u015fd\u0131rd\u0131"},"content":{"rendered":"<p><strong>Bu g&uuml;n &quot;Aqrarkredit&quot; QSC-nin S\u0259hmdar\u0131n\u0131n n&ouml;vb\u0259d\u0259nk\u0259nar &uuml;mumi y\u0131\u011f\u0131nca\u011f\u0131 ke&ccedil;irilib, \u0130dar\u0259 Hey\u0259tinin yeni t\u0259rkibi t\u0259sdiq edilib.<\/strong><\/p>\n<p>Ucnoqta.az x\u0259b\u0259r verir ki, bu bar\u0259d\u0259 Maliyy\u0259 Nazirliyi m\u0259lumat yay\u0131b.<\/p>\n<p>Bildirilib ki, maliyy\u0259 naziri Sahil Babayevin s\u0259drliyi il\u0259 ke&ccedil;iril\u0259n y\u0131\u011f\u0131ncaqda QSC-nin \u0130dar\u0259 Hey\u0259tinin &uuml;zvl\u0259rinin s\u0259lahiyy\u0259t m&uuml;dd\u0259tl\u0259rinin ba\u015fa &ccedil;atmas\u0131 il\u0259 \u0259laq\u0259dar olaraq yeni t\u0259rkibin formala\u015fd\u0131r\u0131lmas\u0131 m\u0259s\u0259l\u0259si m&uuml;zakir\u0259 olunub.<\/p>\n<p>Qeyd olunub ki, &quot;Aqrarkredit&rdquo;in Nizamnam\u0259sin\u0259 \u0259sas\u0259n \u0130dar\u0259 Hey\u0259tinin &uuml;zvl\u0259ri S\u0259hmdar\u0131n &uuml;mumi y\u0131\u011f\u0131nca\u011f\u0131 t\u0259r\u0259find\u0259n 4 ild\u0259n &ccedil;ox olmayan m&uuml;dd\u0259t\u0259 se&ccedil;ilirl\u0259r.<\/p>\n<p>S.Babayev s\u0259lahiyy\u0259t m&uuml;dd\u0259tl\u0259ri ba\u015fa &ccedil;atan \u0130dar\u0259 hey\u0259tinin &uuml;zvl\u0259rin\u0259, o c&uuml;ml\u0259d\u0259n s\u0259dr M\u0259mm\u0259d Musayev\u0259 &ouml;z t\u0259\u015f\u0259kk&uuml;r&uuml;n&uuml; bildirib.<\/p>\n<p>Nazir &ouml;t\u0259n m&uuml;dd\u0259t \u0259rzind\u0259 &quot;Aqrarkredit&rdquo; QSC-nin dayan\u0131ql\u0131, m\u0259nf\u0259\u0259tli maliyy\u0259 kredit institutu kimi &ouml;lk\u0259nin aqrar sektoruna bank xidm\u0259ti g&ouml;st\u0259rdiyini, eyni zamanda &quot;Az\u0259rbaycan Beyn\u0259lxalq Bank\u0131&rdquo; ASC-nin problemli aktivl\u0259rinin idar\u0259edilm\u0259si v\u0259 optimalla\u015fd\u0131r\u0131lmas\u0131, &ouml;d\u0259m\u0259 vaxt\u0131 ke&ccedil;mi\u015f kredit borclar\u0131n\u0131n qaytar\u0131lmas\u0131 istiqam\u0259tind\u0259 s\u0259m\u0259r\u0259li f\u0259aliyy\u0259t g&ouml;st\u0259rdiyini qeyd edib.<\/p>\n<p>Y\u0131\u011f\u0131ncaqda QSC-nin \u0130dar\u0259 Hey\u0259tinin yeni t\u0259rkibi t\u0259sdiq edilib. Y\u0131\u011f\u0131nca\u011f\u0131n q\u0259rar\u0131na \u0259sas\u0259n \u0130lham K\u0259l\u0259\u015fov, R\u0259c\u0259b H&uuml;seynov v\u0259 Cahid Quluzad\u0259 \u0130dar\u0259 Hey\u0259tin\u0259 yeni &uuml;zvl\u0259r se&ccedil;ilibl\u0259r. Eyni zamanda, \u0130.K\u0259l\u0259\u015fov \u0130dar\u0259 Hey\u0259ti s\u0259drinin birinci m&uuml;avini v\u0259 s\u0259drin s\u0259lahiyy\u0259tl\u0259rinin m&uuml;v\u0259qq\u0259ti icra&ccedil;\u0131s\u0131, R.H&uuml;seynov is\u0259 s\u0259dr m&uuml;avini t\u0259yin olunublar.<\/p>\n<p>S.Babayev \u0130dar\u0259 Hey\u0259tinin yeni &uuml;zvl\u0259rini t\u0259brik ed\u0259r\u0259k onlara u\u011furlar arzulay\u0131b, &quot;Aqrarkredit&rdquo; QSC-nin &ouml;z f\u0259aliyy\u0259tini m&uuml;asir d&ouml;vr&uuml;n &ccedil;a\u011f\u0131r\u0131\u015flar\u0131na uy\u011fun quraraq, regionlarda sosial-iqtisadi inki\u015faf\u0131n t\u0259min edilm\u0259si, k\u0259nd yerl\u0259rind\u0259 f\u0259aliyy\u0259t g&ouml;st\u0259r\u0259n sahibkarlara kreditl\u0259rin verilm\u0259si, \u0259haliy\u0259 g&ouml;st\u0259ril\u0259n maliyy\u0259-kredit xidm\u0259tl\u0259rinin keyfiyy\u0259tinin yax\u015f\u0131la\u015fd\u0131r\u0131lmas\u0131 v\u0259 bu sah\u0259d\u0259 m&ouml;vcud olan \u0259n m&uuml;t\u0259r\u0259qqi &uuml;sullar\u0131 t\u0259tbiq etm\u0259kl\u0259 m&ouml;ht\u0259r\u0259m Prezidentimiz c\u0259nab \u0130lham \u018fliyevin xalq\u0131n rifah\u0131n\u0131n yax\u015f\u0131la\u015fd\u0131r\u0131lmas\u0131na v\u0259 &ouml;lk\u0259 iqtisadiyyat\u0131n\u0131n g&uuml;cl\u0259ndirilm\u0259sin\u0259 y&ouml;n\u0259ldilmi\u015f m\u0259qs\u0259dy&ouml;nl&uuml; siyas\u0259tin\u0259 bundan sonra da m&uuml;h&uuml;m t&ouml;hf\u0259 ver\u0259c\u0259yin\u0259 \u0259min oldu\u011funu bildirib.<\/p>\n<p>Aqrarkredit&rdquo; Nazirl\u0259r Kabinetinin 14 aprel 2001-ci il tarixli 65s n&ouml;mr\u0259li S\u0259r\u0259ncam\u0131 il\u0259 yarad\u0131l\u0131b v\u0259 Az\u0259rbaycan Respublikas\u0131 S\u0259hmdar Kommersiya Aqrar-S\u0259naye Bank\u0131n\u0131n h&uuml;quqi varisidir.<\/p>\n<p>&quot;Nizamnam\u0259 kapital\u0131nda d&ouml;vl\u0259t\u0259 m\u0259xsus s\u0259hml\u0259r olan banklar\u0131n v\u0259 bank olmayan kredit t\u0259\u015fkilatlar\u0131n\u0131n idar\u0259 edilm\u0259sind\u0259 d&ouml;vl\u0259tin i\u015ftirak\u0131 qaydas\u0131 haqq\u0131nda&rdquo; Az\u0259rbaycan Respublikas\u0131 Prezidentinin 7 avqust 2009-cu il tarixli 144 \u2116-li F\u0259rman\u0131 il\u0259 Maliyy\u0259 Nazirliyi &quot;Aqrarkredit&rdquo; QSC-nin S\u0259hmdar\u0131 olaraq &ccedil;\u0131x\u0131\u015f edir. &quot;Aqrarkredit&rdquo; QSC-nin s\u0259hml\u0259rinin 100%-i d&ouml;vl\u0259t\u0259 m\u0259xsusdur. QSC ba\u015f ofis v\u0259 b&ouml;lg\u0259l\u0259rd\u0259 f\u0259aliyy\u0259t g&ouml;st\u0259r\u0259n 12 filialdan ibar\u0259tdir.<\/p>\n","protected":false},"excerpt":{"rendered":"<p>Bu g&uuml;n &quot;Aqrarkredit&quot; QSC-nin S\u0259hmdar\u0131n\u0131n n&ouml;vb\u0259d\u0259nk\u0259nar &uuml;mumi y\u0131\u011f\u0131nca\u011f\u0131 ke&ccedil;irilib, \u0130dar\u0259 Hey\u0259tinin yeni t\u0259rkibi t\u0259sdiq edilib. Ucnoqta.az x\u0259b\u0259r verir ki, bu bar\u0259d\u0259 Maliyy\u0259 Nazirliyi m\u0259lumat yay\u0131b. Bildirilib ki, maliyy\u0259 naziri Sahil&hellip;<\/p>\n","protected":false},"author":1,"featured_media":251278,"comment_status":"open","ping_status":"open","sticky":false,"template":"","format":"standard","meta":{"_lmt_disableupdate":"","_lmt_disable":"","footnotes":""},"categories":[101],"tags":[],"class_list":["post-221646","post","type-post","status-publish","format-standard","has-post-thumbnail","hentry","category-cemiyyet"],"_links":{"self":[{"href":"https:\/\/ucnoqta.az\/index.php?rest_route=\/wp\/v2\/posts\/221646","targetHints":{"allow":["GET"]}}],"collection":[{"href":"https:\/\/ucnoqta.az\/index.php?rest_route=\/wp\/v2\/posts"}],"about":[{"href":"https:\/\/ucnoqta.az\/index.php?rest_route=\/wp\/v2\/types\/post"}],"author":[{"embeddable":true,"href":"https:\/\/ucnoqta.az\/index.php?rest_route=\/wp\/v2\/users\/1"}],"replies":[{"embeddable":true,"href":"https:\/\/ucnoqta.az\/index.php?rest_route=%2Fwp%2Fv2%2Fcomments&post=221646"}],"version-history":[{"count":0,"href":"https:\/\/ucnoqta.az\/index.php?rest_route=\/wp\/v2\/posts\/221646\/revisions"}],"wp:featuredmedia":[{"embeddable":true,"href":"https:\/\/ucnoqta.az\/index.php?rest_route=\/wp\/v2\/media\/251278"}],"wp:attachment":[{"href":"https:\/\/ucnoqta.az\/index.php?rest_route=%2Fwp%2Fv2%2Fmedia&parent=221646"}],"wp:term":[{"taxonomy":"category","embeddable":true,"href":"https:\/\/ucnoqta.az\/index.php?rest_route=%2Fwp%2Fv2%2Fcategories&post=221646"},{"taxonomy":"post_tag","embeddable":true,"href":"https:\/\/ucnoqta.az\/index.php?rest_route=%2Fwp%2Fv2%2Ftags&post=221646"}],"curies":[{"name":"wp","href":"https:\/\/api.w.org\/{rel}","templated":true}]}}