{"id":218225,"date":"2025-02-13T15:46:55","date_gmt":"2025-02-13T11:46:55","guid":{"rendered":""},"modified":"-0001-11-30T00:00:00","modified_gmt":"-0001-11-29T20:00:00","slug":"","status":"publish","type":"post","link":"https:\/\/ucnoqta.az\/?p=218225","title":{"rendered":"Prezidentd\u0259n Maqsud \u0130brahimb\u0259yovla ba\u011fl\u0131"},"content":{"rendered":"<p>Maqsud \u0130brahimb\u0259yovun 90 illiyi qeyd edil\u0259c\u0259k.<\/p>\n<p>Ucnoqta.az x\u0259b\u0259r verir ki, Prezident \u0130lham \u018fliyev bununla ba\u011fl\u0131 S\u0259r\u0259ncam imzalay\u0131b.<\/p>\n<p>S\u0259r\u0259ncamda qeyd edilib ki, 2025-ci ilin may ay\u0131nda Az\u0259rbaycan \u0259d\u0259biyyat\u0131n\u0131n g&ouml;rk\u0259mli n&uuml;may\u0259nd\u0259si, Xalq yaz\u0131&ccedil;\u0131s\u0131, D&ouml;vl\u0259t m&uuml;kafat\u0131 laureat\u0131, tan\u0131nm\u0131\u015f ictimai xadim Maqsud M\u0259mm\u0259dibrahim o\u011flu \u0130brahimb\u0259yovun anadan olmas\u0131n\u0131n 90 ili tamam olur.<\/p>\n<p>&quot;Maqsud \u0130brahimb\u0259yov parlaq istedada malik nasir kimi &ccedil;ox\u015fax\u0259li f\u0259aliyy\u0259ti il\u0259 Az\u0259rbaycan b\u0259dii fikrinin z\u0259nginl\u0259\u015fm\u0259sind\u0259 t\u0259qdir\u0259layiq rol oynam\u0131\u015f s&ouml;z ustalar\u0131ndand\u0131r. &Ouml;t\u0259n \u0259srin 60-c\u0131 ill\u0259rind\u0259 yeni \u0259d\u0259bi prosesin formala\u015fmas\u0131nda yax\u0131ndan i\u015ftirak ed\u0259n s\u0259n\u0259tkar \u0259rs\u0259y\u0259 g\u0259tirdiyi d\u0259y\u0259rli n\u0259sr n&uuml;mun\u0259l\u0259rind\u0259 q\u0259hr\u0259manlar\u0131n\u0131n xarakterini d\u0259rind\u0259n a&ccedil;araq dol\u011fun v\u0259 r\u0259ngar\u0259ng obrazlar yaratm\u0131\u015fd\u0131r. Onun, eyni zamanda dramaturq, kinossenarist v\u0259 rejissor kimi Az\u0259rbaycan kinematoqrafiyas\u0131n\u0131n inki\u015faf\u0131nda m&uuml;h&uuml;m xidm\u0259tl\u0259ri vard\u0131r. Milli koloritin qabar\u0131q t\u0259sviri, ad\u0259t-\u0259n\u0259n\u0259l\u0259r\u0259 ba\u011fl\u0131l\u0131q, x&uuml;sus\u0259n Bak\u0131 m&uuml;hitinin &ouml;z&uuml;n\u0259m\u0259xsus m\u0259nz\u0259r\u0259sinin t\u0259sviri Maqsud \u0130brahimb\u0259yov yarad\u0131c\u0131l\u0131\u011f\u0131n\u0131 s\u0259ciyy\u0259l\u0259ndir\u0259n ba\u015fl\u0131ca c\u0259h\u0259tl\u0259rdir&quot;, &#8211; S\u0259r\u0259ncamda vur\u011fulan\u0131b.<\/p>\n<p>M\u0259d\u0259niyy\u0259t Nazirliyin\u0259, Az\u0259rbaycan Yaz\u0131&ccedil;\u0131lar Birliyinin t\u0259klifl\u0259rini n\u0259z\u0259r\u0259 almaqla, Xalq yaz\u0131&ccedil;\u0131s\u0131 Maqsud \u0130brahimb\u0259yovun 90 illik yubileyin\u0259 dair t\u0259dbirl\u0259r plan\u0131 haz\u0131rlay\u0131b h\u0259yata ke&ccedil;irm\u0259k, Nazirl\u0259r Kabinetin\u0259 bu S\u0259r\u0259ncamdan ir\u0259li g\u0259l\u0259n m\u0259s\u0259l\u0259l\u0259ri h\u0259ll etm\u0259k tap\u015f\u0131r\u0131l\u0131b.<\/p>\n","protected":false},"excerpt":{"rendered":"<p>Maqsud \u0130brahimb\u0259yovun 90 illiyi qeyd edil\u0259c\u0259k. Ucnoqta.az x\u0259b\u0259r verir ki, Prezident \u0130lham \u018fliyev bununla ba\u011fl\u0131 S\u0259r\u0259ncam imzalay\u0131b. S\u0259r\u0259ncamda qeyd edilib ki, 2025-ci ilin may ay\u0131nda Az\u0259rbaycan \u0259d\u0259biyyat\u0131n\u0131n g&ouml;rk\u0259mli n&uuml;may\u0259nd\u0259si, Xalq&hellip;<\/p>\n","protected":false},"author":1,"featured_media":251278,"comment_status":"open","ping_status":"open","sticky":false,"template":"","format":"standard","meta":{"_lmt_disableupdate":"","_lmt_disable":"","footnotes":""},"categories":[102],"tags":[],"class_list":["post-218225","post","type-post","status-publish","format-standard","has-post-thumbnail","hentry","category-medeniyyet-butun-xeberler"],"_links":{"self":[{"href":"https:\/\/ucnoqta.az\/index.php?rest_route=\/wp\/v2\/posts\/218225","targetHints":{"allow":["GET"]}}],"collection":[{"href":"https:\/\/ucnoqta.az\/index.php?rest_route=\/wp\/v2\/posts"}],"about":[{"href":"https:\/\/ucnoqta.az\/index.php?rest_route=\/wp\/v2\/types\/post"}],"author":[{"embeddable":true,"href":"https:\/\/ucnoqta.az\/index.php?rest_route=\/wp\/v2\/users\/1"}],"replies":[{"embeddable":true,"href":"https:\/\/ucnoqta.az\/index.php?rest_route=%2Fwp%2Fv2%2Fcomments&post=218225"}],"version-history":[{"count":0,"href":"https:\/\/ucnoqta.az\/index.php?rest_route=\/wp\/v2\/posts\/218225\/revisions"}],"wp:featuredmedia":[{"embeddable":true,"href":"https:\/\/ucnoqta.az\/index.php?rest_route=\/wp\/v2\/media\/251278"}],"wp:attachment":[{"href":"https:\/\/ucnoqta.az\/index.php?rest_route=%2Fwp%2Fv2%2Fmedia&parent=218225"}],"wp:term":[{"taxonomy":"category","embeddable":true,"href":"https:\/\/ucnoqta.az\/index.php?rest_route=%2Fwp%2Fv2%2Fcategories&post=218225"},{"taxonomy":"post_tag","embeddable":true,"href":"https:\/\/ucnoqta.az\/index.php?rest_route=%2Fwp%2Fv2%2Ftags&post=218225"}],"curies":[{"name":"wp","href":"https:\/\/api.w.org\/{rel}","templated":true}]}}