{"id":218205,"date":"2025-02-13T12:38:52","date_gmt":"2025-02-13T08:38:52","guid":{"rendered":""},"modified":"-0001-11-30T00:00:00","modified_gmt":"-0001-11-29T20:00:00","slug":"","status":"publish","type":"post","link":"https:\/\/ucnoqta.az\/?p=218205","title":{"rendered":"AB\u015e Ukrayna m\u0259s\u0259l\u0259sind\u0259 Rusiyaya g\u00fcz\u0259\u015ft\u0259 gedib &#8211;"},"content":{"rendered":"<p><strong>Almaniyan\u0131n m&uuml;dafi\u0259 naziri Boris Pistorius hesab edir ki, AB\u015e-\u0131n yeni administrasiyas\u0131 h\u0259l\u0259 m&uuml;naqi\u015f\u0259nin h\u0259lli &uuml;zr\u0259 dan\u0131\u015f\u0131qlara ba\u015flamazdan \u0259vv\u0259l Ukrayna m\u0259s\u0259l\u0259sind\u0259 Rusiyaya g&uuml;z\u0259\u015ft\u0259 gedib.<\/strong><\/p>\n<p>Ucnoqta.az x\u0259b\u0259r verir ki, Pistorius Br&uuml;sseld\u0259 NATO-ya &uuml;zv &ouml;lk\u0259l\u0259rin m&uuml;dafi\u0259 nazirl\u0259rinin g&ouml;r&uuml;\u015f&uuml;n\u0259 g\u0259l\u0259rk\u0259n deyib.<\/p>\n<p>Eyni zamanda o qeyd edib ki, Rusiya prezidenti Vladimir Putinl\u0259 AB\u015e prezidenti Donald Tramp aras\u0131nda telefon dan\u0131\u015f\u0131\u011f\u0131ndan sonra m&uuml;naqi\u015f\u0259y\u0259 son qoymaq imkan\u0131 yaran\u0131b.<br \/>\n&ldquo;Tramp administrasiyas\u0131n\u0131n art\u0131q dan\u0131\u015f\u0131qlara ba\u015flamam\u0131\u015fdan \u0259vv\u0259l Putin\u0259 a&ccedil;\u0131q \u015f\u0259kild\u0259 g&uuml;z\u0259\u015ft\u0259 getm\u0259si t\u0259\u0259ss&uuml;f do\u011furur. M\u0259nim n&ouml;qteyi-n\u0259z\u0259rimd\u0259n Ukraynan\u0131n NATO-ya m&uuml;mk&uuml;n &uuml;zvl&uuml;y&uuml; v\u0259 ya &ouml;lk\u0259nin m&uuml;mk&uuml;n \u0259razi itkil\u0259ri bar\u0259d\u0259 dan\u0131\u015f\u0131qlar masas\u0131 arxas\u0131nda m&uuml;zakir\u0259 etm\u0259k daha yax\u015f\u0131 olard\u0131, n\u0259inki ondan \u0259vv\u0259l onlar\u0131 g&uuml;nd\u0259md\u0259n &ccedil;\u0131xarmaq olard\u0131&rdquo;, &#8211; almaniyal\u0131 nazir bildirib.<\/p>\n<p>&ldquo;\u018fg\u0259r s&ouml;hb\u0259t Rusiya il\u0259 Ukrayna aras\u0131nda yax\u0131n vaxtlarda \u0259ld\u0259 olunan raz\u0131la\u015fmadan gedirs\u0259, m\u0259n bunu &ccedil;ox alq\u0131\u015flayard\u0131m, o zaman biz &ouml;z&uuml;m&uuml;z\u0259 imkan verm\u0259y\u0259c\u0259yik v\u0259 sad\u0259c\u0259 rahatlama\u011fa imkan ver\u0259 bilm\u0259rik&rdquo;, o qeyd edib v\u0259 bel\u0259 bir halda Avropan\u0131n s&uuml;lh&uuml;n qorunmas\u0131n\u0131 t\u0259min etm\u0259li olaca\u011f\u0131n\u0131 qeyd edib.\/\/\/tass<\/p>\n","protected":false},"excerpt":{"rendered":"<p>Almaniyan\u0131n m&uuml;dafi\u0259 naziri Boris Pistorius hesab edir ki, AB\u015e-\u0131n yeni administrasiyas\u0131 h\u0259l\u0259 m&uuml;naqi\u015f\u0259nin h\u0259lli &uuml;zr\u0259 dan\u0131\u015f\u0131qlara ba\u015flamazdan \u0259vv\u0259l Ukrayna m\u0259s\u0259l\u0259sind\u0259 Rusiyaya g&uuml;z\u0259\u015ft\u0259 gedib. Ucnoqta.az x\u0259b\u0259r verir ki, Pistorius Br&uuml;sseld\u0259 NATO-ya&hellip;<\/p>\n","protected":false},"author":1,"featured_media":251278,"comment_status":"open","ping_status":"open","sticky":false,"template":"","format":"standard","meta":{"_lmt_disableupdate":"","_lmt_disable":"","footnotes":""},"categories":[89],"tags":[],"class_list":["post-218205","post","type-post","status-publish","format-standard","has-post-thumbnail","hentry","category-dunya-butun-xeberler"],"_links":{"self":[{"href":"https:\/\/ucnoqta.az\/index.php?rest_route=\/wp\/v2\/posts\/218205","targetHints":{"allow":["GET"]}}],"collection":[{"href":"https:\/\/ucnoqta.az\/index.php?rest_route=\/wp\/v2\/posts"}],"about":[{"href":"https:\/\/ucnoqta.az\/index.php?rest_route=\/wp\/v2\/types\/post"}],"author":[{"embeddable":true,"href":"https:\/\/ucnoqta.az\/index.php?rest_route=\/wp\/v2\/users\/1"}],"replies":[{"embeddable":true,"href":"https:\/\/ucnoqta.az\/index.php?rest_route=%2Fwp%2Fv2%2Fcomments&post=218205"}],"version-history":[{"count":0,"href":"https:\/\/ucnoqta.az\/index.php?rest_route=\/wp\/v2\/posts\/218205\/revisions"}],"wp:featuredmedia":[{"embeddable":true,"href":"https:\/\/ucnoqta.az\/index.php?rest_route=\/wp\/v2\/media\/251278"}],"wp:attachment":[{"href":"https:\/\/ucnoqta.az\/index.php?rest_route=%2Fwp%2Fv2%2Fmedia&parent=218205"}],"wp:term":[{"taxonomy":"category","embeddable":true,"href":"https:\/\/ucnoqta.az\/index.php?rest_route=%2Fwp%2Fv2%2Fcategories&post=218205"},{"taxonomy":"post_tag","embeddable":true,"href":"https:\/\/ucnoqta.az\/index.php?rest_route=%2Fwp%2Fv2%2Ftags&post=218205"}],"curies":[{"name":"wp","href":"https:\/\/api.w.org\/{rel}","templated":true}]}}