{"id":218201,"date":"2025-02-13T12:06:49","date_gmt":"2025-02-13T08:06:49","guid":{"rendered":""},"modified":"-0001-11-30T00:00:00","modified_gmt":"-0001-11-29T20:00:00","slug":"","status":"publish","type":"post","link":"https:\/\/ucnoqta.az\/?p=218201","title":{"rendered":"Prezidentd\u0259n Qaraba\u011f v\u0259 \u015e\u0259rqi Z\u0259ng\u0259zurla ba\u011fl\u0131"},"content":{"rendered":"<p><strong>\u018frazi b&uuml;t&ouml;vl&uuml;y&uuml;m&uuml;z&uuml;n v\u0259 suverenliyimizin tam b\u0259rpas\u0131 i\u015f\u011faldan azad edilmi\u015f \u0259razil\u0259rin iqtisadi inki\u015faf\u0131 &uuml;&ccedil;&uuml;n m&ouml;hk\u0259m t\u0259m\u0259l yarad\u0131b. Bu \u0259razil\u0259rd\u0259 infrastrukturun b\u0259rpas\u0131, yeni s\u0259naye v\u0259 k\u0259nd t\u0259s\u0259rr&uuml;fat\u0131 sah\u0259l\u0259rinin yarad\u0131lmas\u0131 istiqam\u0259tind\u0259 atd\u0131\u011f\u0131m\u0131z add\u0131mlar, regionun milli iqtisadiyyata reinteqrasiyas\u0131 g\u0259l\u0259c\u0259kd\u0259 \u0259h\u0259miyy\u0259tli ir\u0259lil\u0259yi\u015fl\u0259r\u0259 s\u0259b\u0259b olacaq. \u0130qtisadiyyat\u0131n diversifikasiyas\u0131 v\u0259 yerli \u0259halinin sosial rifah\u0131n\u0131n t\u0259min edilm\u0259si bu \u0259razil\u0259rin s&uuml;r\u0259tli inki\u015faf\u0131n\u0131 t\u0259min ed\u0259c\u0259k, Qaraba\u011f v\u0259 \u015e\u0259rqi Z\u0259ng\u0259zur b&ouml;lg\u0259l\u0259ri &ouml;lk\u0259mizin &uuml;mumi iqtisadi potensial\u0131na m&uuml;h&uuml;m t&ouml;hf\u0259l\u0259r ver\u0259c\u0259kdir.<\/strong><\/p>\n<p>Ucnoqta.az x\u0259b\u0259r verir ki, bu fikirl\u0259r Prezident \u0130lham \u018fliyevin &ldquo;Vergi Xidm\u0259ti &ndash; 25: Davaml\u0131 inki\u015faf v\u0259 effektiv transformasiya&rdquo; m&ouml;vzusunda ke&ccedil;iril\u0259n Forumun i\u015ftirak&ccedil;\u0131lar\u0131na m&uuml;raci\u0259tind\u0259 yer al\u0131b.<\/p>\n<p>Bu prosesd\u0259 vergi siyas\u0259tinin v\u0259 vergi t\u0259\u015fviq al\u0259tl\u0259rinin d\u0259 b&ouml;y&uuml;k rolu oldu\u011fu vur\u011fulanan m&uuml;raci\u0259td\u0259, h\u0259m&ccedil;inin qeyd edilir: &ldquo;\u0130\u015f\u011faldan azad edilmi\u015f \u0259razil\u0259rd\u0259 f\u0259aliyy\u0259t g&ouml;st\u0259r\u0259n sahibkarlar &uuml;&ccedil;&uuml;n uzunm&uuml;dd\u0259tli vergi v\u0259 g&ouml;mr&uuml;k g&uuml;z\u0259\u015ftl\u0259ri m&uuml;\u0259yy\u0259n edilib. \u018frazi b&uuml;t&ouml;vl&uuml;y&uuml;m&uuml;z&uuml;n tam b\u0259rpa edilm\u0259si xarici investorlar\u0131n da &ouml;lk\u0259miz\u0259 mara\u011f\u0131n\u0131 art\u0131r\u0131r. Uzun ill\u0259rdir Az\u0259rbaycanda m&uuml;sb\u0259t s\u0259rmay\u0259 iqlimi m&ouml;vcuddur, investisiyalar\u0131n adamba\u015f\u0131na d&uuml;\u015f\u0259n h\u0259cmin\u0259 g&ouml;r\u0259 biz qabaqc\u0131l &ouml;lk\u0259l\u0259r s\u0131ras\u0131nday\u0131q. Bununla bel\u0259, regionda iqtisadi dayan\u0131ql\u0131\u011f\u0131n t\u0259min olunmas\u0131, investisiyalar\u0131n \u0259hat\u0259 dair\u0259sinin daha da geni\u015fl\u0259nm\u0259si &uuml;&ccedil;&uuml;n biz daha c\u0259lbedici biznes v\u0259 vergi m&uuml;hiti yaratmal\u0131y\u0131q. Sahibkarlara g&uuml;cl&uuml; d\u0259st\u0259k verilm\u0259lidir, s&uuml;ni mane\u0259l\u0259r aradan qald\u0131r\u0131lmal\u0131d\u0131r. D&ouml;vl\u0259tin t\u0259nziml\u0259yici qurumlar\u0131n\u0131n \u0259sas v\u0259zif\u0259si &ouml;lk\u0259d\u0259 biznesin geni\u015fl\u0259nm\u0259sin\u0259, b&uuml;dc\u0259y\u0259 vergi &ouml;d\u0259y\u0259n g&uuml;cl&uuml; orta v\u0259 iri sahibkarlar t\u0259b\u0259q\u0259sinin formala\u015fmas\u0131na istiqam\u0259tl\u0259nm\u0259lidir. Biz q&uuml;dr\u0259tli d&ouml;vl\u0259t qururuq, bel\u0259 d&ouml;vl\u0259tin v\u0259t\u0259nda\u015f\u0131 is\u0259 vergi &ouml;d\u0259m\u0259kd\u0259n q&uuml;rur duymal\u0131d\u0131r&rdquo;.<\/p>\n","protected":false},"excerpt":{"rendered":"<p>\u018frazi b&uuml;t&ouml;vl&uuml;y&uuml;m&uuml;z&uuml;n v\u0259 suverenliyimizin tam b\u0259rpas\u0131 i\u015f\u011faldan azad edilmi\u015f \u0259razil\u0259rin iqtisadi inki\u015faf\u0131 &uuml;&ccedil;&uuml;n m&ouml;hk\u0259m t\u0259m\u0259l yarad\u0131b. Bu \u0259razil\u0259rd\u0259 infrastrukturun b\u0259rpas\u0131, yeni s\u0259naye v\u0259 k\u0259nd t\u0259s\u0259rr&uuml;fat\u0131 sah\u0259l\u0259rinin yarad\u0131lmas\u0131 istiqam\u0259tind\u0259 atd\u0131\u011f\u0131m\u0131z add\u0131mlar,&hellip;<\/p>\n","protected":false},"author":1,"featured_media":251278,"comment_status":"open","ping_status":"open","sticky":false,"template":"","format":"standard","meta":{"_lmt_disableupdate":"","_lmt_disable":"","footnotes":""},"categories":[86],"tags":[],"class_list":["post-218201","post","type-post","status-publish","format-standard","has-post-thumbnail","hentry","category-siyaset"],"_links":{"self":[{"href":"https:\/\/ucnoqta.az\/index.php?rest_route=\/wp\/v2\/posts\/218201","targetHints":{"allow":["GET"]}}],"collection":[{"href":"https:\/\/ucnoqta.az\/index.php?rest_route=\/wp\/v2\/posts"}],"about":[{"href":"https:\/\/ucnoqta.az\/index.php?rest_route=\/wp\/v2\/types\/post"}],"author":[{"embeddable":true,"href":"https:\/\/ucnoqta.az\/index.php?rest_route=\/wp\/v2\/users\/1"}],"replies":[{"embeddable":true,"href":"https:\/\/ucnoqta.az\/index.php?rest_route=%2Fwp%2Fv2%2Fcomments&post=218201"}],"version-history":[{"count":0,"href":"https:\/\/ucnoqta.az\/index.php?rest_route=\/wp\/v2\/posts\/218201\/revisions"}],"wp:featuredmedia":[{"embeddable":true,"href":"https:\/\/ucnoqta.az\/index.php?rest_route=\/wp\/v2\/media\/251278"}],"wp:attachment":[{"href":"https:\/\/ucnoqta.az\/index.php?rest_route=%2Fwp%2Fv2%2Fmedia&parent=218201"}],"wp:term":[{"taxonomy":"category","embeddable":true,"href":"https:\/\/ucnoqta.az\/index.php?rest_route=%2Fwp%2Fv2%2Fcategories&post=218201"},{"taxonomy":"post_tag","embeddable":true,"href":"https:\/\/ucnoqta.az\/index.php?rest_route=%2Fwp%2Fv2%2Ftags&post=218201"}],"curies":[{"name":"wp","href":"https:\/\/api.w.org\/{rel}","templated":true}]}}