{"id":218200,"date":"2025-02-13T11:57:43","date_gmt":"2025-02-13T07:57:43","guid":{"rendered":""},"modified":"-0001-11-30T00:00:00","modified_gmt":"-0001-11-29T20:00:00","slug":"","status":"publish","type":"post","link":"https:\/\/ucnoqta.az\/?p=218200","title":{"rendered":"Az\u0259rbaycan v\u0259 Somali h\u0259mkarlar ittifaqlar\u0131 aras\u0131nda memorandum imzalan\u0131b"},"content":{"rendered":"<p><strong>Az\u0259rbaycan H\u0259mkarlar \u0130ttifaqlar\u0131 Konfederasiyas\u0131n\u0131n s\u0259dri Sahib M\u0259mm\u0259dov &ouml;lk\u0259mizd\u0259 s\u0259f\u0259rd\u0259 olan Somali H\u0259mkarlar \u0130ttifaqlar\u0131 Konqresinin prezidenti Mohamed Osman Hac\u0131 \u018fli il\u0259 g&ouml;r&uuml;\u015f&uuml;b. &nbsp;<\/strong><\/p>\n<p>Ucnoqta.az x\u0259b\u0259r verir ki, Konfederasiya s\u0259dri Somali Federativ Respublikas\u0131n\u0131n Prezidenti Hasan \u015eeyx Mahmudun Az\u0259rbaycana s\u0259f\u0259rinin &ouml;lk\u0259l\u0259rimiz aras\u0131nda \u0259m\u0259kda\u015fl\u0131\u011f\u0131n inki\u015faf\u0131nda \u0259h\u0259miyy\u0259tini vur\u011fulay\u0131b, imzalanan s\u0259n\u0259dl\u0259rin dig\u0259r sah\u0259l\u0259rl\u0259 yana\u015f\u0131, h\u0259mkarlar ittifaqlar\u0131n\u0131n \u0259laq\u0259l\u0259rin\u0259 d\u0259 m&uuml;sb\u0259t t\u0259sir g&ouml;st\u0259r\u0259c\u0259yini qeyd edib.<\/p>\n<p>G&ouml;r&uuml;\u015fd\u0259 Az\u0259rbaycan h\u0259mkarlar ittifaqlar\u0131 sistemind\u0259 apar\u0131lan islahatlar, t\u0259tbiq olunan yenilikl\u0259r, Konfederasiya t\u0259r\u0259find\u0259n realla\u015fd\u0131r\u0131lan v\u0259 n\u0259z\u0259rd\u0259 tutulan layih\u0259l\u0259r bar\u0259d\u0259 \u0259trafl\u0131 m\u0259lumat verilib.<br \/>\nSomali H\u0259mkarlar \u0130ttifaqlar\u0131 Konqresinin prezidenti Mohamed Osman Hac\u0131 \u018fli r\u0259hb\u0259rlik etdiyi qurumun f\u0259aliyy\u0259tind\u0259n dan\u0131\u015f\u0131b, &ouml;lk\u0259l\u0259rimizin h\u0259mkarlar ittifaqlar\u0131 aras\u0131nda \u0259laq\u0259l\u0259rin qurulmas\u0131ndan m\u0259mnunlu\u011funu ifad\u0259 edib. Somalili qonaq ke&ccedil;iril\u0259n g&ouml;r&uuml;\u015fl\u0259rin, apar\u0131lan t\u0259cr&uuml;b\u0259 m&uuml;badil\u0259l\u0259rinin g\u0259l\u0259c\u0259k f\u0259aliyy\u0259tl\u0259ri &uuml;&ccedil;&uuml;n faydal\u0131 olaca\u011f\u0131n\u0131 diqq\u0259t\u0259 &ccedil;atd\u0131r\u0131b.&nbsp;<\/p>\n<p>G&ouml;r&uuml;\u015fd\u0259 \u0259m\u0259kda\u015fl\u0131q istiqam\u0259tl\u0259ri m&uuml;zakir\u0259 edilib, Az\u0259rbaycan H\u0259mkarlar \u0130ttifaqlar\u0131 Konfederasiyas\u0131 il\u0259 Somali H\u0259mkarlar \u0130ttifaqlar\u0131 Konqresi aras\u0131nda Anla\u015fma Memorandumu imzalan\u0131b.<br \/>\nS\u0259n\u0259d i\u015f&ccedil;il\u0259rin rifah\u0131, \u0259m\u0259k h&uuml;quqlar\u0131n\u0131n qorunmas\u0131 v\u0259 sosial \u0259dal\u0259tin t\u0259min edilm\u0259si istiqam\u0259tind\u0259 \u0259laq\u0259l\u0259rin inki\u015faf\u0131n\u0131, qar\u015f\u0131l\u0131ql\u0131 t\u0259cr&uuml;b\u0259 m&uuml;badil\u0259sini, \u0259m\u0259k v\u0259 sosial sah\u0259d\u0259 birg\u0259 t\u0259\u015f\u0259bb&uuml;sl\u0259rin realla\u015fmas\u0131n\u0131 v\u0259 s. m\u0259s\u0259l\u0259l\u0259ri &ouml;z&uuml;nd\u0259 ehtiva edir.<\/p>\n<p>Sonra Somali H\u0259mkarlar \u0130ttifaqlar\u0131 Konqresinin prezidenti Mohamed Osman Hac\u0131 \u018fli &ldquo;Kurort&rdquo; Turizm \u0130nformasiya M\u0259rk\u0259zinin f\u0259aliyy\u0259ti il\u0259 tan\u0131\u015f olub. M\u0259lumat verilib ki, ittifaq &uuml;zvl\u0259ri yollay\u0131\u015f\u0131 asan prosedurlarla v\u0259 m\u0259rk\u0259zl\u0259\u015fdirilmi\u015f qaydada &ldquo;Kurort&rdquo; Turizm \u0130nformasiya M\u0259rk\u0259zind\u0259n \u0259ld\u0259 edirl\u0259r. Bu is\u0259 \u0259l&ccedil;atanl\u0131q, \u015f\u0259ffafl\u0131q v\u0259 n&ouml;vb\u0259lik prinsipin\u0259 \u0259saslanmaqla h\u0259yata ke&ccedil;irilir.<br \/>\n&nbsp;<\/p>\n","protected":false},"excerpt":{"rendered":"<p>Az\u0259rbaycan H\u0259mkarlar \u0130ttifaqlar\u0131 Konfederasiyas\u0131n\u0131n s\u0259dri Sahib M\u0259mm\u0259dov &ouml;lk\u0259mizd\u0259 s\u0259f\u0259rd\u0259 olan Somali H\u0259mkarlar \u0130ttifaqlar\u0131 Konqresinin prezidenti Mohamed Osman Hac\u0131 \u018fli il\u0259 g&ouml;r&uuml;\u015f&uuml;b. &nbsp; Ucnoqta.az x\u0259b\u0259r verir ki, Konfederasiya s\u0259dri Somali Federativ&hellip;<\/p>\n","protected":false},"author":1,"featured_media":251278,"comment_status":"open","ping_status":"open","sticky":false,"template":"","format":"standard","meta":{"_lmt_disableupdate":"","_lmt_disable":"","footnotes":""},"categories":[101],"tags":[],"class_list":["post-218200","post","type-post","status-publish","format-standard","has-post-thumbnail","hentry","category-cemiyyet"],"_links":{"self":[{"href":"https:\/\/ucnoqta.az\/index.php?rest_route=\/wp\/v2\/posts\/218200","targetHints":{"allow":["GET"]}}],"collection":[{"href":"https:\/\/ucnoqta.az\/index.php?rest_route=\/wp\/v2\/posts"}],"about":[{"href":"https:\/\/ucnoqta.az\/index.php?rest_route=\/wp\/v2\/types\/post"}],"author":[{"embeddable":true,"href":"https:\/\/ucnoqta.az\/index.php?rest_route=\/wp\/v2\/users\/1"}],"replies":[{"embeddable":true,"href":"https:\/\/ucnoqta.az\/index.php?rest_route=%2Fwp%2Fv2%2Fcomments&post=218200"}],"version-history":[{"count":0,"href":"https:\/\/ucnoqta.az\/index.php?rest_route=\/wp\/v2\/posts\/218200\/revisions"}],"wp:featuredmedia":[{"embeddable":true,"href":"https:\/\/ucnoqta.az\/index.php?rest_route=\/wp\/v2\/media\/251278"}],"wp:attachment":[{"href":"https:\/\/ucnoqta.az\/index.php?rest_route=%2Fwp%2Fv2%2Fmedia&parent=218200"}],"wp:term":[{"taxonomy":"category","embeddable":true,"href":"https:\/\/ucnoqta.az\/index.php?rest_route=%2Fwp%2Fv2%2Fcategories&post=218200"},{"taxonomy":"post_tag","embeddable":true,"href":"https:\/\/ucnoqta.az\/index.php?rest_route=%2Fwp%2Fv2%2Ftags&post=218200"}],"curies":[{"name":"wp","href":"https:\/\/api.w.org\/{rel}","templated":true}]}}