{"id":218189,"date":"2025-02-13T10:44:02","date_gmt":"2025-02-13T06:44:02","guid":{"rendered":""},"modified":"-0001-11-30T00:00:00","modified_gmt":"-0001-11-29T20:00:00","slug":"","status":"publish","type":"post","link":"https:\/\/ucnoqta.az\/?p=218189","title":{"rendered":"K\u00f6rp\u00fcn\u00fc s\u00f6kd\u00fcl\u0259r ki, yol rahat olsun,"},"content":{"rendered":"<h2><strong>Cavan\u015fir k&ouml;rp&uuml;s&uuml; s&ouml;k&uuml;l\u0259nd\u0259n sonra h\u0259min nahiy\u0259d\u0259 avtomobill\u0259rin h\u0259r\u0259k\u0259tinin daha da intensivl\u0259\u015f\u0259c\u0259yi, t\u0131xac v\u0259 s\u0131xl\u0131q olmayaca\u011f\u0131 g&ouml;zl\u0259nilirdi. Lakin yol yenid\u0259n a&ccedil;\u0131landan sonra ayd\u0131n oldu ki, v\u0259ziyy\u0259t daha da pisl\u0259\u015fib.<\/strong><\/h2>\n<p>\u0130ndi g&uuml;n&uuml;n b&uuml;t&uuml;n saatlar\u0131nda h\u0259min yolda t\u0131xac olur. Avtomobill\u0259r 20 saniy\u0259lik yolu 20 d\u0259qiq\u0259y\u0259 ke&ccedil;m\u0259li olurlar. S&uuml;r&uuml;c&uuml;l\u0259r deyir ki, yolda h\u0259r\u0259k\u0259tin t\u0259nziml\u0259nm\u0259si b\u0259rbadd\u0131r, h\u0259tta t\u0131xac s&uuml;ni s\u0259b\u0259bl\u0259rd\u0259n \u0259m\u0259l\u0259 g\u0259lir. B\u0259zi s&uuml;r&uuml;c&uuml;l\u0259r s\u0131ra il\u0259 getm\u0259kd\u0259ns\u0259, sa\u011fa burulur, yard\u0131m&ccedil;\u0131 yolla ir\u0259lil\u0259y\u0259r\u0259k 100-150 metr qaba\u011fa d&uuml;\u015fm\u0259y\u0259 &ccedil;al\u0131\u015f\u0131r, sonradan ana yola &ccedil;\u0131xaraq, intizamla h\u0259r\u0259k\u0259t ed\u0259n avtomobill\u0259rin yolunu darald\u0131rlar. N\u0259tic\u0259d\u0259 s&uuml;r\u0259t a\u015fa\u011f\u0131 d&uuml;\u015f&uuml;r, h\u0259r\u0259k\u0259t intensivliyi pozulur.<\/p>\n<p><strong>Qeyd ed\u0259k ki, Cavan\u015fir k&ouml;rp&uuml;s&uuml; &ouml;t\u0259n ilin may ay\u0131nda s&ouml;k&uuml;l&uuml;b, yeni yolun a&ccedil;\u0131l\u0131\u015f\u0131 is\u0259 avqust ay\u0131nda olub. D&ouml;rd h\u0259r\u0259k\u0259t zolaql\u0131 yeni yolun uzunlu\u011fu 400 metrdir.<\/strong><\/p>\n<p><strong><img decoding=\"async\" alt=\"Elm\u0259ddin Muradl\u0131: \u201c\u0130ndiki art\u0131m o q\u0259d\u0259r d\u0259 fantastik bir m\u0259bl\u0259\u011f deyil,  sad\u0259c\u0259, 10 q\u0259pik art\u0131m olub\u201d Pravda.az\" src=\"https:\/\/pravda.az\/cdn\/2020\/may\/28\/elmeddin45.jpg\" \/><\/strong><\/p>\n<p><strong>&nbsp;Elm\u0259ddin Muradl\u0131&nbsp;<\/strong><\/p>\n<p>N\u0259qliyyat m\u0259s\u0259l\u0259l\u0259ri &uuml;zr\u0259 ekspert Elm\u0259ddin Muradl\u0131 vaxtil\u0259 m\u0259s\u0259l\u0259 il\u0259 ba\u011fl\u0131 a&ccedil;\u0131qlamas\u0131nda bildirmi\u015fdi ki k&ouml;rp&uuml;n&uuml;n s&ouml;k&uuml;lm\u0259si il\u0259 \u0259razid\u0259 n\u0259qliyyat\u0131n h\u0259r\u0259k\u0259tind\u0259 ciddi d\u0259yi\u015fiklik g&ouml;zl\u0259mir. &ldquo;Sad\u0259c\u0259 olaraq, h\u0259r\u0259k\u0259tin t\u0259\u015fkilind\u0259 m&uuml;\u0259yy\u0259n yenilikl\u0259r olacaq. \u018frazid\u0259 k&ouml;rp&uuml;s&uuml;z bir h\u0259r\u0259k\u0259t mexanizmi qurulacaq, &ccedil;&uuml;nki Heyd\u0259r \u018fliyev v\u0259 Bab\u0259k prospektl\u0259rind\u0259n, Afiy\u0259ddin C\u0259lilov k&uuml;&ccedil;\u0259sind\u0259n g\u0259l\u0259n b&uuml;t&uuml;n n\u0259qliyyat vasit\u0259l\u0259ri h\u0259min istiqam\u0259t\u0259 y&ouml;n\u0259lir. O yolun &ouml;t&uuml;r&uuml;c&uuml;l&uuml;k qabiliyy\u0259ti m\u0259lumdur. Yolda h\u0259r hans\u0131 alternativ variant yoxdursa, k&ouml;rp&uuml;n&uuml;n s&ouml;k&uuml;lm\u0259si he&ccedil; bir ciddi d\u0259yi\u015f\u0454ikliy\u0259 yol a&ccedil;mayacaq&rdquo;.<\/p>\n<p><img decoding=\"async\" alt=\"Eld\u0259niz C\u0259f\u0259rov: 'Bak\u0131n\u0131n m\u0259rk\u0259zind\u0259 tramvaylar\u0131 b\u0259rpa etm\u0259k m\u00fcmk\u00fcn deyil'\" src=\"https:\/\/demokrat.az\/cdn\/uploadedfiles\/custom\/2023\/2\/9\/1\/08c16baa-96cd-4e15-bda2-e3064e62fe23\/msh.jpg\" \/><\/p>\n<p><strong>&nbsp;Eld\u0259niz C\u0259f\u0259rov<\/strong><\/p>\n<p><strong>N\u0259qliyyat eksperti Eld\u0259niz C\u0259f\u0259rov &ldquo;Yeni M&uuml;savat&rdquo;a \u015f\u0259rhind\u0259 bildirdi ki, s&ouml;z&uuml;ged\u0259n yolun sa\u011f\u0131nda v\u0259 solunda m&uuml;xt\u0259lif obyektl\u0259r oldu\u011fu &uuml;&ccedil;&uuml;n \u0259razid\u0259 i\u015f\u0131qforun qura\u015fd\u0131r\u0131lmas\u0131 do\u011fru q\u0259rard\u0131r:<\/strong>&nbsp;&ldquo;Hesab edir\u0259m ki, t\u0131xac\u0131n yaranmas\u0131na s\u0259b\u0259b i\u015f\u0131qforun qura\u015fd\u0131r\u0131lmas\u0131 deyil. Cavan\u015fir k&ouml;rp&uuml;s&uuml; olanda orada s\u0131xl\u0131q olub. H\u0259min yola bir ne&ccedil;\u0259 istiqam\u0259td\u0259n avtomobil daxil oldu\u011fu &uuml;&ccedil;&uuml;n s\u0131xl\u0131q olmas\u0131 t\u0259biidir. H\u0259min \u0259razid\u0259 h\u0259r\u0259k\u0259t intensiv oldu\u011fu &uuml;&ccedil;&uuml;n s\u0131xl\u0131q yaran\u0131r. \u018fsas m\u0259s\u0259l\u0259 s\u0131xl\u0131\u011f\u0131n t\u0131xaca &ccedil;evrilm\u0259m\u0259sidir ki, Yol Patrul Xidm\u0259tinin \u0259m\u0259kda\u015flar\u0131 7\/24 bunun &uuml;&ccedil;&uuml;n t\u0259nziml\u0259m\u0259 h\u0259yata ke&ccedil;irirl\u0259r. Paralel k&uuml;&ccedil;\u0259l\u0259rd\u0259n olan Afiy\u0259ddin C\u0259lilov k&uuml;&ccedil;\u0259sind\u0259 h\u0259r zaman t\u0131xac olmas\u0131n\u0131n s\u0259b\u0259bi i\u015f\u0131qforun saniy\u0259sinin az olmas\u0131d\u0131r, buna g&ouml;r\u0259 d\u0259 t\u0259xmin\u0259n 1 d\u0259qiq\u0259d\u0259n &ccedil;ox g&ouml;zl\u0259m\u0259 olur. Bu orada ya\u015fayan sakinl\u0259r\u0259 narahatl\u0131q yarad\u0131r. Sutkan\u0131n dem\u0259k olar ki, b&uuml;t&uuml;n saatlar\u0131nda bu k&uuml;&ccedil;\u0259d\u0259 siqnallar\u0131n s\u0259si e\u015fidilir. Bundan ba\u015fqa, t\u0131xacda qalan avtomobill\u0259rin buraxd\u0131\u011f\u0131 karbon qaz\u0131 atmosfer\u0259 ciddi z\u0259r\u0259r verir. B&uuml;t&uuml;n bu amill\u0259ri n\u0259z\u0259r\u0259 alsaq, i\u015f\u0131qforun saniy\u0259sinin azald\u0131lmas\u0131na ehtiyac var.&nbsp; Afiy\u0259ddin C\u0259lilov Yusif S\u0259f\u0259rov k&uuml;&ccedil;\u0259si il\u0259 k\u0259si\u015fir ki, h\u0259min k&uuml;&ccedil;\u0259d\u0259 h\u0259r\u0259k\u0259t h\u0259r zaman intensiv olub. Yusif S\u0259f\u0259rov \u015f\u0259h\u0259r\u0259traf\u0131 \u0259razil\u0259rl\u0259 \u015f\u0259h\u0259r m\u0259rk\u0259zini birl\u0259\u015fdir\u0259n \u0259sas k&uuml;&ccedil;\u0259l\u0259rd\u0259n biridir. Buna g&ouml;r\u0259 d\u0259 bu k&uuml;&ccedil;\u0259d\u0259 h\u0259r zaman h\u0259r\u0259k\u0259td\u0259 s\u0131xl\u0131q m&uuml;\u015fahid\u0259 olunub&rdquo;.<\/p>\n<p><img fetchpriority=\"high\" decoding=\"async\" alt=\"To\u011frul N\u0259sirli r\u0259is t\u0259yin edilib\" height=\"639\" src=\"https:\/\/www.xezernews.az\/photos\/2023-12-20-13-57-23mFOqfmzuF2cULu99n9SX_file.jpg\" width=\"687\" \/><\/p>\n<p><strong>To\u011frul N\u0259sirli&nbsp;<\/strong><\/p>\n<p>Respublika Ba\u015f D&ouml;vl\u0259t Yol Polisi \u0130dar\u0259sinin H\u0259r\u0259k\u0259tin t\u0259hl&uuml;k\u0259sizliyinin t\u0259bli\u011fi v\u0259 ictimai qurumlarla \u0259laq\u0259 \u015f&ouml;b\u0259sinin ba\u015f inspektoru, polis kapitan\u0131 To\u011frul N\u0259sirli &ldquo;Yeni M&uuml;savat&rdquo;a a&ccedil;\u0131qlamas\u0131nda qeyd etdi ki, \u0259razid\u0259 s\u0131xl\u0131\u011f\u0131n qar\u015f\u0131s\u0131n\u0131n al\u0131nmas\u0131 istiqam\u0259tind\u0259 Ba\u015f D&ouml;vl\u0259t Yol Polisi \u0130dar\u0259sinin \u0259m\u0259kda\u015flar\u0131 t\u0259r\u0259find\u0259n m&uuml;t\u0259madi olaraq n\u0259zar\u0259t t\u0259dbirl\u0259ri h\u0259yata ke&ccedil;irilir:<\/p>\n<p>&ldquo;\u018fm\u0259kda\u015flar\u0131m\u0131z \u0259razid\u0259 nizamlay\u0131c\u0131 qismind\u0259, YPX avtomobili il\u0259 xidm\u0259t apar\u0131rlar. \u018fsas m\u0259qs\u0259d yarana bil\u0259c\u0259k s\u0131xl\u0131\u011f\u0131n qar\u015f\u0131s\u0131n\u0131n al\u0131nmas\u0131, n\u0259qliyyat vasit\u0259l\u0259rinin t\u0259hl&uuml;k\u0259siz h\u0259r\u0259k\u0259tinin t\u0259min olunmas\u0131d\u0131r. Bu istiqam\u0259td\u0259 Ba\u015f D&ouml;vl\u0259t Yol Polisi \u0130dar\u0259si t\u0259r\u0259find\u0259n m&uuml;vafiq t\u0259dbirl\u0259r g&ouml;r&uuml;l&uuml;r&rdquo;. \/\/\/musavat<\/p>\n","protected":false},"excerpt":{"rendered":"<p>Cavan\u015fir k&ouml;rp&uuml;s&uuml; s&ouml;k&uuml;l\u0259nd\u0259n sonra h\u0259min nahiy\u0259d\u0259 avtomobill\u0259rin h\u0259r\u0259k\u0259tinin daha da intensivl\u0259\u015f\u0259c\u0259yi, t\u0131xac v\u0259 s\u0131xl\u0131q olmayaca\u011f\u0131 g&ouml;zl\u0259nilirdi. Lakin yol yenid\u0259n a&ccedil;\u0131landan sonra ayd\u0131n oldu ki, v\u0259ziyy\u0259t daha da pisl\u0259\u015fib. \u0130ndi g&uuml;n&uuml;n&hellip;<\/p>\n","protected":false},"author":1,"featured_media":251278,"comment_status":"open","ping_status":"open","sticky":false,"template":"","format":"standard","meta":{"_lmt_disableupdate":"","_lmt_disable":"","footnotes":""},"categories":[99],"tags":[],"class_list":["post-218189","post","type-post","status-publish","format-standard","has-post-thumbnail","hentry","category-avto"],"_links":{"self":[{"href":"https:\/\/ucnoqta.az\/index.php?rest_route=\/wp\/v2\/posts\/218189","targetHints":{"allow":["GET"]}}],"collection":[{"href":"https:\/\/ucnoqta.az\/index.php?rest_route=\/wp\/v2\/posts"}],"about":[{"href":"https:\/\/ucnoqta.az\/index.php?rest_route=\/wp\/v2\/types\/post"}],"author":[{"embeddable":true,"href":"https:\/\/ucnoqta.az\/index.php?rest_route=\/wp\/v2\/users\/1"}],"replies":[{"embeddable":true,"href":"https:\/\/ucnoqta.az\/index.php?rest_route=%2Fwp%2Fv2%2Fcomments&post=218189"}],"version-history":[{"count":0,"href":"https:\/\/ucnoqta.az\/index.php?rest_route=\/wp\/v2\/posts\/218189\/revisions"}],"wp:featuredmedia":[{"embeddable":true,"href":"https:\/\/ucnoqta.az\/index.php?rest_route=\/wp\/v2\/media\/251278"}],"wp:attachment":[{"href":"https:\/\/ucnoqta.az\/index.php?rest_route=%2Fwp%2Fv2%2Fmedia&parent=218189"}],"wp:term":[{"taxonomy":"category","embeddable":true,"href":"https:\/\/ucnoqta.az\/index.php?rest_route=%2Fwp%2Fv2%2Fcategories&post=218189"},{"taxonomy":"post_tag","embeddable":true,"href":"https:\/\/ucnoqta.az\/index.php?rest_route=%2Fwp%2Fv2%2Ftags&post=218189"}],"curies":[{"name":"wp","href":"https:\/\/api.w.org\/{rel}","templated":true}]}}