{"id":218175,"date":"2025-02-13T08:04:59","date_gmt":"2025-02-13T04:04:59","guid":{"rendered":""},"modified":"-0001-11-30T00:00:00","modified_gmt":"-0001-11-29T20:00:00","slug":"","status":"publish","type":"post","link":"https:\/\/ucnoqta.az\/?p=218175","title":{"rendered":"\u00c7XR, C\u0259nubi Koreya v\u0259 Yaponiyan\u0131n xarici i\u015fl\u0259r nazirl\u0259ri g\u00f6r\u00fc\u015f\u0259c\u0259k"},"content":{"rendered":"<p>&Ccedil;in, C\u0259nubi Koreya v\u0259 Yaponiyan\u0131n xarici i\u015fl\u0259r nazirl\u0259ri mart\u0131n 22-d\u0259 Tokioda g&ouml;r&uuml;\u015fm\u0259yi planla\u015fd\u0131r\u0131r.<\/p>\n<p>Ucnoqta.az-\u0131n m\u0259lumat\u0131na g&ouml;r\u0259, Kyodo x\u0259b\u0259r agentliyi x\u0259b\u0259r verir ki, bu t\u0259dbirin proqram\u0131 yekun t\u0259sdiql\u0259nm\u0259d\u0259n ke&ccedil;ir.<\/p>\n<p>M\u0259lumata g&ouml;r\u0259, eyni zamanda, Tokioda xarici i\u015fl\u0259r nazirl\u0259rinin v\u0259 iqtisadi m\u0259s\u0259l\u0259l\u0259r\u0259 cavabdeh olan nazirl\u0259rin i\u015ftirak\u0131 il\u0259 &ldquo;Y&uuml;ks\u0259k S\u0259viyy\u0259li Yaponiya-&Ccedil;in \u0130qtisadi Dialoqu&rdquo;nun ke&ccedil;irilm\u0259si d\u0259 n\u0259z\u0259rd\u0259 tutulub.<\/p>\n<p>&Ccedil;XR, C\u0259nubi Koreya v\u0259 Yaponiyan\u0131n xarici i\u015fl\u0259r nazirlikl\u0259rinin r\u0259hb\u0259rl\u0259ri sonuncu d\u0259f\u0259 2023-c&uuml; ilin noyabr\u0131nda C\u0259nubi Koreyan\u0131n Busan \u015f\u0259h\u0259rind\u0259 g&ouml;r&uuml;\u015f&uuml;bl\u0259r.<\/p>\n","protected":false},"excerpt":{"rendered":"<p>&Ccedil;in, C\u0259nubi Koreya v\u0259 Yaponiyan\u0131n xarici i\u015fl\u0259r nazirl\u0259ri mart\u0131n 22-d\u0259 Tokioda g&ouml;r&uuml;\u015fm\u0259yi planla\u015fd\u0131r\u0131r. Ucnoqta.az-\u0131n m\u0259lumat\u0131na g&ouml;r\u0259, Kyodo x\u0259b\u0259r agentliyi x\u0259b\u0259r verir ki, bu t\u0259dbirin proqram\u0131 yekun t\u0259sdiql\u0259nm\u0259d\u0259n ke&ccedil;ir. M\u0259lumata g&ouml;r\u0259,&hellip;<\/p>\n","protected":false},"author":1,"featured_media":251278,"comment_status":"open","ping_status":"open","sticky":false,"template":"","format":"standard","meta":{"_lmt_disableupdate":"","_lmt_disable":"","footnotes":""},"categories":[89],"tags":[],"class_list":["post-218175","post","type-post","status-publish","format-standard","has-post-thumbnail","hentry","category-dunya-butun-xeberler"],"_links":{"self":[{"href":"https:\/\/ucnoqta.az\/index.php?rest_route=\/wp\/v2\/posts\/218175","targetHints":{"allow":["GET"]}}],"collection":[{"href":"https:\/\/ucnoqta.az\/index.php?rest_route=\/wp\/v2\/posts"}],"about":[{"href":"https:\/\/ucnoqta.az\/index.php?rest_route=\/wp\/v2\/types\/post"}],"author":[{"embeddable":true,"href":"https:\/\/ucnoqta.az\/index.php?rest_route=\/wp\/v2\/users\/1"}],"replies":[{"embeddable":true,"href":"https:\/\/ucnoqta.az\/index.php?rest_route=%2Fwp%2Fv2%2Fcomments&post=218175"}],"version-history":[{"count":0,"href":"https:\/\/ucnoqta.az\/index.php?rest_route=\/wp\/v2\/posts\/218175\/revisions"}],"wp:featuredmedia":[{"embeddable":true,"href":"https:\/\/ucnoqta.az\/index.php?rest_route=\/wp\/v2\/media\/251278"}],"wp:attachment":[{"href":"https:\/\/ucnoqta.az\/index.php?rest_route=%2Fwp%2Fv2%2Fmedia&parent=218175"}],"wp:term":[{"taxonomy":"category","embeddable":true,"href":"https:\/\/ucnoqta.az\/index.php?rest_route=%2Fwp%2Fv2%2Fcategories&post=218175"},{"taxonomy":"post_tag","embeddable":true,"href":"https:\/\/ucnoqta.az\/index.php?rest_route=%2Fwp%2Fv2%2Ftags&post=218175"}],"curies":[{"name":"wp","href":"https:\/\/api.w.org\/{rel}","templated":true}]}}