{"id":218159,"date":"2025-02-12T23:30:33","date_gmt":"2025-02-12T19:30:33","guid":{"rendered":""},"modified":"-0001-11-30T00:00:00","modified_gmt":"-0001-11-29T20:00:00","slug":"","status":"publish","type":"post","link":"https:\/\/ucnoqta.az\/?p=218159","title":{"rendered":"Zelenski bar\u0131\u015fmaq ist\u0259diyini deyir &#8211;"},"content":{"rendered":"<p><strong>AB\u015e prezidenti Donald Trampla s&ouml;hb\u0259ti zaman\u0131 Volodimir Zelenski s&uuml;lh\u0259 nail olmaq ist\u0259diyini bildirib.<\/strong><\/p>\n<p>Ucnoqta.az x\u0259b\u0259r verir ki, bu bar\u0259d\u0259 A\u011f Ev r\u0259hb\u0259ri Truth Social sosial \u015f\u0259b\u0259k\u0259sind\u0259 yaz\u0131b.<\/p>\n<p>&ldquo;M\u0259n indic\u0259 Ukrayna prezidenti Volodimir Zelenski il\u0259 dan\u0131\u015fd\u0131m. S&ouml;hb\u0259t &ccedil;ox yax\u015f\u0131 ke&ccedil;di. O,&nbsp;Putin kimi, bar\u0131\u015fmaq ist\u0259yir. Biz m&uuml;harib\u0259 il\u0259 ba\u011fl\u0131 bir &ccedil;ox m&ouml;vzular\u0131 m&uuml;zakir\u0259 etdik&rdquo;, &#8211; Tramp yaz\u0131b.<\/p>\n<p>&ldquo;Biz m&uuml;harib\u0259 il\u0259 ba\u011fl\u0131 bir &ccedil;ox m&ouml;vzular\u0131 m&uuml;zakir\u0259 etdik, lakin \u0259sas\u0259n c&uuml;m\u0259 g&uuml;n&uuml; M&uuml;nhend\u0259 ba\u015f tutacaq g&ouml;r&uuml;\u015fd\u0259 vitse-prezident Vens v\u0259 d&ouml;vl\u0259t katibi Marko Rubionun&nbsp; ba\u015f&ccedil;\u0131l\u0131q ed\u0259c\u0259yi g&ouml;r&uuml;\u015f bar\u0259d\u0259. &Uuml;mid edir\u0259m ki, bu g&ouml;r&uuml;\u015f&uuml;n n\u0259tic\u0259l\u0259ri m&uuml;sb\u0259t olacaq. K&uuml;tl\u0259vi v\u0259 tamamil\u0259 laz\u0131ms\u0131z &ouml;l&uuml;m v\u0259 da\u011f\u0131nt\u0131lara s\u0259b\u0259b olan bu m\u0259nas\u0131z m&uuml;harib\u0259ni dayand\u0131rma\u011f\u0131n vaxt\u0131d\u0131r. Allah Rusiya v\u0259 Ukrayna xalq\u0131na k&ouml;m\u0259k el\u0259sin&rdquo;, &ndash; A\u011f Evin sahibi yaz\u0131b.<\/p>\n","protected":false},"excerpt":{"rendered":"<p>AB\u015e prezidenti Donald Trampla s&ouml;hb\u0259ti zaman\u0131 Volodimir Zelenski s&uuml;lh\u0259 nail olmaq ist\u0259diyini bildirib. Ucnoqta.az x\u0259b\u0259r verir ki, bu bar\u0259d\u0259 A\u011f Ev r\u0259hb\u0259ri Truth Social sosial \u015f\u0259b\u0259k\u0259sind\u0259 yaz\u0131b. &ldquo;M\u0259n indic\u0259 Ukrayna&hellip;<\/p>\n","protected":false},"author":1,"featured_media":251278,"comment_status":"open","ping_status":"open","sticky":false,"template":"","format":"standard","meta":{"_lmt_disableupdate":"","_lmt_disable":"","footnotes":""},"categories":[89],"tags":[],"class_list":["post-218159","post","type-post","status-publish","format-standard","has-post-thumbnail","hentry","category-dunya-butun-xeberler"],"_links":{"self":[{"href":"https:\/\/ucnoqta.az\/index.php?rest_route=\/wp\/v2\/posts\/218159","targetHints":{"allow":["GET"]}}],"collection":[{"href":"https:\/\/ucnoqta.az\/index.php?rest_route=\/wp\/v2\/posts"}],"about":[{"href":"https:\/\/ucnoqta.az\/index.php?rest_route=\/wp\/v2\/types\/post"}],"author":[{"embeddable":true,"href":"https:\/\/ucnoqta.az\/index.php?rest_route=\/wp\/v2\/users\/1"}],"replies":[{"embeddable":true,"href":"https:\/\/ucnoqta.az\/index.php?rest_route=%2Fwp%2Fv2%2Fcomments&post=218159"}],"version-history":[{"count":0,"href":"https:\/\/ucnoqta.az\/index.php?rest_route=\/wp\/v2\/posts\/218159\/revisions"}],"wp:featuredmedia":[{"embeddable":true,"href":"https:\/\/ucnoqta.az\/index.php?rest_route=\/wp\/v2\/media\/251278"}],"wp:attachment":[{"href":"https:\/\/ucnoqta.az\/index.php?rest_route=%2Fwp%2Fv2%2Fmedia&parent=218159"}],"wp:term":[{"taxonomy":"category","embeddable":true,"href":"https:\/\/ucnoqta.az\/index.php?rest_route=%2Fwp%2Fv2%2Fcategories&post=218159"},{"taxonomy":"post_tag","embeddable":true,"href":"https:\/\/ucnoqta.az\/index.php?rest_route=%2Fwp%2Fv2%2Ftags&post=218159"}],"curies":[{"name":"wp","href":"https:\/\/api.w.org\/{rel}","templated":true}]}}