{"id":218152,"date":"2025-02-12T18:12:54","date_gmt":"2025-02-12T14:12:54","guid":{"rendered":""},"modified":"-0001-11-30T00:00:00","modified_gmt":"-0001-11-29T20:00:00","slug":"","status":"publish","type":"post","link":"https:\/\/ucnoqta.az\/?p=218152","title":{"rendered":"Antiinhisar v\u0259 \u0130stehlak Bazar\u0131na N\u0259zar\u0259t D\u00f6vl\u0259t Xidm\u0259ti D\u00f6vl\u0259t Agentliyin\u0259 \u00e7evrilib"},"content":{"rendered":"<p><strong>Az\u0259rbaycan Respublikas\u0131n\u0131n \u0130qtisadiyyat Nazirliyi yan\u0131nda Antiinhisar v\u0259 \u0130stehlak Bazar\u0131na N\u0259zar\u0259t D&ouml;vl\u0259t Xidm\u0259ti D&ouml;vl\u0259t Agentliyin\u0259 &ccedil;evrilib.<\/strong><\/p>\n<p>Ucnoqta.az x\u0259b\u0259r verir ki, Prezident \u0130lham \u018fliyev bununla ba\u011fl\u0131 m&uuml;vafiq F\u0259rman imzalay\u0131b.<\/p>\n<ul>\n<\/ul>\n<p>Az\u0259rbaycan Respublikas\u0131n\u0131n Prezidenti yan\u0131nda Antiinhisar v\u0259 \u0130stehlak Bazar\u0131na N\u0259zar\u0259t D&ouml;vl\u0259t Agentliyinin&nbsp;<a href=\"https:\/\/president.az\/az\/articles\/view\/68138\" target=\"_blank\">\u0259sasnam\u0259si<\/a>&nbsp;v\u0259&nbsp;<a href=\"https:\/\/president.az\/az\/articles\/view\/68139\" target=\"_blank\">strukturu&nbsp;<\/a>t\u0259sdiq edilib.<\/p>\n<p>Az\u0259rbaycan Respublikas\u0131n\u0131n Prezidenti yan\u0131nda Antiinhisar v\u0259 \u0130stehlak Bazar\u0131na N\u0259zar\u0259t D&ouml;vl\u0259t Agentliyinin Aparat\u0131n\u0131n i\u015f&ccedil;il\u0259rinin say h\u0259ddi 214 \u015ftat vahidi, regional b&ouml;lm\u0259l\u0259rinin i\u015f&ccedil;il\u0259rinin say h\u0259ddi 105 \u015ftat vahidi m&uuml;\u0259yy\u0259n edilib.<\/p>\n<p>M&uuml;\u0259yy\u0259n edilib ki:<\/p>\n<p>&#8211; Agentlik Az\u0259rbaycan Respublikas\u0131n\u0131n \u0130qtisadiyyat Nazirliyi yan\u0131nda Antiinhisar v\u0259 \u0130stehlak Bazar\u0131na N\u0259zar\u0259t D&ouml;vl\u0259t Xidm\u0259tinin h&uuml;quqi varisidir, onun b&uuml;t&uuml;n h&uuml;quq v\u0259 &ouml;hd\u0259likl\u0259ri, habel\u0259 \u0259mlak\u0131 Agentliy\u0259 ke&ccedil;ir;<\/p>\n<p>&#8211; Agentliyin strukturuna daxil olmayan tabeliyind\u0259ki qurumlar\u0131n siyah\u0131s\u0131 t\u0259sdiq edil\u0259n\u0259d\u0259k Xidm\u0259tin strukturuna daxil olmayan tabeliyind\u0259ki qurumlar f\u0259aliyy\u0259tini davam etdirirl\u0259r v\u0259 onlar\u0131n strukturu, i\u015f&ccedil;il\u0259rinin say h\u0259ddi, v\u0259zif\u0259 maa\u015flar\u0131, \u0259m\u0259yin &ouml;d\u0259nilm\u0259si sistemi, xidm\u0259tke&ccedil;m\u0259 il\u0259 ba\u011fl\u0131 h&uuml;quq v\u0259 v\u0259zif\u0259l\u0259ri bu F\u0259rman icra olunanad\u0259k d\u0259yi\u015fm\u0259z qal\u0131r;<\/p>\n<p>&#8211; &ouml;lk\u0259d\u0259 d&ouml;vl\u0259t \u0259yar n\u0259zar\u0259tini v\u0259 qiym\u0259tli metallar\u0131n, qiym\u0259tli da\u015flar\u0131n istehsal\u0131, emal\u0131, istifad\u0259si v\u0259 d&ouml;vriyy\u0259si, habel\u0259 emal edilm\u0259mi\u015f almazlar\u0131n idxal\u0131, ixrac\u0131, istifad\u0259si, d&ouml;vriyy\u0259si, u&ccedil;otu v\u0259 saxlan\u0131lmas\u0131, o c&uuml;ml\u0259d\u0259n izl\u0259nm\u0259si sah\u0259l\u0259rind\u0259 d&ouml;vl\u0259t n\u0259zar\u0259tini, h\u0259m&ccedil;inin emal edilm\u0259mi\u015f almaz\u0131n idxal\u0131na v\u0259 ixrac\u0131na r\u0259y verilm\u0259sini Agentlik bilavasit\u0259 v\u0259 tabeliyind\u0259ki qurumlar vasit\u0259sil\u0259 h\u0259yata ke&ccedil;irir.<\/p>\n<p>Nazirl\u0259r Kabineti:<\/p>\n<p>t\u0259klifl\u0259ri \u0259sas\u0131nda, onun strukturuna daxil olmayan tabeliyind\u0259ki qurumlar\u0131n siyah\u0131s\u0131n\u0131 iki ay m&uuml;dd\u0259tind\u0259 t\u0259sdiq edib Az\u0259rbaycan Respublikas\u0131n\u0131n Prezidentin\u0259 m\u0259lumat verm\u0259li;<\/p>\n<p>&#8211; &ldquo;Az\u0259rbaycan Respublikas\u0131nda bir s\u0131ra d&ouml;vl\u0259t orqanlar\u0131n\u0131n strukturunun optimalla\u015fd\u0131r\u0131lmas\u0131 v\u0259 idar\u0259 edilm\u0259sinin t\u0259kmill\u0259\u015fdirilm\u0259si il\u0259 ba\u011fl\u0131 \u0259lav\u0259 t\u0259dbirl\u0259r haqq\u0131nda&rdquo; Az\u0259rbaycan Respublikas\u0131 Prezidentinin 2019-cu il 17 yanvar tarixli 479 n&ouml;mr\u0259li F\u0259rman\u0131 il\u0259 l\u0259\u011fv edilmi\u015f Az\u0259rbaycan Respublikas\u0131 Maliyy\u0259 Nazirliyinin Qiym\u0259tli Metallara v\u0259 Qiym\u0259tli Da\u015flara N\u0259zar\u0259t D&ouml;vl\u0259t Xidm\u0259tinin \u0259mlak\u0131n\u0131n Agentliyin balans\u0131na verilm\u0259sini &uuml;&ccedil; ay m&uuml;dd\u0259tind\u0259 t\u0259min etm\u0259li;<\/p>\n<p>&#8211; bu F\u0259rmandan ir\u0259li g\u0259l\u0259n dig\u0259r m\u0259s\u0259l\u0259l\u0259ri h\u0259ll etm\u0259lidir.<\/p>\n","protected":false},"excerpt":{"rendered":"<p>Az\u0259rbaycan Respublikas\u0131n\u0131n \u0130qtisadiyyat Nazirliyi yan\u0131nda Antiinhisar v\u0259 \u0130stehlak Bazar\u0131na N\u0259zar\u0259t D&ouml;vl\u0259t Xidm\u0259ti D&ouml;vl\u0259t Agentliyin\u0259 &ccedil;evrilib. Ucnoqta.az x\u0259b\u0259r verir ki, Prezident \u0130lham \u018fliyev bununla ba\u011fl\u0131 m&uuml;vafiq F\u0259rman imzalay\u0131b. Az\u0259rbaycan Respublikas\u0131n\u0131n Prezidenti&hellip;<\/p>\n","protected":false},"author":1,"featured_media":251278,"comment_status":"open","ping_status":"open","sticky":false,"template":"","format":"standard","meta":{"_lmt_disableupdate":"","_lmt_disable":"","footnotes":""},"categories":[],"tags":[],"class_list":["post-218152","post","type-post","status-publish","format-standard","has-post-thumbnail","hentry"],"_links":{"self":[{"href":"https:\/\/ucnoqta.az\/index.php?rest_route=\/wp\/v2\/posts\/218152","targetHints":{"allow":["GET"]}}],"collection":[{"href":"https:\/\/ucnoqta.az\/index.php?rest_route=\/wp\/v2\/posts"}],"about":[{"href":"https:\/\/ucnoqta.az\/index.php?rest_route=\/wp\/v2\/types\/post"}],"author":[{"embeddable":true,"href":"https:\/\/ucnoqta.az\/index.php?rest_route=\/wp\/v2\/users\/1"}],"replies":[{"embeddable":true,"href":"https:\/\/ucnoqta.az\/index.php?rest_route=%2Fwp%2Fv2%2Fcomments&post=218152"}],"version-history":[{"count":0,"href":"https:\/\/ucnoqta.az\/index.php?rest_route=\/wp\/v2\/posts\/218152\/revisions"}],"wp:featuredmedia":[{"embeddable":true,"href":"https:\/\/ucnoqta.az\/index.php?rest_route=\/wp\/v2\/media\/251278"}],"wp:attachment":[{"href":"https:\/\/ucnoqta.az\/index.php?rest_route=%2Fwp%2Fv2%2Fmedia&parent=218152"}],"wp:term":[{"taxonomy":"category","embeddable":true,"href":"https:\/\/ucnoqta.az\/index.php?rest_route=%2Fwp%2Fv2%2Fcategories&post=218152"},{"taxonomy":"post_tag","embeddable":true,"href":"https:\/\/ucnoqta.az\/index.php?rest_route=%2Fwp%2Fv2%2Ftags&post=218152"}],"curies":[{"name":"wp","href":"https:\/\/api.w.org\/{rel}","templated":true}]}}