{"id":218151,"date":"2025-02-12T17:52:05","date_gmt":"2025-02-12T13:52:05","guid":{"rendered":""},"modified":"-0001-11-30T00:00:00","modified_gmt":"-0001-11-29T20:00:00","slug":"","status":"publish","type":"post","link":"https:\/\/ucnoqta.az\/?p=218151","title":{"rendered":"\u018ffv M\u0259s\u0259l\u0259l\u0259ri Komissiyas\u0131 100-d\u0259n \u00e7ox m\u00fcraci\u0259t\u0259 bax\u0131b"},"content":{"rendered":"<p>Prezident yan\u0131nda \u018ffv M\u0259s\u0259l\u0259l\u0259ri Komissiyas\u0131n\u0131n 2025-ci il &uuml;&ccedil;&uuml;n ilk iclas\u0131 ke&ccedil;irilib.<\/p>\n<p>Bu bar\u0259d\u0259 &quot;Report&quot;a Komissiyan\u0131n &uuml;zv&uuml; R\u0259\u015fad M\u0259cid m\u0259lumat verib.<\/p>\n<p>R\u0259\u015fad M\u0259cid qeyd edib ki, iclas\u0131 Prezidentinin Administrasiyas\u0131n\u0131n r\u0259hb\u0259ri Samir Nuriyev a&ccedil;\u0131b:<\/p>\n<p>&quot;Samir Nuriyev indiy\u0259 q\u0259d\u0259r Az\u0259rbaycanda imzalanan \u0259fv s\u0259r\u0259ncamlar\u0131 bar\u0259d\u0259 dan\u0131\u015fd\u0131. Az\u0259rbaycan Prezidenti t\u0259r\u0259find\u0259n g&ouml;st\u0259ril\u0259n humanizm aktlar\u0131n\u0131n oldu\u011funu s&ouml;yl\u0259yib. Daha sonra iclas\u0131n g&uuml;nd\u0259liyinin a&ccedil;\u0131qlan\u0131b. \u0130clas &ccedil;ox m\u0259hsuldar ke&ccedil;di v\u0259 100-d\u0259n art\u0131q m&uuml;raci\u0259t\u0259 bax\u0131ld\u0131. Bunlar a\u011f\u0131r cinay\u0259tl\u0259rl\u0259 v\u0259 \u0259sas\u0259n d\u0259 &ouml;l&uuml;m i\u015find\u0259 t\u0259qsirl\u0259ndiril\u0259n \u015f\u0259xsl\u0259rin m&uuml;raci\u0259tl\u0259ri idi. H\u0259r bir m&uuml;raci\u0259t diqq\u0259tl\u0259 ara\u015fd\u0131r\u0131ld\u0131. H\u0259m Administrasiyan\u0131n m&uuml;vafiq \u015f&ouml;b\u0259l\u0259ri h\u0259m d\u0259 h&uuml;quq-m&uuml;hafiz\u0259 orqanlar\u0131 t\u0259r\u0259find\u0259n veril\u0259n r\u0259yl\u0259r n\u0259z\u0259r\u0259 al\u0131naraq komissiya &uuml;zvl\u0259rinin fikirl\u0259ri n\u0259z\u0259r\u0259 al\u0131nd\u0131 v\u0259 s\u0259sverm\u0259 n\u0259tic\u0259sind\u0259 q\u0259rarlar q\u0259bul edildi&quot;.<\/p>\n","protected":false},"excerpt":{"rendered":"<p>Prezident yan\u0131nda \u018ffv M\u0259s\u0259l\u0259l\u0259ri Komissiyas\u0131n\u0131n 2025-ci il &uuml;&ccedil;&uuml;n ilk iclas\u0131 ke&ccedil;irilib. Bu bar\u0259d\u0259 &quot;Report&quot;a Komissiyan\u0131n &uuml;zv&uuml; R\u0259\u015fad M\u0259cid m\u0259lumat verib. R\u0259\u015fad M\u0259cid qeyd edib ki, iclas\u0131 Prezidentinin Administrasiyas\u0131n\u0131n r\u0259hb\u0259ri Samir&hellip;<\/p>\n","protected":false},"author":1,"featured_media":251278,"comment_status":"open","ping_status":"open","sticky":false,"template":"","format":"standard","meta":{"_lmt_disableupdate":"","_lmt_disable":"","footnotes":""},"categories":[],"tags":[],"class_list":["post-218151","post","type-post","status-publish","format-standard","has-post-thumbnail","hentry"],"_links":{"self":[{"href":"https:\/\/ucnoqta.az\/index.php?rest_route=\/wp\/v2\/posts\/218151","targetHints":{"allow":["GET"]}}],"collection":[{"href":"https:\/\/ucnoqta.az\/index.php?rest_route=\/wp\/v2\/posts"}],"about":[{"href":"https:\/\/ucnoqta.az\/index.php?rest_route=\/wp\/v2\/types\/post"}],"author":[{"embeddable":true,"href":"https:\/\/ucnoqta.az\/index.php?rest_route=\/wp\/v2\/users\/1"}],"replies":[{"embeddable":true,"href":"https:\/\/ucnoqta.az\/index.php?rest_route=%2Fwp%2Fv2%2Fcomments&post=218151"}],"version-history":[{"count":0,"href":"https:\/\/ucnoqta.az\/index.php?rest_route=\/wp\/v2\/posts\/218151\/revisions"}],"wp:featuredmedia":[{"embeddable":true,"href":"https:\/\/ucnoqta.az\/index.php?rest_route=\/wp\/v2\/media\/251278"}],"wp:attachment":[{"href":"https:\/\/ucnoqta.az\/index.php?rest_route=%2Fwp%2Fv2%2Fmedia&parent=218151"}],"wp:term":[{"taxonomy":"category","embeddable":true,"href":"https:\/\/ucnoqta.az\/index.php?rest_route=%2Fwp%2Fv2%2Fcategories&post=218151"},{"taxonomy":"post_tag","embeddable":true,"href":"https:\/\/ucnoqta.az\/index.php?rest_route=%2Fwp%2Fv2%2Ftags&post=218151"}],"curies":[{"name":"wp","href":"https:\/\/api.w.org\/{rel}","templated":true}]}}