{"id":218147,"date":"2025-02-12T16:14:15","date_gmt":"2025-02-12T12:14:15","guid":{"rendered":""},"modified":"-0001-11-30T00:00:00","modified_gmt":"-0001-11-29T20:00:00","slug":"","status":"publish","type":"post","link":"https:\/\/ucnoqta.az\/?p=218147","title":{"rendered":"\u201cBiznesin m\u00fcflisl\u0259\u015fm\u0259si\u201d \u0130\u015f\u00e7i qrupunun n\u00f6vb\u0259ti iclas\u0131 ke\u00e7irilib"},"content":{"rendered":"<p><strong>Biznes M&uuml;hiti v\u0259 Beyn\u0259lxalq Reytinql\u0259r &uuml;zr\u0259 Komissiyan\u0131n \u018fdliyy\u0259 Nazirliyinin r\u0259hb\u0259rlik etdiyi &ldquo;Biznesin m&uuml;flisl\u0259\u015fm\u0259si&rdquo; \u0130\u015f&ccedil;i qrupunun 2024-c&uuml; ilin yekunlar\u0131 v\u0259&nbsp; 2025-ci il &uuml;zr\u0259 prioritet v\u0259zif\u0259l\u0259r\u0259 h\u0259sr olunan geni\u015f t\u0259rkibd\u0259 iclas\u0131 ke&ccedil;irilib.&nbsp;<\/strong><\/p>\n<p>Ucnoqta.az x\u0259b\u0259r verir ki, iclasda Biznes M&uuml;hiti v\u0259 Beyn\u0259lxalq Reytinql\u0259r &uuml;zr\u0259 Komissiyan\u0131n Katibliyi, \u018fdliyy\u0259 Nazirliyinin, Ali M\u0259hk\u0259m\u0259nin v\u0259 M\u0259hk\u0259m\u0259-H&uuml;quq \u015euras\u0131n\u0131n \u0259m\u0259kda\u015flar\u0131, \u0130qtisadiyyat Nazirliyi v\u0259 Nazirliyin yan\u0131nda D&ouml;vl\u0259t Vergi Xidm\u0259ti, V\u0259kill\u0259r Kollegiyas\u0131n\u0131n n&uuml;may\u0259nd\u0259l\u0259ri v\u0259 \u0130\u015f&ccedil;i qrupun dig\u0259r &uuml;zvl\u0259ri, o c&uuml;ml\u0259d\u0259n &ouml;z\u0259l sektorun n&uuml;may\u0259nd\u0259l\u0259ri i\u015ftirak edibl\u0259r.&nbsp;<\/p>\n<p>T\u0259dbird\u0259 Prezident Administrasiyas\u0131n\u0131n \u0130qtisadi siyas\u0259t v\u0259 s\u0259naye m\u0259s\u0259l\u0259l\u0259ri \u015f&ouml;b\u0259sinin sektor m&uuml;diri, Komissiyan\u0131n Katibliyinin r\u0259hb\u0259ri V&uuml;sal \u015e\u0131x\u0259liyev a&ccedil;\u0131l\u0131\u015f nitqi il\u0259 &ccedil;\u0131x\u0131\u015f ed\u0259r\u0259k Biznes m&uuml;hiti v\u0259 beyn\u0259lxalq reytinql\u0259r &uuml;zr\u0259 Komissiyan\u0131n &ldquo;Biznesin m&uuml;flisl\u0259\u015fm\u0259si&rdquo; \u0130\u015f&ccedil;i qrupu &ccedil;\u0259r&ccedil;iv\u0259sind\u0259 aidiyy\u0259ti qurumlar\u0131n\u0131n m\u0259qs\u0259dy&ouml;nl&uuml; v\u0259 koordinasiyal\u0131 f\u0259aliyy\u0259ti n\u0259tic\u0259sind\u0259 qazan\u0131lm\u0131\u015f nailiyy\u0259tl\u0259rin &ouml;lk\u0259mizd\u0259 biznes m&uuml;hitinin daha da yax\u015f\u0131la\u015fd\u0131r\u0131lmas\u0131na v\u0259 beyn\u0259lxalq reytinql\u0259rin y&uuml;ks\u0259lm\u0259sin\u0259 xidm\u0259t etdiyini bildirib. Daha sonra o, i\u015f&ccedil;i qrupun yeni r\u0259hb\u0259rini iclas i\u015ftirak&ccedil;\u0131lar\u0131na t\u0259qdim edib.&nbsp;<\/p>\n<p>Az\u0259rbaycan Respublikas\u0131 \u0259dliyy\u0259 nazirinin m&uuml;avini, \u0130\u015f&ccedil;i qrupun r\u0259hb\u0259ri Abiddin H&uuml;seynov &ccedil;\u0131x\u0131\u015f ed\u0259r\u0259k 2025-ci il &uuml;zr\u0259 qar\u015f\u0131da duran prioritet v\u0259zif\u0259l\u0259r v\u0259 biznesin m&uuml;flisl\u0259\u015fm\u0259si sah\u0259sinin daha da inki\u015faf etdirilm\u0259si il\u0259 \u0259laq\u0259dar &ouml;t\u0259n d&ouml;vrd\u0259 g&ouml;r&uuml;l\u0259n i\u015fl\u0259r bar\u0259d\u0259 m\u0259lumat verib, \u0130\u015f&ccedil;i qrupun f\u0259aliyy\u0259ti n\u0259tic\u0259sind\u0259 \u0259ld\u0259 edilmi\u015f \u0259sas nailiyy\u0259tl\u0259ri s\u0259sl\u0259ndirib.<\/p>\n<p>Qeyd olunub ki, 2024-c&uuml; il &uuml;zr\u0259 Yol X\u0259rit\u0259sinin icras\u0131 il\u0259 ba\u011fl\u0131 &ldquo;Biznesin m&uuml;flisl\u0259\u015fm\u0259si&rdquo; \u0130\u015f&ccedil;i qrupu t\u0259r\u0259find\u0259n t\u0259\u015fkilati, qanunvericilik v\u0259 maarifl\u0259ndirici i\u015fl\u0259r g&ouml;r&uuml;l&uuml;b. Yol X\u0259rit\u0259sinin f\u0259aliyy\u0259t istiqam\u0259tl\u0259ri &uuml;zr\u0259 m&uuml;\u0259yy\u0259n edilmi\u015f t\u0259dbirl\u0259r &ouml;t\u0259n d&ouml;vr \u0259rzind\u0259 \u0259sas\u0259n m&uuml;v\u0259ff\u0259qiyy\u0259tl\u0259 icra edilib, bir s\u0131ra t\u0259dbirl\u0259rin icras\u0131 is\u0259 2025-ci ild\u0259 d\u0259 davam etdiril\u0259c\u0259k.<\/p>\n<p>&ldquo;Sa\u011flamla\u015fd\u0131rma v\u0259 m&uuml;flisl\u0259\u015fm\u0259 haqq\u0131nda&rdquo; yeni qanun layih\u0259sinin haz\u0131rlanmas\u0131 i\u015finin tamamlanmas\u0131 istiqam\u0259tind\u0259 intensiv i\u015fl\u0259rin g&ouml;r&uuml;ld&uuml;y&uuml; v\u0259 h\u0259min qanun layih\u0259sinin ilkin versiyas\u0131n\u0131n redakt\u0259sinin yekunla\u015fmaq &uuml;zr\u0259 oldu\u011fu bar\u0259d\u0259 m\u0259lumat verilib.<\/p>\n<p>\u0130clas zaman\u0131, h\u0259m&ccedil;inin \u0130\u015f&ccedil;i qrupun &uuml;zvl\u0259ri t\u0259r\u0259find\u0259n Yol X\u0259rit\u0259sind\u0259 n\u0259z\u0259rd\u0259 tutulmu\u015f tap\u015f\u0131r\u0131qlar &uuml;zr\u0259 \u0259sas nailiyy\u0259tl\u0259r t\u0259qdim olunub v\u0259 2025-c&uuml; il &uuml;&ccedil;&uuml;n Yol X\u0259rit\u0259sinin haz\u0131rlanmas\u0131na dair fikir m&uuml;badil\u0259si apar\u0131l\u0131b.<\/p>\n<p>T\u0259dbir iclas i\u015ftirak&ccedil;\u0131lar\u0131n\u0131n &ccedil;\u0131x\u0131\u015flar\u0131 v\u0259 \u0130\u015f&ccedil;i qrupun f\u0259aliyy\u0259ti il\u0259 ba\u011fl\u0131 m&uuml;zakir\u0259l\u0259rl\u0259 davam etdirilib.<\/p>\n<p>M\u0259lumat &uuml;&ccedil;&uuml;n qeyd ed\u0259k ki, Biznes m&uuml;hiti v\u0259 beyn\u0259lxalq reytinql\u0259r &uuml;zr\u0259 Komissiyan\u0131n &ldquo;Biznesin m&uuml;flisl\u0259\u015fm\u0259si&rdquo; \u0130\u015f&ccedil;i qrupuna r\u0259hb\u0259rliyi \u018fdliyy\u0259 Nazirliyi h\u0259yata ke&ccedil;irir.<\/p>\n","protected":false},"excerpt":{"rendered":"<p>Biznes M&uuml;hiti v\u0259 Beyn\u0259lxalq Reytinql\u0259r &uuml;zr\u0259 Komissiyan\u0131n \u018fdliyy\u0259 Nazirliyinin r\u0259hb\u0259rlik etdiyi &ldquo;Biznesin m&uuml;flisl\u0259\u015fm\u0259si&rdquo; \u0130\u015f&ccedil;i qrupunun 2024-c&uuml; ilin yekunlar\u0131 v\u0259&nbsp; 2025-ci il &uuml;zr\u0259 prioritet v\u0259zif\u0259l\u0259r\u0259 h\u0259sr olunan geni\u015f t\u0259rkibd\u0259 iclas\u0131 ke&ccedil;irilib.&nbsp;&hellip;<\/p>\n","protected":false},"author":1,"featured_media":251278,"comment_status":"open","ping_status":"open","sticky":false,"template":"","format":"standard","meta":{"_lmt_disableupdate":"","_lmt_disable":"","footnotes":""},"categories":[],"tags":[],"class_list":["post-218147","post","type-post","status-publish","format-standard","has-post-thumbnail","hentry"],"_links":{"self":[{"href":"https:\/\/ucnoqta.az\/index.php?rest_route=\/wp\/v2\/posts\/218147","targetHints":{"allow":["GET"]}}],"collection":[{"href":"https:\/\/ucnoqta.az\/index.php?rest_route=\/wp\/v2\/posts"}],"about":[{"href":"https:\/\/ucnoqta.az\/index.php?rest_route=\/wp\/v2\/types\/post"}],"author":[{"embeddable":true,"href":"https:\/\/ucnoqta.az\/index.php?rest_route=\/wp\/v2\/users\/1"}],"replies":[{"embeddable":true,"href":"https:\/\/ucnoqta.az\/index.php?rest_route=%2Fwp%2Fv2%2Fcomments&post=218147"}],"version-history":[{"count":0,"href":"https:\/\/ucnoqta.az\/index.php?rest_route=\/wp\/v2\/posts\/218147\/revisions"}],"wp:featuredmedia":[{"embeddable":true,"href":"https:\/\/ucnoqta.az\/index.php?rest_route=\/wp\/v2\/media\/251278"}],"wp:attachment":[{"href":"https:\/\/ucnoqta.az\/index.php?rest_route=%2Fwp%2Fv2%2Fmedia&parent=218147"}],"wp:term":[{"taxonomy":"category","embeddable":true,"href":"https:\/\/ucnoqta.az\/index.php?rest_route=%2Fwp%2Fv2%2Fcategories&post=218147"},{"taxonomy":"post_tag","embeddable":true,"href":"https:\/\/ucnoqta.az\/index.php?rest_route=%2Fwp%2Fv2%2Ftags&post=218147"}],"curies":[{"name":"wp","href":"https:\/\/api.w.org\/{rel}","templated":true}]}}