{"id":218146,"date":"2025-02-12T16:04:27","date_gmt":"2025-02-12T12:04:27","guid":{"rendered":""},"modified":"-0001-11-30T00:00:00","modified_gmt":"-0001-11-29T20:00:00","slug":"","status":"publish","type":"post","link":"https:\/\/ucnoqta.az\/?p=218146","title":{"rendered":"Tramp administrasiyas\u0131 8 mind\u0259n \u00e7ox federal i\u015f yerini ixtisar edir"},"content":{"rendered":"<p><strong>AB\u015e prezidenti Donald Tramp\u0131n administrasiyas\u0131 8 mind\u0259n &ccedil;ox insan\u0131 ixtisar etm\u0259kl\u0259 federal i\u015f&ccedil;il\u0259rin geni\u015f miqyasl\u0131 ixtisar\u0131na ba\u015flay\u0131b.<\/strong><\/p>\n<p>Ucnoqta.az x\u0259b\u0259r verir ki, bu bar\u0259d\u0259 New York Times m\u0259lumat yay\u0131b.<\/p>\n<p>M\u0259lumata g&ouml;r\u0259, Tramp normalara v\u0259 h&uuml;quqi m\u0259hdudiyy\u0259tl\u0259r\u0259 m\u0259h\u0259l qoymadan federal b&uuml;rokratiya il\u0259 s&uuml;r\u0259tl\u0259 m&uuml;harib\u0259y\u0259 ba\u015flay\u0131b.<br \/>\n&nbsp;Q\u0259zetin yazd\u0131\u011f\u0131na g&ouml;r\u0259, AB\u015e Beyn\u0259lxalq \u0130nki\u015faf Agentliyi (USAID), m&uuml;xt\u0259liflik v\u0259 inkl&uuml;ziv proqramlar\u0131n 129 \u0259m\u0259kda\u015f\u0131, 6 yanvar 2021-ci ild\u0259 Tramp t\u0259r\u0259fdarlar\u0131n\u0131n AB\u015e Konqresi h&ouml;kum\u0259tin\u0259 h&uuml;cumu zaman\u0131 ba\u015f ver\u0259n hadis\u0259l\u0259rl\u0259 ba\u011fl\u0131 33 m&uuml;st\u0259ntiq, Tramp\u0131n m&uuml;f\u0259tti\u015fl\u0259ri v\u0259 t\u0259hqiqatlar\u0131 il\u0259 ba\u011fl\u0131 \u0259n az\u0131 8700 federal qurum i\u015f&ccedil;isi,&nbsp;22 d&ouml;vl\u0259t m&uuml;f\u0259tti\u015fi i\u015fd\u0259n &ccedil;\u0131xar\u0131l\u0131b.<\/p>\n<p>The New York Times qeyd edir ki, m\u0259hk\u0259m\u0259l\u0259r administrasiyan\u0131n b\u0259zi t\u0259dbirl\u0259rini m&uuml;v\u0259qq\u0259ti olaraq dayand\u0131r\u0131b, lakin yax\u0131n h\u0259ft\u0259l\u0259rd\u0259 daha &ccedil;ox h&ouml;kum\u0259t i\u015f&ccedil;il\u0259rinin ixtisar\u0131 g&ouml;zl\u0259nilir.<\/p>\n","protected":false},"excerpt":{"rendered":"<p>AB\u015e prezidenti Donald Tramp\u0131n administrasiyas\u0131 8 mind\u0259n &ccedil;ox insan\u0131 ixtisar etm\u0259kl\u0259 federal i\u015f&ccedil;il\u0259rin geni\u015f miqyasl\u0131 ixtisar\u0131na ba\u015flay\u0131b. Ucnoqta.az x\u0259b\u0259r verir ki, bu bar\u0259d\u0259 New York Times m\u0259lumat yay\u0131b. M\u0259lumata g&ouml;r\u0259,&hellip;<\/p>\n","protected":false},"author":1,"featured_media":251278,"comment_status":"open","ping_status":"open","sticky":false,"template":"","format":"standard","meta":{"_lmt_disableupdate":"","_lmt_disable":"","footnotes":""},"categories":[89],"tags":[],"class_list":["post-218146","post","type-post","status-publish","format-standard","has-post-thumbnail","hentry","category-dunya-butun-xeberler"],"_links":{"self":[{"href":"https:\/\/ucnoqta.az\/index.php?rest_route=\/wp\/v2\/posts\/218146","targetHints":{"allow":["GET"]}}],"collection":[{"href":"https:\/\/ucnoqta.az\/index.php?rest_route=\/wp\/v2\/posts"}],"about":[{"href":"https:\/\/ucnoqta.az\/index.php?rest_route=\/wp\/v2\/types\/post"}],"author":[{"embeddable":true,"href":"https:\/\/ucnoqta.az\/index.php?rest_route=\/wp\/v2\/users\/1"}],"replies":[{"embeddable":true,"href":"https:\/\/ucnoqta.az\/index.php?rest_route=%2Fwp%2Fv2%2Fcomments&post=218146"}],"version-history":[{"count":0,"href":"https:\/\/ucnoqta.az\/index.php?rest_route=\/wp\/v2\/posts\/218146\/revisions"}],"wp:featuredmedia":[{"embeddable":true,"href":"https:\/\/ucnoqta.az\/index.php?rest_route=\/wp\/v2\/media\/251278"}],"wp:attachment":[{"href":"https:\/\/ucnoqta.az\/index.php?rest_route=%2Fwp%2Fv2%2Fmedia&parent=218146"}],"wp:term":[{"taxonomy":"category","embeddable":true,"href":"https:\/\/ucnoqta.az\/index.php?rest_route=%2Fwp%2Fv2%2Fcategories&post=218146"},{"taxonomy":"post_tag","embeddable":true,"href":"https:\/\/ucnoqta.az\/index.php?rest_route=%2Fwp%2Fv2%2Ftags&post=218146"}],"curies":[{"name":"wp","href":"https:\/\/api.w.org\/{rel}","templated":true}]}}