{"id":218134,"date":"2025-02-12T14:25:40","date_gmt":"2025-02-12T10:25:40","guid":{"rendered":""},"modified":"-0001-11-30T00:00:00","modified_gmt":"-0001-11-29T20:00:00","slug":"","status":"publish","type":"post","link":"https:\/\/ucnoqta.az\/?p=218134","title":{"rendered":"Bu t\u0259l\u0259b\u0259l\u0259rin t\u0259hsil haqq\u0131n\u0131 d\u00f6vl\u0259t \u00f6d\u0259y\u0259c\u0259k"},"content":{"rendered":"<p><strong>\u0130\u015f\u011faldan azad olunmu\u015f \u0259razil\u0259rd\u0259 &ouml;d\u0259ni\u015fli \u0259saslarla t\u0259hsil alan \u015f\u0259xsl\u0259rl\u0259 ba\u011fl\u0131 qanunvericiliy\u0259 d\u0259yi\u015fiklik olunur.<\/strong><\/p>\n<p>Ucnoqta.az x\u0259b\u0259r verir ki, bu, Milli M\u0259clisin Elm v\u0259 t\u0259hsil komit\u0259sinin bu g&uuml;n ke&ccedil;iril\u0259n iclas\u0131nda m&uuml;zakir\u0259y\u0259 &ccedil;\u0131xar\u0131lan &ldquo;T\u0259hsil haqq\u0131nda&rdquo; v\u0259 &ldquo;Pe\u015f\u0259 t\u0259hsili haqq\u0131nda&rdquo; qanunlar\u0131nda d\u0259yi\u015fiklik edilm\u0259si bar\u0259d\u0259 Az\u0259rbaycan Respublikas\u0131 qanununun layih\u0259sind\u0259 &ouml;z \u0259ksini tap\u0131b.<\/p>\n<p>Layih\u0259y\u0259 \u0259sas\u0259n, i\u015f\u011faldan azad edilmi\u015f \u0259razil\u0259rd\u0259 m\u0259skunla\u015fm\u0131\u015f v\u0259 2025\/2026, 2026\/2027, 2027\/2028-ci t\u0259dris ill\u0259rind\u0259 d&ouml;vl\u0259t, b\u0259l\u0259diyy\u0259 v\u0259 &ouml;z\u0259l pe\u015f\u0259 t\u0259hsili m&uuml;\u0259ssis\u0259l\u0259rin\u0259 q\u0259bul olunmu\u015f, habel\u0259 h\u0259min t\u0259hsil m&uuml;\u0259ssis\u0259l\u0259rind\u0259 t\u0259hsil almaqda olan \u015f\u0259xsl\u0259rin t\u0259hsil m&uuml;\u0259ssis\u0259l\u0259rind\u0259 &ouml;d\u0259ni\u015fli \u0259saslarla t\u0259hsil ald\u0131qlar\u0131 m&uuml;dd\u0259td\u0259 t\u0259hsil haqq\u0131 d&ouml;vl\u0259t b&uuml;dc\u0259sinin v\u0259saiti hesab\u0131na &ouml;d\u0259nil\u0259c\u0259k.<\/p>\n<p>Qeyd edilib ki, Az\u0259rbaycan Prezidentinin m&uuml;vafiq s\u0259r\u0259ncamlar\u0131ndan ir\u0259li g\u0259l\u0259n t\u0259l\u0259bl\u0259rin icras\u0131n\u0131 t\u0259min etm\u0259k m\u0259qs\u0259dil\u0259 Az\u0259rbaycan Respublikas\u0131n\u0131n Nazirl\u0259r Kabinetinin 2023-c&uuml; il 13 dekabr tarixli S\u0259r\u0259ncam\u0131 il\u0259 &ldquo;Az\u0259rbaycan Respublikas\u0131n\u0131n i\u015f\u011faldan azad edilmi\u015f \u0259razil\u0259rind\u0259 2024-2026-c\u0131 ill\u0259rd\u0259 \u0259halinin m\u0259\u015f\u011fulluq imkanlar\u0131n\u0131n art\u0131r\u0131lmas\u0131na dair T\u0259dbirl\u0259r Plan\u0131&rdquo; t\u0259sdiq edilib. S&ouml;z&uuml;ged\u0259n T\u0259dbirl\u0259r Plan\u0131na \u0259sas\u0259n h\u0259min \u0259razil\u0259rd\u0259 m\u0259skunla\u015fan \u0259haliy\u0259 m&uuml;nasib\u0259td\u0259 pe\u015f\u0259 haz\u0131rl\u0131\u011f\u0131n\u0131n v\u0259 t\u0259drisinin t\u0259\u015fkili il\u0259 ba\u011fl\u0131 2024-2026-c\u0131 ill\u0259r \u0259rzind\u0259 bir s\u0131ra t\u0259dbirl\u0259rin h\u0259yata ke&ccedil;irilm\u0259si n\u0259z\u0259rd\u0259 tutulub.<\/p>\n<p>T\u0259qdim olunan qanun layih\u0259si d\u0259 i\u015f\u011faldan azad edilmi\u015f \u0259razil\u0259rd\u0259 \u0259halinin dayan\u0131ql\u0131 m\u0259\u015f\u011fullu\u011funun t\u0259min edilm\u0259si v\u0259 z\u0259ruri kadr potensial\u0131n\u0131n formala\u015fd\u0131r\u0131lmas\u0131 sah\u0259sind\u0259 h\u0259yata ke&ccedil;iril\u0259c\u0259k t\u0259dbirl\u0259rd\u0259n biri kimi h\u0259min \u0259razil\u0259rin iqtisadi potensial\u0131 v\u0259 \u0259m\u0259k bazar\u0131n\u0131n t\u0259l\u0259bl\u0259ri n\u0259z\u0259r\u0259 al\u0131naraq pe\u015f\u0259 t\u0259hsilinin stimulla\u015fd\u0131r\u0131lmas\u0131 m\u0259qs\u0259dil\u0259 haz\u0131rlan\u0131b.<\/p>\n<p>Bel\u0259 ki, q&uuml;vv\u0259d\u0259 olan qanunvericiliy\u0259 \u0259sas\u0259n i\u015f\u011faldan azad edil\u0259n \u0259razil\u0259rd\u0259 m\u0259skunla\u015fmas\u0131 n\u0259z\u0259rd\u0259 tutulan \u0259haliy\u0259 m&uuml;nasib\u0259td\u0259 pe\u015f\u0259 t\u0259hsili &uuml;zr\u0259 t\u0259hsil haqq\u0131n\u0131n d&ouml;vl\u0259t b&uuml;dc\u0259si v\u0259saiti hesab\u0131na &ouml;d\u0259nilm\u0259sin\u0259 dair h\u0259r hans\u0131 normativ t\u0259nziml\u0259m\u0259 m&ouml;vcud deyil.<\/p>\n<p>Layih\u0259nin q\u0259bulu n\u0259tic\u0259sind\u0259 i\u015f\u011faldan azad edilmi\u015f \u0259razil\u0259rind\u0259 m\u0259skunla\u015fm\u0131\u015f Az\u0259rbaycan Respublikas\u0131 v\u0259t\u0259nda\u015flar\u0131n\u0131n t\u0259hsil haqlar\u0131n\u0131n d&ouml;vl\u0259t b&uuml;dc\u0259si hesab\u0131na maliyy\u0259l\u0259\u015fdirilm\u0259sini t\u0259min ed\u0259n h&uuml;quqi mexanizm formala\u015fd\u0131r\u0131lm\u0131\u015f olacaq.\/\/\/modern.az<\/p>\n","protected":false},"excerpt":{"rendered":"<p>\u0130\u015f\u011faldan azad olunmu\u015f \u0259razil\u0259rd\u0259 &ouml;d\u0259ni\u015fli \u0259saslarla t\u0259hsil alan \u015f\u0259xsl\u0259rl\u0259 ba\u011fl\u0131 qanunvericiliy\u0259 d\u0259yi\u015fiklik olunur. Ucnoqta.az x\u0259b\u0259r verir ki, bu, Milli M\u0259clisin Elm v\u0259 t\u0259hsil komit\u0259sinin bu g&uuml;n ke&ccedil;iril\u0259n iclas\u0131nda m&uuml;zakir\u0259y\u0259 &ccedil;\u0131xar\u0131lan&hellip;<\/p>\n","protected":false},"author":1,"featured_media":251278,"comment_status":"open","ping_status":"open","sticky":false,"template":"","format":"standard","meta":{"_lmt_disableupdate":"","_lmt_disable":"","footnotes":""},"categories":[101],"tags":[],"class_list":["post-218134","post","type-post","status-publish","format-standard","has-post-thumbnail","hentry","category-cemiyyet"],"_links":{"self":[{"href":"https:\/\/ucnoqta.az\/index.php?rest_route=\/wp\/v2\/posts\/218134","targetHints":{"allow":["GET"]}}],"collection":[{"href":"https:\/\/ucnoqta.az\/index.php?rest_route=\/wp\/v2\/posts"}],"about":[{"href":"https:\/\/ucnoqta.az\/index.php?rest_route=\/wp\/v2\/types\/post"}],"author":[{"embeddable":true,"href":"https:\/\/ucnoqta.az\/index.php?rest_route=\/wp\/v2\/users\/1"}],"replies":[{"embeddable":true,"href":"https:\/\/ucnoqta.az\/index.php?rest_route=%2Fwp%2Fv2%2Fcomments&post=218134"}],"version-history":[{"count":0,"href":"https:\/\/ucnoqta.az\/index.php?rest_route=\/wp\/v2\/posts\/218134\/revisions"}],"wp:featuredmedia":[{"embeddable":true,"href":"https:\/\/ucnoqta.az\/index.php?rest_route=\/wp\/v2\/media\/251278"}],"wp:attachment":[{"href":"https:\/\/ucnoqta.az\/index.php?rest_route=%2Fwp%2Fv2%2Fmedia&parent=218134"}],"wp:term":[{"taxonomy":"category","embeddable":true,"href":"https:\/\/ucnoqta.az\/index.php?rest_route=%2Fwp%2Fv2%2Fcategories&post=218134"},{"taxonomy":"post_tag","embeddable":true,"href":"https:\/\/ucnoqta.az\/index.php?rest_route=%2Fwp%2Fv2%2Ftags&post=218134"}],"curies":[{"name":"wp","href":"https:\/\/api.w.org\/{rel}","templated":true}]}}