{"id":218131,"date":"2025-02-12T13:43:30","date_gmt":"2025-02-12T09:43:30","guid":{"rendered":""},"modified":"-0001-11-30T00:00:00","modified_gmt":"-0001-11-29T20:00:00","slug":"","status":"publish","type":"post","link":"https:\/\/ucnoqta.az\/?p=218131","title":{"rendered":"&#8220;Bir n\u0259f\u0259rin t\u0259k \u00e7\u0131xmas\u0131 m\u00fcmk\u00fcn deyil &#8230;\u201d &#8211;"},"content":{"rendered":"<p><strong>&quot;Bird\u0259n qar\u015f\u0131ma &ldquo;vetnamka&rdquo; &ccedil;\u0131xd\u0131. D&uuml;\u015f&uuml;nd&uuml;m ki, &ldquo;vetnamka&rdquo; bura hardan d&uuml;\u015f&uuml;b. Sonra diqq\u0259tl\u0259 baxd\u0131m, insan s&uuml;m&uuml;kl\u0259rin\u0259 rast g\u0259ldim. Onda dedim ki, burada n\u0259s\u0259 var&#8230;&rdquo;<\/strong><\/p>\n<p>Ucnoqta.az&nbsp;x\u0259b\u0259r verir ki, bunu Lent.az-a 3 il \u0259vv\u0259l itkin d&uuml;\u015f\u0259n hindistanl\u0131 turistin qal\u0131qlar\u0131n\u0131 a\u015fkar ed\u0259n Zaqatala sakini bildirib.<\/p>\n<p>Rayonun Maz\u0131x k\u0259nd sakini Ruslan \u018fliyev da\u011fda qar\u015f\u0131la\u015fd\u0131\u011f\u0131 m\u0259nz\u0259r\u0259ni bel\u0259 dan\u0131\u015f\u0131b:<\/p>\n<p>&ldquo;Biz 4 n\u0259f\u0259r idik. Da\u011fa yayla\u011fa g\u0259zm\u0259y\u0259 getmi\u015fdik. Qalxanda g&ouml;rd&uuml;k ki, ora g&uuml;cl&uuml; qar ya\u011f\u0131b v\u0259 hava d\u0259h\u015f\u0259t dumanl\u0131d\u0131r. Dumana g&ouml;r\u0259 yolumuzu azd\u0131q v\u0259 &ouml;z&uuml;m&uuml;z d\u0259 bilm\u0259d\u0259n d\u0259r\u0259y\u0259 d&uuml;\u015fd&uuml;k. Ora &ccedil;ox t\u0259hl&uuml;k\u0259li bir \u0259razidir. Ora d&uuml;\u015fd&uuml;ns\u0259, &ccedil;\u0131xmaq &ccedil;ox &ccedil;\u0259tindir. Biz d\u0259 d\u0259r\u0259d\u0259n &ccedil;\u0131xma\u011f\u0131n yollar\u0131n\u0131 axtar\u0131rd\u0131q. T\u0259sad&uuml;f\u0259n qar\u015f\u0131ma &ldquo;vetnamka&rdquo; &ccedil;\u0131xd\u0131. M\u0259n\u0259 maraql\u0131 g\u0259ldi ki, bu bura nec\u0259 d&uuml;\u015f\u0259 bil\u0259r. \u0130kinci tay\u0131n\u0131 axtar\u0131rd\u0131m ki, d\u0259h\u015f\u0259tli m\u0259nz\u0259r\u0259 il\u0259 qar\u015f\u0131la\u015fd\u0131m. G&ouml;rd&uuml;m ki, orada insan s&uuml;m&uuml;kl\u0259ri d\u0259 var&rdquo;.<\/p>\n<p>R.\u018fliyev onun \u0259ynind\u0259ki paltarlar\u0131n &ccedil;&uuml;r&uuml;d&uuml;y&uuml;n&uuml; qeyd edib:<\/p>\n<p>&ldquo;S&uuml;m&uuml;kl\u0259rin d&uuml;z&uuml;l&uuml;\u015f&uuml;nd\u0259n bel\u0259 ba\u015fa d&uuml;\u015fm\u0259k olurdu ki, o yar\u0131 oturmu\u015f, yar\u0131 uzan\u0131ql\u0131 v\u0259ziyy\u0259td\u0259 &ouml;l&uuml;b. \u018fynind\u0259ki paltarlar &ccedil;&uuml;r&uuml;m&uuml;\u015fd&uuml;. T\u0259miz v\u0259ziyy\u0259td\u0259 qalan &ldquo;vetnamkalar&rdquo; v\u0259 k\u0259m\u0259ri idi.<\/p>\n<p>S&uuml;m&uuml;kl\u0259r f\u0131nd\u0131q a\u011fac\u0131n\u0131n alt\u0131nda idi. Biraz aral\u0131da balaca tonqal\u0131n qal\u0131qlar\u0131n\u0131 g&ouml;rd&uuml;k. \u018flav\u0259 olaraq yan\u0131nda bel &ccedil;antas\u0131, ayaqqab\u0131, telefon, &uuml;z maskalar\u0131 v\u0259 bank kartlar\u0131 var idi&rdquo;.<\/p>\n<p>K\u0259nd sakini deyib ki, h\u0259min d\u0259r\u0259y\u0259 d&uuml;\u015f\u0259n adam\u0131n oradan t\u0259k &ccedil;\u0131xmas\u0131 qeyri-m&uuml;mk&uuml;nd&uuml;r:<\/p>\n<p>&ldquo;H\u0259min d\u0259r\u0259 &ccedil;ox &ccedil;\u0259tin reylefd\u0259 yerl\u0259\u015fir. D\u0259r\u0259nin \u0259hat\u0259si mam\u0131rl\u0131 v\u0259 s&uuml;r&uuml;\u015fk\u0259n qayalard\u0131r. Bir s&ouml;zl\u0259 oradan bir n\u0259f\u0259rin t\u0259k &ccedil;\u0131xmas\u0131 m&uuml;mk&uuml;n deyil. Biz 4 n\u0259f\u0259r idik v\u0259 k&ouml;m\u0259kli \u015f\u0259kild\u0259 &ccedil;\u0259tinlikl\u0259 oradan &ccedil;\u0131xa bildik&rdquo;.<\/p>\n<p>Ruslan \u018fliyev sonda bildirib ki, qar\u015f\u0131la\u015fd\u0131\u011f\u0131 m\u0259nz\u0259r\u0259 il\u0259 ba\u011fl\u0131 d\u0259rhal polis\u0259 m\u0259lumat veribl\u0259r.<\/p>\n<p>Hadis\u0259 yerin\u0259 ged\u0259n polis \u0259m\u0259kda\u015flar\u0131 qal\u0131qlar\u0131 da\u011fdan d&uuml;\u015f&uuml;r&uuml;b aidiyy\u0259ti &uuml;zr\u0259 t\u0259hvil verib.<\/p>\n","protected":false},"excerpt":{"rendered":"<p>&quot;Bird\u0259n qar\u015f\u0131ma &ldquo;vetnamka&rdquo; &ccedil;\u0131xd\u0131. D&uuml;\u015f&uuml;nd&uuml;m ki, &ldquo;vetnamka&rdquo; bura hardan d&uuml;\u015f&uuml;b. Sonra diqq\u0259tl\u0259 baxd\u0131m, insan s&uuml;m&uuml;kl\u0259rin\u0259 rast g\u0259ldim. Onda dedim ki, burada n\u0259s\u0259 var&#8230;&rdquo; Ucnoqta.az&nbsp;x\u0259b\u0259r verir ki, bunu Lent.az-a 3 il&hellip;<\/p>\n","protected":false},"author":1,"featured_media":251278,"comment_status":"open","ping_status":"open","sticky":false,"template":"","format":"standard","meta":{"_lmt_disableupdate":"","_lmt_disable":"","footnotes":""},"categories":[101],"tags":[],"class_list":["post-218131","post","type-post","status-publish","format-standard","has-post-thumbnail","hentry","category-cemiyyet"],"_links":{"self":[{"href":"https:\/\/ucnoqta.az\/index.php?rest_route=\/wp\/v2\/posts\/218131","targetHints":{"allow":["GET"]}}],"collection":[{"href":"https:\/\/ucnoqta.az\/index.php?rest_route=\/wp\/v2\/posts"}],"about":[{"href":"https:\/\/ucnoqta.az\/index.php?rest_route=\/wp\/v2\/types\/post"}],"author":[{"embeddable":true,"href":"https:\/\/ucnoqta.az\/index.php?rest_route=\/wp\/v2\/users\/1"}],"replies":[{"embeddable":true,"href":"https:\/\/ucnoqta.az\/index.php?rest_route=%2Fwp%2Fv2%2Fcomments&post=218131"}],"version-history":[{"count":0,"href":"https:\/\/ucnoqta.az\/index.php?rest_route=\/wp\/v2\/posts\/218131\/revisions"}],"wp:featuredmedia":[{"embeddable":true,"href":"https:\/\/ucnoqta.az\/index.php?rest_route=\/wp\/v2\/media\/251278"}],"wp:attachment":[{"href":"https:\/\/ucnoqta.az\/index.php?rest_route=%2Fwp%2Fv2%2Fmedia&parent=218131"}],"wp:term":[{"taxonomy":"category","embeddable":true,"href":"https:\/\/ucnoqta.az\/index.php?rest_route=%2Fwp%2Fv2%2Fcategories&post=218131"},{"taxonomy":"post_tag","embeddable":true,"href":"https:\/\/ucnoqta.az\/index.php?rest_route=%2Fwp%2Fv2%2Ftags&post=218131"}],"curies":[{"name":"wp","href":"https:\/\/api.w.org\/{rel}","templated":true}]}}