{"id":218127,"date":"2025-02-12T13:23:49","date_gmt":"2025-02-12T09:23:49","guid":{"rendered":""},"modified":"-0001-11-30T00:00:00","modified_gmt":"-0001-11-29T20:00:00","slug":"","status":"publish","type":"post","link":"https:\/\/ucnoqta.az\/?p=218127","title":{"rendered":"Xudayar Yusifzad\u0259nin anas\u0131n\u0131 t\u0259hqir ed\u0259n bloger"},"content":{"rendered":"<p><strong>V\u0259t\u0259n m&uuml;harib\u0259si \u015f\u0259hidi Xudayar Yusifzad\u0259nin anas\u0131 Rad\u0259 Qurbanovan\u0131 sosial \u015f\u0259b\u0259k\u0259l\u0259rd\u0259 t\u0259hqir ed\u0259n \u015f\u0259xs h\u0259bs edilib.<\/strong><\/p>\n<p>M\u0259lumata g&ouml;r\u0259, Rad\u0259 Qurbanovan\u0131n \u015fikay\u0259ti \u0259sas\u0131nda 1993-c&uuml; il t\u0259v\u0259ll&uuml;dl&uuml; V&uuml;qar \u0130. saxlan\u0131laraq, bar\u0259sind\u0259 \u0130nzibati X\u0259talar M\u0259c\u0259ll\u0259sinin 510-cu madd\u0259si il\u0259 protokol t\u0259rtib edilib v\u0259 i\u015f m\u0259hk\u0259m\u0259y\u0259 g&ouml;nd\u0259rilib.<\/p>\n<p>M\u0259hk\u0259m\u0259d\u0259 m\u0259lum olub ki, &quot;TikTok&quot; sosial \u015f\u0259b\u0259k\u0259sind\u0259 &quot;\u015eah_\u0259mlak&quot; ad\u0131 il\u0259 qeydiyyatdan ke&ccedil;\u0259n \u0259mlak blogeri V&uuml;qar evl\u0259rin alq\u0131-satq\u0131s\u0131 il\u0259 ba\u011fl\u0131 elanlar yerl\u0259\u015fdirib. V&uuml;qar\u0131n profilind\u0259 Rad\u0259 Qurbanova v\u0259 dig\u0259r \u015f\u0259hid analar\u0131n\u0131n bar\u0259sind\u0259 xo\u015fag\u0259lm\u0259z \u015f\u0259rhl\u0259r yaz\u0131l\u0131b. Rad\u0259 Qurbanova \u0259mlak blogerin\u0259 z\u0259ng ed\u0259r\u0259k, &ouml;z etiraz\u0131n\u0131 bildirib v\u0259 bar\u0259sind\u0259 \u015fikay\u0259t ed\u0259c\u0259yini deyib. Sonuncu he&ccedil; kimd\u0259n qorxmad\u0131\u011f\u0131n\u0131 v\u0259 ba\u015f vermi\u015f hadis\u0259 il\u0259 ba\u011fl\u0131 izahat verm\u0259y\u0259c\u0259yini \u015f\u0259hid anas\u0131na deyib.<\/p>\n<p>Rad\u0259 Qurbanovan\u0131n \u015fikay\u0259ti \u0259sas\u0131nda saxlan\u0131lan V&uuml;qar m\u0259hk\u0259m\u0259d\u0259 ondan v\u0259 b&uuml;t&uuml;n \u015f\u0259hid ail\u0259l\u0259rind\u0259n &uuml;zr ist\u0259yib. \u0130\u015fl\u0259tdiyi \u0259mlak ofisind\u0259 4 n\u0259f\u0259r i\u015f&ccedil;isisinin oldu\u011funu, h\u0259min \u0259m\u0259kda\u015flar\u0131ndan kimins\u0259 onun telefonu vasit\u0259si il\u0259 &quot;TikTok&quot;da profilind\u0259n istifad\u0259 ed\u0259r\u0259k, \u015f\u0259hid analar\u0131 bar\u0259d\u0259 xo\u015fag\u0259lm\u0259z ifad\u0259l\u0259r yazd\u0131\u011f\u0131n\u0131 deyib. Xudayar Yusifzad\u0259nin anas\u0131 is\u0259 V&uuml;qar\u0131n c\u0259zaland\u0131r\u0131lmas\u0131n\u0131 m\u0259hk\u0259m\u0259d\u0259n xahi\u015f edib.<\/p>\n<p>M\u0259hk\u0259m\u0259nin q\u0259rar\u0131 il\u0259 &quot;\u015eah_\u0259mlak&quot;\u0131n sahibi \u0130nzibati X\u0259talar M\u0259c\u0259ll\u0259sinin 510-cu madd\u0259si il\u0259 t\u0259qsirli bilinib v\u0259 10 g&uuml;n m&uuml;dd\u0259tin\u0259 inzibati qaydada h\u0259bs edilib.\/\/\/Qaynarinfo<\/p>\n","protected":false},"excerpt":{"rendered":"<p>V\u0259t\u0259n m&uuml;harib\u0259si \u015f\u0259hidi Xudayar Yusifzad\u0259nin anas\u0131 Rad\u0259 Qurbanovan\u0131 sosial \u015f\u0259b\u0259k\u0259l\u0259rd\u0259 t\u0259hqir ed\u0259n \u015f\u0259xs h\u0259bs edilib. M\u0259lumata g&ouml;r\u0259, Rad\u0259 Qurbanovan\u0131n \u015fikay\u0259ti \u0259sas\u0131nda 1993-c&uuml; il t\u0259v\u0259ll&uuml;dl&uuml; V&uuml;qar \u0130. saxlan\u0131laraq, bar\u0259sind\u0259 \u0130nzibati X\u0259talar&hellip;<\/p>\n","protected":false},"author":1,"featured_media":251278,"comment_status":"open","ping_status":"open","sticky":false,"template":"","format":"standard","meta":{"_lmt_disableupdate":"","_lmt_disable":"","footnotes":""},"categories":[101],"tags":[],"class_list":["post-218127","post","type-post","status-publish","format-standard","has-post-thumbnail","hentry","category-cemiyyet"],"_links":{"self":[{"href":"https:\/\/ucnoqta.az\/index.php?rest_route=\/wp\/v2\/posts\/218127","targetHints":{"allow":["GET"]}}],"collection":[{"href":"https:\/\/ucnoqta.az\/index.php?rest_route=\/wp\/v2\/posts"}],"about":[{"href":"https:\/\/ucnoqta.az\/index.php?rest_route=\/wp\/v2\/types\/post"}],"author":[{"embeddable":true,"href":"https:\/\/ucnoqta.az\/index.php?rest_route=\/wp\/v2\/users\/1"}],"replies":[{"embeddable":true,"href":"https:\/\/ucnoqta.az\/index.php?rest_route=%2Fwp%2Fv2%2Fcomments&post=218127"}],"version-history":[{"count":0,"href":"https:\/\/ucnoqta.az\/index.php?rest_route=\/wp\/v2\/posts\/218127\/revisions"}],"wp:featuredmedia":[{"embeddable":true,"href":"https:\/\/ucnoqta.az\/index.php?rest_route=\/wp\/v2\/media\/251278"}],"wp:attachment":[{"href":"https:\/\/ucnoqta.az\/index.php?rest_route=%2Fwp%2Fv2%2Fmedia&parent=218127"}],"wp:term":[{"taxonomy":"category","embeddable":true,"href":"https:\/\/ucnoqta.az\/index.php?rest_route=%2Fwp%2Fv2%2Fcategories&post=218127"},{"taxonomy":"post_tag","embeddable":true,"href":"https:\/\/ucnoqta.az\/index.php?rest_route=%2Fwp%2Fv2%2Ftags&post=218127"}],"curies":[{"name":"wp","href":"https:\/\/api.w.org\/{rel}","templated":true}]}}