{"id":218118,"date":"2025-02-12T10:12:33","date_gmt":"2025-02-12T06:12:33","guid":{"rendered":""},"modified":"-0001-11-30T00:00:00","modified_gmt":"-0001-11-29T20:00:00","slug":"","status":"publish","type":"post","link":"https:\/\/ucnoqta.az\/?p=218118","title":{"rendered":"\u0130lham \u018fliyev Davosda \u00c7inin CGTN telekanal\u0131na m\u00fcsahib\u0259 verib"},"content":{"rendered":"<p><strong>Az\u0259rbaycan Respublikas\u0131n\u0131n Prezidenti \u0130lham \u018fliyev yanvar\u0131n 20-d\u0259 Davosda &Ccedil;inin CGTN (China Global Television Network) telekanal\u0131na m&uuml;sahib\u0259 verib.<\/strong><\/p>\n<p><strong>D&ouml;vl\u0259timizin ba\u015f&ccedil;\u0131s\u0131n\u0131n m&uuml;sahib\u0259si fevral\u0131n 11-d\u0259 bu televiziya kanal\u0131nda yay\u0131mlan\u0131b.<\/strong><\/p>\n<ul>\n<\/ul>\n<p>Ucnoqta.az h\u0259min m&uuml;sahib\u0259nin geni\u015f variant\u0131n\u0131 t\u0259qdim edir.<\/p>\n<p><strong>Apar\u0131c\u0131:<\/strong>&nbsp;C\u0259nab Prezident, Sizinl\u0259 yenid\u0259n Davosda g&ouml;r&uuml;\u015fm\u0259k b&ouml;y&uuml;k \u015f\u0259r\u0259fdir.<\/p>\n<p><strong>Prezident \u0130lham \u018fliyev:<\/strong>&nbsp;Sizi g&ouml;rm\u0259y\u0259 &ccedil;ox \u015fadam. M\u0259n \u0259vv\u0259lki g&ouml;r&uuml;\u015f&uuml;m&uuml;z&uuml; xat\u0131rlay\u0131ram. Sizin auditoriya il\u0259 s&ouml;hb\u0259t etm\u0259k imkan\u0131na g&ouml;r\u0259 siz\u0259 t\u0259\u015f\u0259kk&uuml;r edir\u0259m.<\/p>\n<p><strong>Apar\u0131c\u0131:<\/strong>&nbsp;Siz sa\u011f olun, C\u0259nab Prezident. &Ccedil;oxq&uuml;tbl&uuml; d&uuml;nyada biz &ouml;z arzular\u0131m\u0131z\u0131 v\u0259 planlar\u0131m\u0131z\u0131 nec\u0259 g&ouml;r&uuml;r&uuml;k? \u018fmin\u0259m ki, daimi d\u0259yi\u015fiklikl\u0259r ba\u015f verir, ancaq t\u0259m\u0259l aspektl\u0259r d\u0259 var. Siz bu m\u0259s\u0259l\u0259l\u0259ri nec\u0259 g&ouml;r&uuml;rs&uuml;n&uuml;z?<\/p>\n<p><strong>Prezident \u0130lham \u018fliyev:<\/strong>&nbsp;&Ouml;lk\u0259miz &uuml;&ccedil;&uuml;n son ill\u0259rin \u0259n m&uuml;h&uuml;m nailiyy\u0259ti \u0259razi b&uuml;t&ouml;vl&uuml;y&uuml;m&uuml;z&uuml;n v\u0259 suverenliyimizin tam b\u0259rpas\u0131 oldu. Biz bunu beyn\u0259lxalq h&uuml;ququn norma v\u0259 prinsipl\u0259rin\u0259 \u0259saslanaraq, BMT Nizamnam\u0259sin\u0259 v\u0259 BMT T\u0259hl&uuml;k\u0259sizlik \u015euras\u0131n\u0131n q\u0259tnam\u0259l\u0259rin\u0259 uy\u011fun olaraq h\u0259yata ke&ccedil;irdik. Dem\u0259k olar ki, 30 il \u0259rzind\u0259 bu, bizim milli ideyam\u0131z idi v\u0259 biz h\u0259d\u0259fimiz\u0259 nail olmaq, \u0259dal\u0259ti b\u0259rpa etm\u0259k &uuml;&ccedil;&uuml;n b&uuml;t&uuml;n s\u0259yl\u0259rimizi s\u0259f\u0259rb\u0259r etdik. \u018ffsuslar olsun ki, beyn\u0259lxalq h&uuml;ququn normalar\u0131 i\u015fl\u0259m\u0259di v\u0259 beyn\u0259lxalq t\u0259\u015fkilatlar yard\u0131m&ccedil;\u0131 olmad\u0131lar. &Ccedil;&uuml;nki &ccedil;oxsayl\u0131 beyn\u0259lxalq t\u0259\u015fkilatlar t\u0259r\u0259find\u0259n q\u0259bul edilmi\u015f q\u0259tnam\u0259l\u0259r, sad\u0259c\u0259, ka\u011f\u0131z &uuml;z\u0259rind\u0259 qalm\u0131\u015fd\u0131. Biz bunu &ouml;z&uuml;m&uuml;z h\u0259ll etm\u0259li, \u0259dal\u0259ti &ouml;z&uuml;m&uuml;z b\u0259rpa etm\u0259li olduq. Bu, bir daha onu n&uuml;mayi\u015f etdirir ki, indi d&uuml;nyan\u0131n h\u0259qiq\u0259t\u0259n d\u0259 beyn\u0259lxalq &ouml;hd\u0259likl\u0259r\u0259 tam h&ouml;rm\u0259t edilm\u0259sin\u0259 ehtiyac\u0131 var.<\/p>\n<p><strong>Apar\u0131c\u0131:<\/strong>&nbsp;Ayd\u0131nd\u0131r. C\u0259nab Prezident, Sizc\u0259 &ccedil;oxq&uuml;tbl&uuml; d&uuml;nyada Az\u0259rbaycan\u0131n yeri haradad\u0131r?<\/p>\n<p><strong>Prezident \u0130lham \u018fliyev:<\/strong>&nbsp;Biz \u0259n ba\u015fdan, m&uuml;st\u0259qilliyimiz b\u0259rpa edil\u0259nd\u0259n b\u0259ri oldu\u011fumuz yerd\u0259yik. Biz g&uuml;cl&uuml; iqtisadiyyat, yeri g\u0259lmi\u015fk\u0259n, &ouml;z&uuml;n&uuml; t\u0259min ed\u0259n iqtisadiyyat qurduq. &Uuml;mumi daxili m\u0259hsula (&Uuml;DM) nisb\u0259td\u0259 xarici borcun s\u0259viyy\u0259si &ccedil;ox a\u015fa\u011f\u0131d\u0131r, c\u0259mi 6,9 faizdir. Buna \u0259saslanaraq biz regionda ba\u011flant\u0131lar yaradan geni\u015fmiqyasl\u0131 layih\u0259l\u0259r h\u0259yata ke&ccedil;irmi\u015fik v\u0259 aid oldu\u011fumuz C\u0259nubi Qafqaz v\u0259 X\u0259z\u0259r regionunda etibarl\u0131 m&ouml;vqe tutmu\u015fuq. \u018flb\u0259tt\u0259 ki, milli maraqlar\u0131m\u0131z\u0131, h\u0259yat t\u0259rzimizi v\u0259 m&uuml;st\u0259qil siyas\u0259timizi q\u0259ti \u015f\u0259kild\u0259 m&uuml;dafi\u0259 etmi\u015fik v\u0259 &ccedil;oxlu u\u011fur qazanm\u0131\u015f\u0131q. M\u0259n dey\u0259rdim ki, d&uuml;nya x\u0259rit\u0259sind\u0259 nisb\u0259t\u0259n yeni olan Az\u0259rbaycan\u0131n &ouml;z milli maraqlar\u0131n\u0131 m&uuml;dafi\u0259 ed\u0259n v\u0259 b&uuml;t&uuml;n d&uuml;nyada yax\u015f\u0131 \u0259laq\u0259l\u0259r quran &ouml;lk\u0259 kimi n&uuml;mun\u0259si onu g&ouml;st\u0259rir ki, c\u0259miyy\u0259td\u0259 sabitlik, birlik varsa, siz &ouml;z maraqlar\u0131n\u0131z\u0131 m&uuml;dafi\u0259 ed\u0259 bil\u0259rsiniz.<\/p>\n<p><strong>Apar\u0131c\u0131:<\/strong>&nbsp;C\u0259nab Prezident, Az\u0259rbaycan\u0131n h&uuml;dudlar\u0131ndan k\u0259nara baxd\u0131qda &ouml;lk\u0259nizi &ccedil;ox proaktiv beyn\u0259lxalq oyun&ccedil;u kimi g&ouml;rm\u0259k m&uuml;mk&uuml;nd&uuml;r. M\u0259s\u0259l\u0259n, siz &Uuml;mumd&uuml;nya Ticar\u0259t T\u0259\u015fkilat\u0131na &uuml;zv olmaq ist\u0259yirsiniz. Yeri g\u0259lmi\u015fk\u0259n, bununla ba\u011fl\u0131 son vaxtlar &Ccedil;inl\u0259 m&uuml;zakir\u0259l\u0259r apar\u0131rs\u0131n\u0131z. Siz, h\u0259m&ccedil;inin qlobal iqlim sammitin\u0259 ev sahibliyi etdiniz. Bu, n\u0259h\u0259ng bir t\u0259dbir idi v\u0259 bu siyah\u0131n\u0131 davam etdirm\u0259k olar. Az\u0259rbaycan\u0131n proaktiv yana\u015fmas\u0131n\u0131 g&ouml;rm\u0259k olar. \u018fmin\u0259m ki, c\u0259nab Prezident, Sizin planlar\u0131n\u0131z var v\u0259 Siz ir\u0259lil\u0259m\u0259kl\u0259 ba\u011fl\u0131 \u0259trafl\u0131 d&uuml;\u015f&uuml;n&uuml;rs&uuml;n&uuml;z.<\/p>\n<p><strong>Prezident \u0130lham \u018fliyev:<\/strong>&nbsp;S&ouml;zs&uuml;z ki, bizim h\u0259d\u0259fimiz Az\u0259rbaycan\u0131n d&uuml;nyan\u0131n siyasi v\u0259 iqtisadi x\u0259rit\u0259sind\u0259 &ouml;z yerini tutmas\u0131ndan ibar\u0259t idi. T\u0259xmin\u0259n 200 &ouml;lk\u0259ni bir araya g\u0259tir\u0259n \u0130qlim konfrans\u0131na ev sahibliyi etm\u0259k b&ouml;y&uuml;k &ccedil;a\u011f\u0131r\u0131\u015f, b&ouml;y&uuml;k m\u0259suliyy\u0259t, eyni zamanda, b&ouml;y&uuml;k nailiyy\u0259t idi. Az\u0259rbaycan\u0131n \u015fax\u0259l\u0259nmi\u015f xarici siyas\u0259tinin daha bir n&uuml;mayi\u015fi ondan ibar\u0259t idi ki, bizim namiz\u0259dliyimiz b&uuml;t&uuml;n i\u015ftirak&ccedil;\u0131 d&ouml;vl\u0259tl\u0259r v\u0259 qurumlar t\u0259r\u0259find\u0259n d\u0259st\u0259kl\u0259ndi.<\/p>\n<p><strong>Apar\u0131c\u0131:<\/strong>&nbsp;T\u0259brikl\u0259r.<\/p>\n<p><strong>Prezident \u0130lham \u018fliyev:<\/strong>&nbsp;Dem\u0259k olar ki, t\u0259qrib\u0259n 200 &ouml;lk\u0259 v\u0259 beyn\u0259lxalq t\u0259\u015fkilat Az\u0259rbaycan\u0131n namiz\u0259dliyini yekdillikl\u0259 d\u0259st\u0259kl\u0259di. Bundan \u0259vv\u0259l biz 120 &ouml;lk\u0259ni birl\u0259\u015fdir\u0259n, BMT Ba\u015f Assambleyas\u0131ndan sonra ikinci b&ouml;y&uuml;k beyn\u0259lxalq t\u0259sisat olan Qo\u015fulmama H\u0259r\u0259kat\u0131na 4 il \u0259rzind\u0259 u\u011furla s\u0259drlik etdik. Bu onu g&ouml;st\u0259rir ki, bizim dostlu\u011fa, \u0259m\u0259kda\u015fl\u0131\u011fa, he&ccedil; bir &ouml;lk\u0259nin daxili i\u015fl\u0259rin\u0259 qar\u0131\u015fmama\u011fa \u0259saslanan siyas\u0259timiz h\u0259qiq\u0259t\u0259n d\u0259 beyn\u0259lxalq arenada d\u0259st\u0259kl\u0259nir. Ona g&ouml;r\u0259 d\u0259 biz bel\u0259 qlobal, beyn\u0259lxalq bir t\u0259dbir\u0259 ev sahibliyi ed\u0259 bil\u0259rik.<\/p>\n<p><strong>Apar\u0131c\u0131:<\/strong>&nbsp;Bir &ccedil;oxlar\u0131 &Uuml;mumd&uuml;nya Ticar\u0259t T\u0259\u015fkilat\u0131na daxil olmaqla ba\u011fl\u0131 m&uuml;zakir\u0259l\u0259rinizi diqq\u0259tl\u0259 izl\u0259yir. Bu, b&ouml;y&uuml;k bir prosesdir, el\u0259 deyilmi?<\/p>\n<p><strong>Prezident \u0130lham \u018fliyev:<\/strong>&nbsp;B\u0259li.<\/p>\n<p><strong>Apar\u0131c\u0131:<\/strong>&nbsp;\u0130ndi el\u0259 bir vaxt g\u0259lib &ccedil;at\u0131b ki, proteksionizm daha da intensivl\u0259\u015fib. Siz, h\u0259m&ccedil;inin b\u0259zi iqtisadiyyatlar\u0131n tarif al\u0259tind\u0259n istifad\u0259 etdiyinin, h\u0259tta b\u0259z\u0259n dig\u0259r iqtisadiyyatlara qar\u015f\u0131 vahid tarifl\u0259rin t\u0259tbiqinin \u015fahidi olursunuz, eyni zamanda, qlobal t\u0259chizat z\u0259nciri m&uuml;\u0259yy\u0259n m\u0259nada pozulur. N\u0259 &uuml;&ccedil;&uuml;n m\u0259hz indi Az\u0259rbaycan &Uuml;mumd&uuml;nya Ticar\u0259t T\u0259\u015fkilat\u0131na daxil olma\u011f\u0131n bu q\u0259d\u0259r vacib oldu\u011funu d&uuml;\u015f&uuml;n&uuml;r?<\/p>\n<p><strong>Prezident \u0130lham \u018fliyev:<\/strong>&nbsp;\u018fslind\u0259, bunun cavab\u0131 el\u0259 sizin sual\u0131n\u0131zdad\u0131r. Biz h\u0259l\u0259 d\u0259 &Uuml;mumd&uuml;nya Ticar\u0259t T\u0259\u015fkilat\u0131n\u0131n &uuml;zv&uuml; deyilik, baxmayaraq, uzun ill\u0259rdir, dey\u0259rdim, bir ne&ccedil;\u0259 onillikl\u0259rdir ki, dan\u0131\u015f\u0131qlar\u0131n aktiv m\u0259rh\u0259l\u0259sind\u0259yik. Bu prosesin m\u0259ntiqi yekunla\u015fmamas\u0131n\u0131n s\u0259b\u0259bi s\u0131rf sizin dedikl\u0259rinizdir. Proteksionizm, ikili standartlar, tarifl\u0259r &#8211; b&uuml;t&uuml;n bunlar &Uuml;mumd&uuml;nya Ticar\u0259t T\u0259\u015fkilat\u0131n\u0131n t\u0259m\u0259l d\u0259y\u0259rl\u0259rin\u0259 ziddir. Biz g&ouml;r&uuml;r&uuml;k ki, &ouml;lk\u0259l\u0259r &ouml;z bazarlar\u0131n\u0131 qorumaq &uuml;&ccedil;&uuml;n tarifl\u0259ri t\u0259tbiq edir, proteksionizm &uuml;sullar\u0131ndan istifad\u0259 edirl\u0259r v\u0259 bu da &Uuml;mumd&uuml;nya Ticar\u0259t T\u0259\u015fkilat\u0131n\u0131n prinsipl\u0259rin\u0259 tamamil\u0259 ziddir.<\/p>\n<p>Buna g&ouml;r\u0259 d\u0259 biz dan\u0131\u015f\u0131qlar prosesind\u0259yik. Lakin, eyni zamanda, biz &uuml;st&uuml;nl&uuml;kl\u0259ri v\u0259 z\u0259if t\u0259r\u0259fl\u0259ri ciddi qiym\u0259tl\u0259ndiririk. Bizi narahat ed\u0259n m\u0259qamlardan biri bizim indi m&uuml;zakir\u0259 etdiyimiz m&ouml;vzudur. Dig\u0259ri is\u0259 ondan ibar\u0259tdir ki, bizim s\u0259nayemiz v\u0259 ixrac potensial\u0131m\u0131z bunun &uuml;&ccedil;&uuml;n yax\u015f\u0131 haz\u0131r olmal\u0131d\u0131r. &Ccedil;&uuml;nki bu vaxtad\u0259k bizim ixrac\u0131n \u0259sas hiss\u0259si qaz\u0131nt\u0131 enerji n&ouml;vl\u0259ridir. Bunun &uuml;&ccedil;&uuml;n &Uuml;mumd&uuml;nya Ticar\u0259t T\u0259\u015fkilat\u0131na &uuml;zv olmaq laz\u0131m deyil. &Ouml;lk\u0259 \u0259mt\u0259\u0259l\u0259rini bazarda sat\u0131r.<\/p>\n<p>Bel\u0259likl\u0259, bazarlar\u0131n\u0131 b&uuml;t&uuml;n d&uuml;nyaya a&ccedil;maqla &Uuml;mumd&uuml;nya Ticar\u0259t T\u0259\u015fkilat\u0131na &uuml;zv &ouml;lk\u0259l\u0259r r\u0259qab\u0259ti art\u0131racaq. Lakin, eyni zamanda, onlar yerli istehsal&ccedil;\u0131lar\u0131n maraqlar\u0131na ziyan vura bil\u0259rl\u0259r. Bel\u0259likl\u0259, biz bu prosesi balansla\u015fd\u0131r\u0131r\u0131q v\u0259 g\u0259l\u0259c\u0259k dan\u0131\u015f\u0131qlar prosesind\u0259 maksimum m&uuml;sb\u0259t \u015f\u0259rtl\u0259ri \u0259ld\u0259 etm\u0259y\u0259 &ccedil;al\u0131\u015f\u0131r\u0131q. M\u0259n art\u0131q demi\u015f\u0259m ki, Az\u0259rbaycan\u0131n iqtisadiyyat\u0131 &ouml;z&uuml;n&uuml; t\u0259min edir. Bizim &Uuml;DM-\u0259 m&uuml;nasib\u0259td\u0259 \u0259n a\u015fa\u011f\u0131 s\u0259viyy\u0259li xarici borcumuz var. Bizim konvertasiya oluna bil\u0259n valyuta ehtiyatlar\u0131m\u0131z xarici borcumuzu 14 d\u0259f\u0259 &uuml;st\u0259l\u0259yir. Bel\u0259likl\u0259, h\u0259r hans\u0131 \u0259lav\u0259 bir imtiyaz laz\u0131m deyil. Biz malik olduqlar\u0131m\u0131z\u0131 itirm\u0259k ist\u0259mirik. Lakin, eyni zamanda, t\u0259\u015fkilata qo\u015fulma il\u0259 ba\u011fl\u0131 b&uuml;t&uuml;n t\u0259klifl\u0259rimiz, &#8211; ist\u0259r ikit\u0259r\u0259fli \u0259laq\u0259l\u0259r istiqam\u0259tind\u0259 &ouml;lk\u0259l\u0259rl\u0259 dan\u0131\u015f\u0131qlar prosesind\u0259, ist\u0259rs\u0259 d\u0259 &uuml;mumilikd\u0259 t\u0259\u015fkilatla ba\u011fl\u0131, &#8211; q\u0259bul olunarsa, hesab edir\u0259m ki, proses daha da r\u0259van ged\u0259r.<\/p>\n<p><strong>Apar\u0131c\u0131:<\/strong>&nbsp;M\u0259nim bildiyim\u0259 g&ouml;r\u0259, son x\u0259b\u0259rl\u0259r\u0259 \u0259sas\u0259n Az\u0259rbaycan\u0131n dan\u0131\u015f\u0131qlar komandas\u0131 &Ccedil;inin dan\u0131\u015f\u0131qlar komandas\u0131 il\u0259 t\u0259masdad\u0131r, o c&uuml;ml\u0259d\u0259n yanvar ay\u0131nda. M\u0259n h\u0259r iki t\u0259r\u0259fd\u0259n m&uuml;sb\u0259t reaksiya g&ouml;r&uuml;r\u0259m.<\/p>\n<p><strong>Prezident \u0130lham \u018fliyev:<\/strong>&nbsp;B\u0259li, bu, h\u0259qiq\u0259tdir. &Ccedil;&uuml;nki bildiyiniz kimi, &ouml;t\u0259n il &Ccedil;in v\u0259 Az\u0259rbaycan r\u0259smi olaraq strateji t\u0259r\u0259fda\u015f oldular. &Ouml;t\u0259n yay m\u0259nim &Ccedil;inin S\u0259dri il\u0259 g&ouml;r&uuml;\u015f&uuml;md\u0259n sonra strateji t\u0259r\u0259fda\u015fl\u0131q &uuml;zr\u0259 m&uuml;vafiq B\u0259yannam\u0259 q\u0259bul edildi v\u0259 bu, bizim ikit\u0259r\u0259fli \u0259laq\u0259l\u0259rd\u0259 &ccedil;ox m&uuml;h&uuml;m siyasi add\u0131md\u0131r. Strateji t\u0259r\u0259fda\u015fl\u0131q &ccedil;ox y&uuml;ks\u0259ks\u0259viyy\u0259li qar\u015f\u0131l\u0131ql\u0131 etimad, \u0259m\u0259kda\u015fl\u0131q dem\u0259kdir v\u0259 biz t\u0259kc\u0259 &Uuml;mumd&uuml;nya Ticar\u0259t T\u0259\u015fkilat\u0131na deyil, m&uuml;xt\u0259lif beyn\u0259lxalq t\u0259\u015fkilatlara qo\u015fulma m\u0259s\u0259l\u0259si daxil olmaqla &Ccedil;in il\u0259 t\u0259r\u0259fda\u015fl\u0131\u011f\u0131m\u0131z\u0131n geni\u015fl\u0259ndirilm\u0259sini arzulay\u0131r\u0131q.<\/p>\n<p><strong>Apar\u0131c\u0131:<\/strong>&nbsp;Sizinl\u0259 art\u0131q n&ouml;vb\u0259ti suala g\u0259ldik, c\u0259nab Prezident. Biz Az\u0259rbaycan\u0131n \u015eanxay \u018fm\u0259kda\u015fl\u0131q T\u0259\u015fkilat\u0131nda m&uuml;\u015fahid\u0259&ccedil;i qismind\u0259 oldu\u011funu g&ouml;r&uuml;r&uuml;k. Bu arada Siz BRICS-in &uuml;zv&uuml; olmaq &uuml;&ccedil;&uuml;n f\u0259al add\u0131mlar at\u0131rs\u0131n\u0131z. Bel\u0259likl\u0259, t\u0259hl&uuml;k\u0259sizlik, ticar\u0259t, iqtisadi inki\u015faf v\u0259 h\u0259r k\u0259s &uuml;&ccedil;&uuml;n udu\u015flu bir v\u0259ziyy\u0259t n&ouml;qteyi-n\u0259z\u0259rind\u0259n Qlobal C\u0259nubla ba\u011fl\u0131 olan m&uuml;zakir\u0259l\u0259ri nec\u0259 g&ouml;r&uuml;rs&uuml;n&uuml;z?<\/p>\n<p><strong>Prezident \u0130lham \u018fliyev:&nbsp;<\/strong>\u018fslind\u0259, \u015eanxay \u018fm\u0259kda\u015fl\u0131q T\u0259\u015fkilat\u0131na g\u0259ldikd\u0259, &ouml;lk\u0259mizin statusu m&uuml;\u015fahid\u0259&ccedil;i deyil, dialoq &uuml;zr\u0259 t\u0259r\u0259fda\u015fd\u0131r. Bu, h\u0259min beyn\u0259lxalq t\u0259\u015fkilatla daha da yax\u0131n olmaq &uuml;&ccedil;&uuml;n g&uuml;cl&uuml; qar\u015f\u0131l\u0131ql\u0131 irad\u0259nin n&uuml;mayi\u015fidir. \u018flb\u0259tt\u0259 ki, beyn\u0259lxalq t\u0259\u015fkilatlarla i\u015fl\u0259y\u0259nd\u0259 v\u0259 ya onlarla daha yax\u0131n olmaq ist\u0259y\u0259nd\u0259 siz t\u0259\u015fkilat\u0131n t\u0259rkibin\u0259, &uuml;zv &ouml;lk\u0259l\u0259rin\u0259 n\u0259z\u0259r sal\u0131rs\u0131n\u0131z. \u015eanxay \u018fm\u0259kda\u015fl\u0131q T\u0259\u015fkilat\u0131n\u0131n v\u0259 BRICS-in b&uuml;t&uuml;n &uuml;zv d&ouml;vl\u0259tl\u0259rinin Az\u0259rbaycanla &ccedil;ox yax\u015f\u0131 v\u0259 dost m&uuml;nasib\u0259tl\u0259ri var. Bundan ba\u015fqa, bizim co\u011frafi m&ouml;vqeyimiz, C\u0259nubi Qafqaz v\u0259 X\u0259z\u0259r regionunda vahid m\u0259qs\u0259dl\u0259r\u0259 t&ouml;hf\u0259miz n&ouml;qteyi-n\u0259z\u0259rind\u0259n \u0259h\u0259miyy\u0259tli olacaq. \u018flb\u0259tt\u0259 ki, &Ccedil;in v\u0259 M\u0259rk\u0259zi Asiya &ouml;lk\u0259l\u0259ri il\u0259 &uuml;z\u0259rind\u0259 f\u0259al i\u015f apard\u0131\u011f\u0131m\u0131z m\u0259s\u0259l\u0259l\u0259r, h\u0259m&ccedil;inin ba\u011fl\u0131l\u0131q layih\u0259l\u0259ridir. &Ccedil;&uuml;nki Az\u0259rbaycan art\u0131q m&uuml;asir n\u0259qliyyat infrastrukturu il\u0259 \u015e\u0259rqd\u0259n Q\u0259rb\u0259 ged\u0259n yol &uuml;z\u0259rind\u0259 yerl\u0259\u015fir. Bel\u0259likl\u0259, biz praktiki n\u0259tic\u0259l\u0259r n&ouml;qteyi-n\u0259z\u0259rind\u0259n &ccedil;oxlu t&ouml;hf\u0259 ver\u0259 bil\u0259rik.<\/p>\n<p>\u018flb\u0259tt\u0259 ki, ist\u0259nil\u0259n t\u0259\u015fkilata qo\u015fulmaq siyasi add\u0131md\u0131r, lakin h\u0259min iqtisadiyyat &ouml;lk\u0259l\u0259ri daha da birl\u0259\u015fdir\u0259n praktiki infrastruktur layih\u0259l\u0259ri il\u0259 d\u0259st\u0259kl\u0259nm\u0259lidir. Qlobal C\u0259nubun bir hiss\u0259si olaraq biz Qlobal C\u0259nubun maraqlar\u0131n\u0131 m&uuml;dafi\u0259 etmi\u015fik v\u0259 yeri g\u0259lmi\u015fk\u0259n, COP29-a qay\u0131daraq bizim ideyalar\u0131m\u0131zdan biri Qlobal C\u0259nubla Qlobal \u015eimal aras\u0131nda daha m&ouml;hk\u0259m k&ouml;rp&uuml;l\u0259r qurmaq idi. &Ccedil;&uuml;nki COP29-a ev sahibliyi ed\u0259n &ouml;lk\u0259 kimi biz g&ouml;rd&uuml;k ki, iqlim m\u0259s\u0259l\u0259l\u0259rin\u0259 g\u0259ldikd\u0259, h\u0259r iki t\u0259r\u0259f m&uuml;\u0259yy\u0259n s\u0259viyy\u0259d\u0259 bir-birin\u0259 etibar etmir v\u0259 s&ouml;hb\u0259t t\u0259kc\u0259 iqlimd\u0259n getmir.<\/p>\n<p><strong>Apar\u0131c\u0131:<\/strong>&nbsp;Bundan \u0259lav\u0259, bo\u015fluq xeyli b&ouml;y&uuml;kd&uuml;r.<\/p>\n<p><strong>Prezident \u0130lham \u018fliyev:<\/strong>&nbsp;El\u0259dir.<\/p>\n<p><strong>Apar\u0131c\u0131:<\/strong>&nbsp;\u0130ndiy\u0259d\u0259k daha n\u0259l\u0259ri m&uuml;\u015fahid\u0259 etmisiniz?<\/p>\n<p><strong>Prezident \u0130lham \u018fliyev:&nbsp;<\/strong>\u018fslind\u0259, biz iqlim d\u0259yi\u015fikliyi il\u0259 ba\u011fl\u0131 m\u0259s\u0259l\u0259l\u0259rl\u0259 d\u0259rind\u0259n m\u0259\u015f\u011ful olma\u011fa ba\u015flayanda iqlim d\u0259yi\u015fikliyi s\u0259b\u0259bind\u0259n ekzistensial t\u0259hl&uuml;k\u0259 il\u0259 &uuml;zl\u0259\u015f\u0259n &ouml;lk\u0259l\u0259rd\u0259 y&uuml;ks\u0259k d\u0259r\u0259c\u0259d\u0259 naraz\u0131l\u0131\u011f\u0131n oldu\u011funu g&ouml;rd&uuml;k. Biz ham\u0131m\u0131z bundan \u0259ziyy\u0259t &ccedil;\u0259kirik, o c&uuml;ml\u0259d\u0259n Az\u0259rbaycan. Lakin el\u0259 &ouml;lk\u0259l\u0259r var ki, &#8211; x&uuml;susil\u0259 ki&ccedil;ik ada d&ouml;vl\u0259tl\u0259ri, &#8211; onlar\u0131n m&ouml;vcudlu\u011funa t\u0259hl&uuml;k\u0259 var. B\u0259z\u0259n onlar\u0131n m\u0259s\u0259l\u0259si g&uuml;nd\u0259liy\u0259 daxil olmur, biz is\u0259 bunu etdik. Bak\u0131da ke&ccedil;iril\u0259n COP29-da \u0259n m&uuml;h&uuml;m t\u0259dbirl\u0259rd\u0259n biri inki\u015faf etm\u0259kd\u0259 olan ki&ccedil;ik ada d&ouml;vl\u0259tl\u0259rinin Zirv\u0259 g&ouml;r&uuml;\u015f&uuml; idi. Orada Az\u0259rbaycan bu &ouml;lk\u0259l\u0259r\u0259 \u0259m\u0259li d\u0259st\u0259k g&ouml;st\u0259rm\u0259k &uuml;&ccedil;&uuml;n &ccedil;ox iddial\u0131 g&uuml;nd\u0259lik ir\u0259li s&uuml;rd&uuml;. Ayd\u0131n m\u0259s\u0259l\u0259dir ki, b&ouml;y&uuml;k aktorlar\u0131n birg\u0259 yana\u015fmas\u0131 olmadan h\u0259min &ouml;lk\u0259l\u0259ri v\u0259 iqlim m\u0259s\u0259l\u0259l\u0259ri il\u0259 m\u0259\u015f\u011ful olmaq &uuml;&ccedil;&uuml;n maddi ehtiyatlar\u0131 olmayan &ouml;lk\u0259l\u0259ri d\u0259st\u0259kl\u0259m\u0259k &ccedil;\u0259tin olacaq. D&uuml;\u015f&uuml;n&uuml;r\u0259m ki, &uuml;z\u0259rin\u0259 bu y&uuml;k&uuml; g&ouml;t&uuml;r\u0259n &ouml;lk\u0259l\u0259rin m\u0259suliyy\u0259ti daha &ccedil;ox i\u015f g&ouml;rm\u0259kdir. Qlobal C\u0259nub tamamil\u0259 obyektiv olaraq d&uuml;nyan\u0131n \u0259n z\u0259ngin &ouml;lk\u0259l\u0259rind\u0259n daha &ccedil;ox d\u0259st\u0259k g&ouml;zl\u0259yir.<\/p>\n<p><strong>Apar\u0131c\u0131:<\/strong>&nbsp;C\u0259nab Prezident, Sizin x&uuml;susil\u0259 qeyd etdiyiniz kimi, maliyy\u0259d\u0259 bo\u015fluq var idi. Maliyy\u0259d\u0259ki bu bo\u015fluq, x&uuml;susil\u0259 inki\u015faf etmi\u015f iqtisadiyyata malik &ouml;lk\u0259l\u0259r t\u0259r\u0259find\u0259n inki\u015faf etm\u0259kd\u0259 olan &ouml;lk\u0259l\u0259r\u0259 bundan \u0259vv\u0259l veril\u0259r\u0259k yerin\u0259 yetirilm\u0259mi\u015f v\u0259dl\u0259rl\u0259 ba\u011fl\u0131 idi. Lakin g&ouml;r&uuml;n&uuml;r ki, d&uuml;nya daha &ccedil;ox ziddiyy\u0259tli olur, daha &ccedil;ox par&ccedil;alan\u0131r. Bunu b\u0259zil\u0259ri etimad &ccedil;at\u0131\u015fmazl\u0131\u011f\u0131 da adland\u0131r\u0131rlar. Bu ke&ccedil;id d&ouml;vr&uuml;nd\u0259, siyasi etimad\u0131n azala bil\u0259c\u0259yi bir vaxtda bir Lider &ouml;lk\u0259si &uuml;&ccedil;&uuml;n nec\u0259 q\u0259rar q\u0259bul edir? D&uuml;\u015f&uuml;n&uuml;r\u0259m ki, s&ouml;hb\u0259t ciddi t\u0259zyiq v\u0259 \u0259trafl\u0131 d\u0259y\u0259rl\u0259nm\u0259d\u0259n gedir.<\/p>\n<p><strong>Prezident \u0130lham \u018fliyev:<\/strong>&nbsp;Z\u0259nnimc\u0259, Az\u0259rbaycan\u0131n m&uuml;xt\u0259lif m&uuml;hitl\u0259rd\u0259 &ouml;z&uuml;n&uuml; rahat hiss etm\u0259sinin \u0259sas amill\u0259rind\u0259n biri ondan ibar\u0259tdir ki, biz &uuml;z\u0259rimiz\u0259 d&uuml;\u015f\u0259nl\u0259rl\u0259 \u0259laq\u0259dar art\u0131q xeyli i\u015f g&ouml;rm&uuml;\u015f&uuml;k. Biz sabit iqtisadiyyat qurmu\u015fuq, sabit siyasi sistemimiz var, insanlar\u0131n ya\u015fay\u0131\u015f s\u0259viyy\u0259sini yax\u015f\u0131la\u015fd\u0131ran &ccedil;oxlu sosial proqramlar h\u0259yata ke&ccedil;iririk, yoxsulluq s\u0259viyy\u0259sini t\u0259xmin\u0259n 5 faiz\u0259 endirm\u0259y\u0259 nail olmu\u015fuq v\u0259 m&uuml;xt\u0259lif beyn\u0259lxalq aktorlarla g&uuml;cl&uuml; t\u0259r\u0259fda\u015fl\u0131q v\u0259 \u0259laq\u0259l\u0259rl\u0259 biz m&uuml;\u0259yy\u0259n vasit\u0259&ccedil;i rolunu oynay\u0131r\u0131q.<\/p>\n<p>M\u0259n art\u0131q &Ccedil;inl\u0259 olan strateji t\u0259r\u0259fda\u015fl\u0131q B\u0259yannam\u0259mizl\u0259 ba\u011fl\u0131 dan\u0131\u015fd\u0131m. Lakin, eyni zamanda, biz Avropa \u0130ttifaq\u0131n\u0131n 10 &uuml;zv&uuml; il\u0259 strateji t\u0259r\u0259fda\u015fl\u0131q b\u0259yannam\u0259si imzalam\u0131\u015f\u0131q. T&uuml;rkiy\u0259, &Ouml;zb\u0259kistan v\u0259 Rusiya il\u0259 m&uuml;tt\u0259fiqlik b\u0259yannam\u0259si imzalam\u0131\u015f\u0131q. \u015eax\u0259l\u0259nmi\u015f bu xarici siyas\u0259t istiqam\u0259ti, sad\u0259c\u0259, siyas\u0259t\u0259 deyil, mahiyy\u0259t\u0259 \u0259saslan\u0131r. H\u0259r bir sah\u0259d\u0259 bizim \u0259m\u0259li n\u0259tic\u0259l\u0259rimiz, \u0259m\u0259kda\u015fl\u0131q proqramlar\u0131m\u0131z var. Dig\u0259r &ouml;lk\u0259l\u0259r kimi bizim d\u0259 xarici siyas\u0259timiz, sad\u0259c\u0259 olaraq, daxili siyas\u0259timizin davam\u0131d\u0131r. Az\u0259rbaycan\u0131n t\u0259kc\u0259 M\u0259rk\u0259zi Asiya, X\u0259z\u0259r v\u0259 C\u0259nubi Qafqazda deyil, daha geni\u015f co\u011frafiyada regional sabitliy\u0259, regional s&uuml;lh\u0259 verdiyi t&ouml;hf\u0259 art\u0131q qlobal, beyn\u0259lxalq aktorlar t\u0259r\u0259find\u0259n y&uuml;ks\u0259k qiym\u0259tl\u0259ndirilir.<\/p>\n<p>Bizim m&ouml;vqeyimiz ondan ibar\u0259tdir ki, \u0259g\u0259r h\u0259r bir &ouml;lk\u0259 diqq\u0259tini, sad\u0259c\u0259, &ouml;z g&uuml;nd\u0259min\u0259 y&ouml;n\u0259lts\u0259, ba\u015fqa &ouml;lk\u0259nin i\u015fl\u0259rin\u0259 m&uuml;daxil\u0259 etm\u0259y\u0259 &ccedil;al\u0131\u015fmasa, m&uuml;naqi\u015f\u0259l\u0259r, naraz\u0131l\u0131qlar, m&uuml;harib\u0259l\u0259r olmaz. B&uuml;t&uuml;n d&uuml;nyada h\u0259l\u0259 d\u0259 qeyri-sabit v\u0259ziyy\u0259tin olmas\u0131n\u0131n v\u0259 qan t&ouml;k&uuml;lm\u0259sinin yegan\u0259 s\u0259b\u0259bi ondan ibar\u0259tdir ki, imperialist ke&ccedil;mi\u015fi olan &ouml;lk\u0259l\u0259r, sad\u0259c\u0259 olaraq, m&uuml;daxil\u0259 etm\u0259y\u0259, dominantl\u0131q etm\u0259y\u0259, dikt\u0259 etm\u0259y\u0259 davam etm\u0259k ist\u0259yir v\u0259 bu, t\u0259bii olaraq, m&uuml;qavim\u0259t\u0259 g\u0259tirib &ccedil;\u0131xar\u0131r.<\/p>\n<p>Biz &ouml;z&uuml;m&uuml;z&uuml; daxili i\u015fl\u0259r\u0259 m&uuml;daxil\u0259d\u0259n qoruma\u011fa m&uuml;v\u0259ff\u0259q olduq. Lakin he&ccedil; d\u0259 h\u0259r bir &ouml;lk\u0259 bunu etm\u0259k &uuml;&ccedil;&uuml;n potensiala malik deyil. \u018fg\u0259r &ouml;lk\u0259 iqtisadi c\u0259h\u0259td\u0259n as\u0131l\u0131d\u0131rsa, o zaman s&ouml;zs&uuml;z ki, onun m&uuml;qavim\u0259t g&ouml;st\u0259rm\u0259k v\u0259 &ouml;z milli maraqlar\u0131n\u0131 m&uuml;dafi\u0259 etm\u0259k &uuml;&ccedil;&uuml;n daha az imkan\u0131 olacaq. \u0130qtisadiyyat h\u0259r \u015feyin \u0259sas\u0131n\u0131 t\u0259\u015fkil edir. \u0130deologiya, iqtisadiyyat v\u0259 milli ideyalar &#8211; bunlar ham\u0131s\u0131 birlikd\u0259 Az\u0259rbaycan\u0131 bizim layiq oldu\u011fumuz yer\u0259 g\u0259tirib &ccedil;\u0131xard\u0131.<\/p>\n<p><strong>Apar\u0131c\u0131:<\/strong>&nbsp;C\u0259nab Prezident, Siz D&uuml;nya \u0130qtisadi Forumunun ilk g&uuml;n&uuml;nd\u0259n burada oldu\u011funuza g&ouml;r\u0259, art\u0131q qar\u015f\u0131dak\u0131 bir ne&ccedil;\u0259 h\u0259ft\u0259 v\u0259 aylarla ba\u011fl\u0131 ciddi qeyri-m&uuml;\u0259yy\u0259nliyin v\u0259 narahatl\u0131\u011f\u0131n oldu\u011funu hiss ed\u0259 bil\u0259rsiniz. M\u0259s\u0259l\u0259n, Va\u015finqtonda administrasiya d\u0259yi\u015fikliyi il\u0259 \u0259laq\u0259dar insanlar onun y&uuml;r&uuml;d\u0259c\u0259yi siyas\u0259tin nec\u0259 ola bil\u0259c\u0259yi bar\u0259d\u0259 d&uuml;\u015f&uuml;n&uuml;rl\u0259r. Siz bununla \u0259laq\u0259dar qeyri-m&uuml;\u0259yy\u0259nlikl\u0259r\u0259 v\u0259 idar\u0259&ccedil;ilik &uuml;slubuna nec\u0259 bax\u0131rs\u0131n\u0131z?<\/p>\n<p><strong>Prezident \u0130lham \u018fliyev:<\/strong>&nbsp;M\u0259nim m&uuml;\u015fahid\u0259l\u0259rim\u0259 g&ouml;r\u0259, \u0259sas qeyri-m&uuml;\u0259yy\u0259nlik Avropa liderl\u0259ri aras\u0131ndad\u0131r. Az\u0259rbaycana g\u0259linc\u0259, bizd\u0259 he&ccedil; bir qeyri-m&uuml;\u0259yy\u0259nlik yoxdur. Biz Prezident Tramp\u0131n AB\u015e-a r\u0259hb\u0259rlik etdiyi zaman\u0131 xat\u0131rlay\u0131r\u0131q v\u0259 son 4 ild\u0259 Bayden administrasiyas\u0131n\u0131n Az\u0259rbaycana \u0259dal\u0259tsiz yana\u015fmas\u0131 s\u0259b\u0259bind\u0259n \u0259laq\u0259l\u0259rimizin tamamil\u0259 korlanmas\u0131ndan f\u0259rqli olaraq, bizim \u0259laq\u0259l\u0259rimiz &ccedil;ox u\u011furla inki\u015faf edirdi. Bel\u0259likl\u0259, Prezident Trampla birg\u0259 i\u015fl\u0259m\u0259kl\u0259 ba\u011fl\u0131 \u0259vv\u0259lki t\u0259cr&uuml;b\u0259miz &ccedil;ox m&uuml;sb\u0259t idi. Biz g&ouml;zl\u0259yirik ki, AB\u015e-Az\u0259rbaycan m&uuml;nasib\u0259tl\u0259rind\u0259 itirilmi\u015f ill\u0259r hesab etdiyimiz bu 4 il art\u0131q tarix\u0259 qovu\u015facaq v\u0259 biz yenid\u0259n ba\u015flayaca\u011f\u0131q.<\/p>\n<p>Lakin Avropa liderl\u0259ri aras\u0131nda ciddi qeyri-m&uuml;\u0259yy\u0259nlik v\u0259 dey\u0259rdim, ciddi narahatl\u0131q var. S\u0259b\u0259bi is\u0259 &ccedil;ox sad\u0259dir. Biz ham\u0131m\u0131z onlar\u0131n b\u0259zil\u0259rinin son 4 ild\u0259 c\u0259nab Tramp prezident olmad\u0131\u011f\u0131 d&ouml;vrd\u0259 ona nec\u0259 m&uuml;nasib\u0259t g&ouml;st\u0259rdiyini bilirik. Ham\u0131m\u0131z onlar\u0131n \u0259ks\u0259riyy\u0259tinin bud\u0259f\u0259ki prezident se&ccedil;kil\u0259rind\u0259 kimi d\u0259st\u0259kl\u0259diyini bilirik. \u018fg\u0259r biz bunu biliriks\u0259, s&ouml;zs&uuml;z ki, Prezident Tramp bunu daha yax\u015f\u0131 bilir. Art\u0131q m\u0259n dey\u0259rdim, ilk diskvalifikasiya var. Bu, Kanadan\u0131n Ba\u015f naziridir. Prezident Tramp\u0131n onun bar\u0259sind\u0259 dediyi c\u0259mi bir k\u0259lm\u0259 kifay\u0259t etdi ki, o, istefa versin.<\/p>\n<p>Bu, yaln\u0131z m&uuml;\u0259yy\u0259n siyasi prosesl\u0259r s\u0259b\u0259bind\u0259n ba\u015f verm\u0259di. Bu, ona g&ouml;r\u0259 ba\u015f verdi ki, b\u0259zi Q\u0259rb liderl\u0259ri Prezident Trampa qar\u015f\u0131 &ccedil;ox \u0259dal\u0259tsiz idil\u0259r v\u0259 s&ouml;zs&uuml;z ki, onlar narahatd\u0131rlar, indi onlar\u0131n buna g&ouml;r\u0259 cavabdeh olmas\u0131n\u0131n vaxt\u0131 g\u0259lib &ccedil;at\u0131b. Bu, m\u0259nim fikrimdir. Ola bilsin m\u0259n yan\u0131l\u0131ram. Lakin m\u0259n AB\u015e-da d\u0259yi\u015fiklikl\u0259 ba\u011fl\u0131 narahat olmaq &uuml;&ccedil;&uuml;n ba\u015fqa ciddi s\u0259b\u0259b g&ouml;rm&uuml;r\u0259m. D&uuml;\u015f&uuml;n&uuml;r\u0259m ki, d&uuml;nya daha t\u0259hl&uuml;k\u0259siz ola bil\u0259r. Prezident Tramp\u0131n ilk prezidentliyi d&ouml;vr&uuml;nd\u0259 AB\u015e he&ccedil; bir m&uuml;harib\u0259y\u0259 ba\u015flamad\u0131. \u018fg\u0259r AB\u015e-\u0131n \u0259n az\u0131 bir ne&ccedil;\u0259 onillikl\u0259r \u0259rzind\u0259 tarixin\u0259 n\u0259z\u0259r salsaq, bu, nadir bir t\u0259cr&uuml;b\u0259 idi. Az\u0259rbaycana g\u0259linc\u0259, biz \u0259minik v\u0259 nikbin fikird\u0259yik.<\/p>\n<p><strong>Apar\u0131c\u0131:<\/strong>&nbsp;Siz, s&ouml;zs&uuml;z ki, m&uuml;\u015fahid\u0259&ccedil;i kimi &Ccedil;inl\u0259 AB\u015e aras\u0131nda qar\u015f\u0131l\u0131ql\u0131 \u0259laq\u0259l\u0259ri nec\u0259 g&ouml;r&uuml;rs&uuml;n&uuml;z? C\u0259nab Tramp\u0131n AB\u015e-\u0131n 47-ci prezidenti kimi andi&ccedil;m\u0259 m\u0259rasimind\u0259n \u0259vv\u0259l &Ccedil;in v\u0259 AB\u015e prezidentl\u0259ri telefonla dan\u0131\u015fd\u0131lar. Onlar d&uuml;nyan\u0131n t\u0259hl&uuml;k\u0259sizliyi v\u0259 inki\u015faf\u0131 namin\u0259 nec\u0259 \u0259m\u0259kda\u015fl\u0131q ed\u0259 bil\u0259c\u0259kl\u0259ri bar\u0259d\u0259 dan\u0131\u015fd\u0131lar. D&uuml;nyan\u0131n b&ouml;y&uuml;k iqtisadiyyat\u0131na malik iki &ouml;lk\u0259si aras\u0131nda qar\u015f\u0131l\u0131ql\u0131 \u0259laq\u0259l\u0259ri nec\u0259 g&ouml;r&uuml;rs&uuml;n&uuml;z?<\/p>\n<p><strong>Prezident \u0130lham \u018fliyev:<\/strong>&nbsp;B\u0259li, bu, d&uuml;nya &uuml;&ccedil;&uuml;n &ccedil;ox yax\u015f\u0131 bir x\u0259b\u0259r idi ki, &Ccedil;in v\u0259 AB\u015e r\u0259hb\u0259rl\u0259ri yenid\u0259n t\u0259masdad\u0131rlar.<\/p>\n<p><strong>Apar\u0131c\u0131:<\/strong>&nbsp;Siz onlar\u0131n ikisini d\u0259 kifay\u0259t q\u0259d\u0259r yax\u015f\u0131 tan\u0131y\u0131rs\u0131n\u0131z?<\/p>\n<p><strong>Prezident \u0130lham \u018fliyev:<\/strong>&nbsp;S\u0259dr Sini daha yax\u015f\u0131 tan\u0131y\u0131ram, &ccedil;&uuml;nki onunla d\u0259f\u0259l\u0259rl\u0259 g&ouml;r&uuml;\u015fm&uuml;\u015f\u0259m. Prezident Trampla r\u0259smi g&ouml;r&uuml;\u015f&uuml;m olmay\u0131b, sad\u0259c\u0259, bir-birimizin \u0259lini s\u0131xm\u0131\u015f\u0131q. Bununla bel\u0259, bu, d&uuml;nya, d&uuml;nya iqtisadiyyat\u0131, sabitlik &uuml;&ccedil;&uuml;n yax\u015f\u0131 bir i\u015far\u0259, siqnald\u0131r. &Ccedil;&uuml;nki &Ccedil;in v\u0259 AB\u015e d&uuml;nyan\u0131n iki \u0259n b&ouml;y&uuml;k iqtisadiyyat\u0131na malik apar\u0131c\u0131 &ouml;lk\u0259l\u0259rdir. \u018flb\u0259tt\u0259 ki, m&uuml;xt\u0259lif m\u0259s\u0259l\u0259l\u0259rd\u0259 onlar\u0131n aras\u0131nda konsensusun olmas\u0131, qar\u015f\u0131durman\u0131n deyil, \u0259m\u0259kda\u015fl\u0131\u011f\u0131n olmas\u0131 s&ouml;zs&uuml;z ki, b&uuml;t&uuml;n &ouml;lk\u0259l\u0259rin xeyrin\u0259 olacaq. Ona g&ouml;r\u0259 d\u0259 biz h\u0259min telefon dan\u0131\u015f\u0131\u011f\u0131 bar\u0259d\u0259 x\u0259b\u0259r ald\u0131qda bundan m\u0259mnun olduq. &Uuml;midvar\u0131q ki, bu s\u0131x t\u0259r\u0259fda\u015fl\u0131q prosesi davam ed\u0259c\u0259k.<\/p>\n<p><strong>Apar\u0131c\u0131:<\/strong>&nbsp;Xat\u0131rlay\u0131ram ki, bir ne&ccedil;\u0259 il bundan \u0259vv\u0259l, el\u0259 D&uuml;nya \u0130qtisadi Forumunda m\u0259n, C\u0259nab Prezident, Sizin Orta D\u0259hlizin potensial\u0131 bar\u0259d\u0259 \u0259trafl\u0131 \u015f\u0259kild\u0259 dan\u0131\u015fd\u0131\u011f\u0131n\u0131z panel sessiyaya moderatorluq etm\u0259k \u015f\u0259r\u0259fin\u0259 nail olmu\u015fdum. H\u0259min ili xat\u0131rlay\u0131rs\u0131n\u0131z, el\u0259 deyilmi?<\/p>\n<p><strong>Prezident \u0130lham \u018fliyev:<\/strong>&nbsp;B\u0259li, \u0259lb\u0259tt\u0259.<\/p>\n<p><strong>Apar\u0131c\u0131:<\/strong>&nbsp;Siz region v\u0259 region h&uuml;dudlar\u0131ndan k\u0259nar siyasi v\u0259 biznes liderl\u0259ri il\u0259 birlikd\u0259 idiniz.<\/p>\n<p><strong>Prezident \u0130lham \u018fliyev:<\/strong>&nbsp;B\u0259li.<\/p>\n<p><strong>Apar\u0131c\u0131:<\/strong>&nbsp;\u0130ll\u0259r ke&ccedil;di v\u0259 bu, bax\u0131\u015fdan reall\u0131\u011fa &ccedil;evrilir.<\/p>\n<p><strong>Prezident \u0130lham \u018fliyev:<\/strong>&nbsp;Do\u011frudur.<\/p>\n<p><strong>Apar\u0131c\u0131:<\/strong>&nbsp;Sizinl\u0259 yana\u015f\u0131, bir &ccedil;ox t\u0259r\u0259fda\u015flar\u0131n\u0131z, o c&uuml;ml\u0259d\u0259n &Ccedil;in bu yolun \u0259h\u0259miyy\u0259tini daha da art\u0131rd\u0131. Orta D\u0259hlizin \u0259h\u0259miyy\u0259ti Sizc\u0259 n\u0259d\u0259dir? &Ccedil;in v\u0259 s&ouml;zs&uuml;z ki, dig\u0259r t\u0259r\u0259fda\u015flar\u0131n da i\u015ftirak\u0131 il\u0259 bu, bir n&ouml;v regionu canland\u0131r\u0131b. Bu, par&ccedil;alanmadan narahat olan d&uuml;nyaya nec\u0259 alternativ t\u0259klif edir?<\/p>\n<p><strong>Prezident \u0130lham \u018fliyev:<\/strong>&nbsp;B\u0259li, bu, s&ouml;zs&uuml;z ki, alternativ t\u0259klif edir. Bu, biznes imkanlar t\u0259min edir. &Ccedil;&uuml;nki Az\u0259rbaycan\u0131n Orta D\u0259hlizl\u0259 ba\u011fl\u0131 m&ouml;vqeyi, sad\u0259c\u0259, tranzit &ouml;lk\u0259si olmaq v\u0259 tranzitd\u0259n &ouml;d\u0259ni\u015fl\u0259r almaqdan ibar\u0259t deyil. Bizim h\u0259d\u0259fimiz &ouml;z\u0259l sektora bundan faydalanma\u011fa k&ouml;m\u0259k etm\u0259k &uuml;&ccedil;&uuml;n d\u0259hlizin ke&ccedil;diyi Az\u0259rbaycan \u0259razisind\u0259 m&uuml;\u0259ssis\u0259l\u0259r yaratmaqd\u0131r. \u018flb\u0259tt\u0259 ki, sizin istinad etdiyiniz paneld\u0259n b\u0259ri bu sah\u0259d\u0259, o c&uuml;ml\u0259d\u0259n &Ccedil;in-Az\u0259rbaycan m&uuml;nasib\u0259tl\u0259rind\u0259 bir &ccedil;ox hadis\u0259l\u0259r ba\u015f vermi\u015fdir. Art\u0131q qeyd etdiyimiz kimi, biz strateji t\u0259r\u0259fda\u015f\u0131q, lakin, eyni zamanda, Orta D\u0259hlizin Az\u0259rbaycan seqmentinin infrastrukturu t\u0259kmill\u0259\u015fdirilmi\u015fdir. Haz\u0131rda biz g&ouml;r&uuml;r&uuml;k ki, bu t\u0259kmill\u0259\u015fdirilmi\u015f infrastruktur g\u0259l\u0259c\u0259k 3-5 il &uuml;&ccedil;&uuml;n kifay\u0259t etm\u0259y\u0259c\u0259k.<\/p>\n<p><strong>Apar\u0131c\u0131:<\/strong>&nbsp;B\u0259li, m\u0259n g&ouml;r&uuml;r\u0259m, Sizin h\u0259mi\u015f\u0259 yeni m\u0259qs\u0259dl\u0259riniz var.<\/p>\n<p><strong>Prezident \u0130lham \u018fliyev:<\/strong>&nbsp;B\u0259li, el\u0259dir ki, var. &Ccedil;&uuml;nki bizim h\u0259d\u0259fimiz ticar\u0259t liman\u0131nda 15 milyon ton y&uuml;ka\u015f\u0131rma qabiliyy\u0259tin\u0259 malik olmaq idi v\u0259 bu da onillikl\u0259r \u0259rzind\u0259 yet\u0259rli olard\u0131. Lakin indi biz ola bilsin ki, n&ouml;vb\u0259ti 5-6 ild\u0259 25 milyon ton y&uuml;k q\u0259bul etm\u0259yi g&ouml;zl\u0259yirik. Bel\u0259likl\u0259, biz haz\u0131rda d\u0259niz ticar\u0259t liman\u0131m\u0131z\u0131n v\u0259 d\u0259mir yolu infrastrukturumuzun geni\u015fl\u0259ndirilm\u0259sini maliyy\u0259l\u0259\u015fdiririk.<\/p>\n<p>Biz M\u0259rk\u0259zi Asiyada ba\u011flant\u0131 layih\u0259l\u0259rinin d\u0259 \u0259sas\u0259n &Ccedil;in h&ouml;kum\u0259ti t\u0259r\u0259find\u0259n maliyy\u0259l\u0259\u015fdirildiyini bilirik. X\u0259z\u0259r d\u0259nizin\u0259 dig\u0259r bir mar\u015frut Az\u0259rbaycana ged\u0259n dig\u0259r mar\u015frutdur v\u0259 biz buna m&uuml;tl\u0259q haz\u0131r olmal\u0131y\u0131q. \u018fmin\u0259m ki, S\u0259dr Si Cinpinin &ldquo;Bir k\u0259m\u0259r, bir yol&rdquo; t\u0259\u015f\u0259bb&uuml;s&uuml; b&uuml;t&uuml;n &ouml;lk\u0259l\u0259r &uuml;&ccedil;&uuml;n \u0259lav\u0259 imkanlar yaradacaq. Bir daha s&ouml;hb\u0259t ba\u011flant\u0131dan, biznes imkan\u0131ndan, sabitlik v\u0259 t\u0259hl&uuml;k\u0259sizlikd\u0259n gedir. &Ccedil;&uuml;nki biz ham\u0131m\u0131z bir-birimizd\u0259n as\u0131l\u0131 oluruq. Bizi birl\u0259\u015fdir\u0259n vacib infrastruktur layih\u0259l\u0259ri var. Bu, &ouml;lk\u0259l\u0259r aras\u0131nda h\u0259m ikit\u0259r\u0259fli, h\u0259m d\u0259 &ccedil;oxt\u0259r\u0259fli \u0259laq\u0259l\u0259r istiqam\u0259tind\u0259 bir s\u0131ra m\u0259s\u0259l\u0259l\u0259rin h\u0259lli &uuml;&ccedil;&uuml;n yax\u015f\u0131 bir m&uuml;hitdir.<\/p>\n<p><strong>Apar\u0131c\u0131:<\/strong>&nbsp;&Ccedil;in ya\u015f\u0131l texnologiya sah\u0259sind\u0259 s&uuml;r\u0259tl\u0259 inki\u015faf edir v\u0259 \u0259lb\u0259tt\u0259 ki, &ouml;z t\u0259cr&uuml;b\u0259sini d&uuml;nya il\u0259 b&ouml;l&uuml;\u015f&uuml;r. M\u0259n onu da anlay\u0131ram ki, Sizin &ccedil;ox aktiv ya\u015f\u0131l g&uuml;nd\u0259liyiniz var. M\u0259s\u0259l\u0259n, &Ccedil;inl\u0259 birlikd\u0259 m&uuml;\u0259yy\u0259n elektrik stansiyalar\u0131n\u0131n &uuml;z\u0259rind\u0259 i\u015f gedir. Z\u0259ngin qaz\u0131nt\u0131 enerji n&ouml;vl\u0259rin\u0259 malik olan &ouml;lk\u0259nizin, iqtisadiyyat\u0131n\u0131z\u0131n ya\u015f\u0131l enerjiy\u0259 bax\u0131\u015f\u0131 nec\u0259dir?<\/p>\n<p><strong>Prezident \u0130lham \u018fliyev:&nbsp;<\/strong>Hesab edir\u0259m ki, qaz\u0131nt\u0131 enerji n&ouml;vl\u0259rin\u0259 malik olan &ouml;lk\u0259l\u0259rin m\u0259suliyy\u0259ti \u0259ld\u0259 etdikl\u0259ri g\u0259lirl\u0259ri ya\u015f\u0131l texnologiyaya v\u0259 ya\u015f\u0131l enerjiy\u0259 investisiya etm\u0259kd\u0259n ibar\u0259tdir. Biz m\u0259hz bunu edirik. Biz investorlar &uuml;&ccedil;&uuml;n yax\u015f\u0131 investisiya m&uuml;hitini yaratd\u0131q. Bizim 2027-ci il\u0259 q\u0259d\u0259r olan h\u0259d\u0259fimiz 2 giqavat h\u0259cmind\u0259 G&uuml;n\u0259\u015f v\u0259 k&uuml;l\u0259k elektrik enerjisini hasil etm\u0259kdir. 2030-cu il\u0259 q\u0259d\u0259r is\u0259 bu h\u0259d\u0259f 6 giqavatd\u0131r. Bu, Az\u0259rbaycanda enerji sah\u0259sind\u0259 bir inqilab olacaqd\u0131r. Onu da qeyd etm\u0259k ist\u0259yir\u0259m ki, bu layih\u0259l\u0259r\u0259 s\u0259rmay\u0259 yat\u0131ran xarici \u015firk\u0259tl\u0259r olan investorlar, o c&uuml;ml\u0259d\u0259n Az\u0259rbaycandan olan yerli \u015firk\u0259tl\u0259r &Ccedil;in texnologiyas\u0131ndan istifad\u0259 edirl\u0259r. G&uuml;n\u0259\u015f panell\u0259ri &Ccedil;ind\u0259 istehsal olunur. \u0130ndi bizim hey\u0259tl\u0259rimiz enerjinin t\u0259dar&uuml;k&uuml; imkanlar\u0131 &uuml;z\u0259rind\u0259 i\u015fl\u0259yirl\u0259r v\u0259 biz \u0259n yax\u015f\u0131 batareyalar\u0131n &Ccedil;ind\u0259 istehsal olundu\u011funu m&uuml;\u0259yy\u0259n etmi\u015fik. M\u0259n bu m&ouml;ht\u0259\u015f\u0259m u\u011fur m&uuml;nasib\u0259til\u0259 &Ccedil;in istehsal&ccedil;\u0131lar\u0131n\u0131 t\u0259brik edir\u0259m. &Ccedil;&uuml;nki burada s&ouml;hb\u0259t m\u0259hsulun keyfiyy\u0259ti v\u0259 qiym\u0259tind\u0259n gedir. He&ccedil; kim bu r\u0259qab\u0259ti apara bilmir.<\/p>\n<p><strong>Apar\u0131c\u0131:<\/strong>&nbsp;Bu, x&uuml;susil\u0259 Qlobal C\u0259nub &ouml;lk\u0259l\u0259ri &uuml;&ccedil;&uuml;n vacibdir.<\/p>\n<p><strong>Prezident \u0130lham \u018fliyev:<\/strong>&nbsp;B\u0259li. \u0130ndi &Ccedil;in \u015firk\u0259tl\u0259ri t\u0259kc\u0259 xidm\u0259t v\u0259 texnologiyalar\u0131n t\u0259min edilm\u0259sind\u0259 yox, h\u0259m&ccedil;inin Az\u0259rbaycana investisiya yat\u0131rmaqda maraql\u0131d\u0131rlar v\u0259 bu proses art\u0131q gedir. COP29-da biz Az\u0259rbaycan, Qazax\u0131stan v\u0259 &Ouml;zb\u0259kistan aras\u0131nda X\u0259z\u0259r d\u0259nizinin dibi il\u0259 enerji kabelinin &ccedil;\u0259kilm\u0259si bar\u0259d\u0259 bir m&uuml;qavil\u0259 imzalad\u0131q. Bel\u0259likl\u0259, biz M\u0259rk\u0259zi Asiya il\u0259 Az\u0259rbaycan\u0131 v\u0259 potensial olaraq &Ccedil;ini enerji kabeli il\u0259 bir-biri il\u0259 ba\u011flayaca\u011f\u0131q. Dig\u0259r bir layih\u0259d\u0259 bel\u0259 bir kabel x\u0259tti Qara d\u0259nizin dibi il\u0259 Az\u0259rbaycandan Avropaya uzanacaq.<\/p>\n<p>Bu, n&ouml;vb\u0259ti bir ba\u011flant\u0131 layih\u0259sidir. Bu, ya\u015f\u0131l enerji &uuml;&ccedil;&uuml;n bir d\u0259hlizdir v\u0259 onun n\u0259h\u0259ng potensial\u0131 var. &Ccedil;&uuml;nki Az\u0259rbaycan\u0131n k&uuml;l\u0259k v\u0259 G&uuml;n\u0259\u015f enerjisi potensial\u0131 art\u0131q b\u0259llidir v\u0259 bu, bizim t\u0259s\u0259vv&uuml;r\u0259 g\u0259tir\u0259 bil\u0259c\u0259yimizd\u0259n qat-qat art\u0131qd\u0131r. Bel\u0259likl\u0259, biz\u0259 bazarlar, texnologiya v\u0259 \u0259m\u0259kda\u015fl\u0131q laz\u0131md\u0131r. &Ccedil;&uuml;nki qon\u015fu &ouml;lk\u0259l\u0259r aras\u0131nda \u0259m\u0259kda\u015fl\u0131q olmadan bu layih\u0259l\u0259rin icras\u0131 m&uuml;mk&uuml;n deyil. Bel\u0259likl\u0259, potensial buradad\u0131r v\u0259 siz qeyd etdiyiniz kimi, Az\u0259rbaycan ya\u015f\u0131l ke&ccedil;idd\u0259 &ccedil;ox f\u0259al rol oynay\u0131r.<\/p>\n<p><strong>Apar\u0131c\u0131:<\/strong>&nbsp;Bu nec\u0259 olur, prosesin h\u0259r bir m\u0259rh\u0259l\u0259sind\u0259 Az\u0259rbaycan v\u0259 &Ccedil;in bir-biri il\u0259 t\u0259masda olur. Bu heyr\u0259tamizdir, el\u0259 deyilmi?<\/p>\n<p><strong>Prezident \u0130lham \u018fliyev:&nbsp;<\/strong>B\u0259li.<\/p>\n<p><strong>Apar\u0131c\u0131:<\/strong>&nbsp;H\u0259r iki &ouml;lk\u0259 h\u0259mi\u015f\u0259 bir-birini &ouml;z planlar\u0131na daxil edir.<\/p>\n<p><strong>Prezident \u0130lham \u018fliyev:&nbsp;<\/strong>Bu, h\u0259qiq\u0259t\u0259n d\u0259 ciddi geosiyasi sinerjiy\u0259 &ccedil;evrilib.<\/p>\n<p><strong>Apar\u0131c\u0131:<\/strong>&nbsp;\u0130ndi qeyd edilmi\u015f strateji t\u0259r\u0259fda\u015fl\u0131q h\u0259r \u015feyi t\u0259kmill\u0259\u015fdirir.<\/p>\n<p><strong>Prezident \u0130lham \u018fliyev:&nbsp;<\/strong>B\u0259li, el\u0259dir ki, var. H\u0259m&ccedil;inin bu yax\u0131nlarda biz &Ccedil;in v\u0259t\u0259nda\u015flar\u0131n\u0131 viza almaq t\u0259l\u0259bind\u0259n azad etdik. Bel\u0259likl\u0259, indi &Ccedil;in v\u0259t\u0259nda\u015flar\u0131 he&ccedil; elektron viza &uuml;&ccedil;&uuml;n d\u0259 m&uuml;raci\u0259t etm\u0259k m\u0259cburiyy\u0259tind\u0259 deyill\u0259r. &Uuml;midvar\u0131q ki, tezlikl\u0259 Az\u0259rbaycan v\u0259t\u0259nda\u015flar\u0131 da bu f&uuml;rs\u0259td\u0259n yararlanacaq. Bel\u0259likl\u0259, bu, turistl\u0259rin say\u0131n\u0131, xalqlar aras\u0131nda t\u0259maslar\u0131 art\u0131racaq v\u0259 \u0259lb\u0259tt\u0259 ki, ictimai diplomatiya &ouml;z rolunu oynayacaq. \u0130ndi biz r\u0259smi diplomatik kanallardan istifad\u0259 edirik &#8211; siyasi, iqtisadi, ticari, investisiya, ba\u011flant\u0131. Lakin ictimai diplomatiya buna &ccedil;oxlu t&ouml;hf\u0259 ver\u0259c\u0259kdir.<\/p>\n<p><strong>Apar\u0131c\u0131:&nbsp;<\/strong>Sonda iki sual\u0131m var. Birincisi, &Ccedil;in iqtisadiyyat\u0131 il\u0259 ba\u011fl\u0131d\u0131r. Bildiyiniz kimi, c\u0259nab Prezident, Az\u0259rbaycan v\u0259 &Ccedil;in x&uuml;susil\u0259 iqtisadi-ticari sah\u0259d\u0259 bir-biri il\u0259 s\u0131x \u0259m\u0259kda\u015fl\u0131q edirl\u0259r. &Ccedil;in iqtisadiyyat\u0131 ke&ccedil;id d&ouml;vr&uuml;n&uuml; ya\u015fay\u0131r. O, yeni inki\u015faf n&ouml;qt\u0259l\u0259rini axtar\u0131r v\u0259 eyni zamanda, b&ouml;y&uuml;k potensiala malikdir. &Ccedil;in iqtisadiyyat\u0131n\u0131n cari v\u0259ziyy\u0259ti haqq\u0131nda n\u0259 d&uuml;\u015f&uuml;n&uuml;rs&uuml;n&uuml;z v\u0259 Qlobal C\u0259nub iqtisadiyyat\u0131 olaraq Siz &Ccedil;ind\u0259 bu iqtisadiyyat\u0131n x&uuml;susiyy\u0259tind\u0259 n\u0259yi g&ouml;r&uuml;rs&uuml;n&uuml;z?<\/p>\n<p><strong>Prezident \u0130lham \u018fliyev:<\/strong>&nbsp;M\u0259n bildiyim\u0259 g&ouml;r\u0259, &#8211; m\u0259n yeni planlar haqq\u0131nda d\u0259rind\u0259n m\u0259lumatl\u0131 deyil\u0259m, lakin bizim m&uuml;\u015fahid\u0259 etdikl\u0259rimiz\u0259 \u0259sas\u0259n, &#8211; &Ccedil;in iqtisadiyyat\u0131 &ccedil;ox sabitdir v\u0259 bu, qlobal iqtisadiyyat\u0131n m&uuml;h&uuml;m bir amilidir. Qaz\u0131nt\u0131 enerji n&ouml;vl\u0259ri &uuml;zr\u0259 sabit qiym\u0259tl\u0259r\u0259 ehtiyac\u0131 olan Az\u0259rbaycan kimi &ouml;lk\u0259 &uuml;&ccedil;&uuml;n &Ccedil;in iqtisadiyyat\u0131 da m&uuml;h&uuml;m bir amildir. &Ccedil;in iqtisadiyyat\u0131 s&uuml;r\u0259tl\u0259 inki\u015faf etdikc\u0259, qaz\u0131nt\u0131 enerji n&ouml;v&uuml;n\u0259 olan t\u0259l\u0259bat daha da art\u0131r. Odur ki, biz &Ccedil;in iqtisadiyyat\u0131n\u0131n h\u0259mi\u015f\u0259 inki\u015faf etm\u0259si n&ouml;qteyi-n\u0259z\u0259rind\u0259n maraql\u0131y\u0131q. Lakin bu, asan deyil. &Ccedil;&uuml;nki iqtisadiyyat\u0131n\u0131z ild\u0259n-il\u0259 artd\u0131qca, m&uuml;\u0259yy\u0259n bir t\u0259m\u0259l h\u0259cm\u0259 nail olunur v\u0259 ondan sonra iqtisadiyyat\u0131n art\u0131r\u0131lmas\u0131na davam etm\u0259k o q\u0259d\u0259r d\u0259 asan olmur.<\/p>\n<p><strong>Apar\u0131c\u0131:<\/strong>&nbsp;G&ouml;zl\u0259ntil\u0259r d\u0259 &ccedil;ox b&ouml;y&uuml;k olur.<\/p>\n<p><strong>Prezident \u0130lham \u018fliyev:&nbsp;<\/strong>B\u0259li, g&ouml;zl\u0259ntil\u0259r &ccedil;ox b&ouml;y&uuml;kd&uuml;r. Lakin m\u0259n \u0259min\u0259m ki, istedadl\u0131 &Ccedil;in xalq\u0131 bir h\u0259ll yolunu tapacaqd\u0131r. \u018fmin\u0259m ki, onlar art\u0131q yeni inki\u015faf n&ouml;qt\u0259l\u0259rin\u0259 &ccedil;at\u0131blar, &ccedil;&uuml;nki sizin &ouml;lk\u0259niz texnologiyada liderdir v\u0259 Az\u0259rbaycanda bir &ccedil;ox &Ccedil;in \u015firk\u0259tl\u0259ri &ouml;z xidm\u0259tl\u0259rini v\u0259 texnologiyas\u0131n\u0131 t\u0259min edir. Bizim indic\u0259 m&uuml;zakir\u0259 etdiyimiz kimi, ya\u015f\u0131l texnologiya sah\u0259sind\u0259 he&ccedil; kim sizinl\u0259 r\u0259qab\u0259t apara bilm\u0259z. D&uuml;nyan\u0131n m&uuml;xt\u0259lif yerl\u0259rind\u0259n olan, m&uuml;xt\u0259lif \u015firk\u0259tl\u0259ri t\u0259msil ed\u0259n investorlar\u0131m\u0131z bu tutumlar\u0131 qura\u015fd\u0131rmaq &uuml;&ccedil;&uuml;n &Ccedil;in texnologiyas\u0131n\u0131 se&ccedil;irl\u0259r.<\/p>\n<p><strong>Apar\u0131c\u0131:<\/strong>&nbsp;Cavab\u0131n\u0131z &uuml;&ccedil;&uuml;n t\u0259\u015f\u0259kk&uuml;r edir\u0259m. Son sual\u0131m. Dey\u0259 bil\u0259r\u0259m ki, d&uuml;nya &ccedil;ox s&uuml;r\u0259tl\u0259 d\u0259yi\u015fir. Lakin c\u0259nab Prezident, h\u0259r d\u0259f\u0259 Sizinl\u0259 dan\u0131\u015fanda m\u0259n\u0259 el\u0259 g\u0259lir ki, &ouml;lk\u0259niz &ccedil;ox g&uuml;cl&uuml; t\u0259m\u0259l &uuml;z\u0259rind\u0259 dayan\u0131b. M\u0259n\u0259 maraql\u0131d\u0131r, bu, t\u0259kc\u0259 &ouml;z&uuml;n&uuml;z bar\u0259d\u0259 yox, bu g&uuml;n olan liderlik haqq\u0131nda n\u0259yi bildirir? X&uuml;susil\u0259 b&uuml;t&uuml;n bu d\u0259yi\u015fiklikl\u0259rin ba\u015f verdiyi bir vaxtda.<\/p>\n<p><strong>Prezident \u0130lham \u018fliyev:&nbsp;<\/strong>Liderlik, \u0259lb\u0259tt\u0259 ki, b&ouml;y&uuml;k bir m\u0259suliyy\u0259tdir v\u0259 \u0259n &ouml;n\u0259mlisi ondan ibar\u0259tdir ki, lider h\u0259mi\u015f\u0259 &ouml;z xalq\u0131na, &ouml;z \u0259halisin\u0259 m&uuml;nasib\u0259td\u0259 \u0259dal\u0259tli olmal\u0131d\u0131r. He&ccedil; vaxt xalq\u0131na yalan dan\u0131\u015fmamal\u0131san v\u0259 xalq bunu y&uuml;ks\u0259k qiym\u0259tl\u0259ndir\u0259c\u0259k. B\u0259z\u0259n m&uuml;\u0259yy\u0259n siyasi s\u0259b\u0259bl\u0259r &uuml;z&uuml;nd\u0259n hakimiyy\u0259t\u0259 can atan liderl\u0259r &ccedil;oxlu v\u0259dl\u0259r verir v\u0259 sonra onlar\u0131 yerin\u0259 yetirmir v\u0259 bu da m\u0259yuslu\u011fa, inams\u0131zl\u0131\u011fa g\u0259tirib &ccedil;\u0131xar\u0131r. Bu, d&uuml;nyan\u0131n m&uuml;xt\u0259lif yerl\u0259rind\u0259 siyasi b&ouml;hrana g\u0259tirib &ccedil;\u0131xar\u0131r.<\/p>\n<p>Lakin biz\u0259 g\u0259ldikd\u0259, iyirmi ild\u0259n art\u0131q m&uuml;dd\u0259t \u0259rzind\u0259 m\u0259n h\u0259mi\u015f\u0259 Az\u0259rbaycan xalq\u0131na h\u0259qiq\u0259ti s&ouml;yl\u0259mi\u015f\u0259m. Bu h\u0259qiq\u0259tin m&uuml;sb\u0259t v\u0259 ya m\u0259nfi olmas\u0131ndan as\u0131l\u0131 olmayaraq. H\u0259mi\u015f\u0259 xalq\u0131ma biz \u0259dal\u0259ti b\u0259rpa ed\u0259c\u0259yik s&ouml;yl\u0259mi\u015f\u0259m v\u0259 xalq\u0131m da m\u0259n\u0259 inan\u0131b. 17 il hakimiyy\u0259td\u0259 olandan sonra biz, n\u0259hay\u0259t, v\u0259d etdikl\u0259rimizi yerin\u0259 yetirdik v\u0259 suverenliyimizi, \u0259razi b&uuml;t&ouml;vl&uuml;y&uuml;n&uuml; v\u0259 l\u0259yaq\u0259timizi b\u0259rpa etdik. Bel\u0259likl\u0259, ictimaiyy\u0259tin d\u0259st\u0259yini \u0259ld\u0259 etm\u0259k ist\u0259y\u0259n liderl\u0259r\u0259 m\u0259sl\u0259h\u0259tim o olard\u0131 ki, h\u0259mi\u015f\u0259 h\u0259qiq\u0259ti s&ouml;yl\u0259yin v\u0259 beyn\u0259lxalq t\u0259zyiqd\u0259n, beyn\u0259lxalq mediadan as\u0131l\u0131 olmayaraq, haqq\u0131n\u0131zda n\u0259 dedikl\u0259rind\u0259n, sizi nec\u0259 adland\u0131rd\u0131qlar\u0131ndan, sizi nec\u0259 t\u0259hqir etm\u0259l\u0259rind\u0259n as\u0131l\u0131 olmayaraq, &ouml;lk\u0259niz &uuml;&ccedil;&uuml;n do\u011fru olan\u0131 edin. Bel\u0259likl\u0259, siz &ouml;z&uuml;n&uuml;z v\u0259 &ouml;lk\u0259niz u\u011fur qazanm\u0131\u015f olacaqs\u0131n\u0131z.<\/p>\n<p><strong>Apar\u0131c\u0131:<\/strong>&nbsp;T\u0259\u015f\u0259kk&uuml;r edir\u0259m, c\u0259nab Prezident. Bildiyiniz kimi, bu il D&uuml;nya \u0130qtisadi Forumundan d\u0259rhal sonra &Ccedil;in Yeni \u0130li qeyd olunacaq. \u0130st\u0259rdim ki, Siz &ouml;z &ccedil;inli dostlar\u0131n\u0131za v\u0259 b&ouml;y&uuml;k &Ccedil;in xalq\u0131na bu m&uuml;nasib\u0259tl\u0259 &uuml;r\u0259k s&ouml;zl\u0259rinizi dey\u0259r\u0259k, bizi bu \u015f\u0259r\u0259f\u0259 n\u0259sib ed\u0259siniz.<\/p>\n<p>&Ccedil;in Yeni \u0130lidir, ona Bahar bayram\u0131 da deyilir. Bu il ilan ilidir v\u0259 insanlardan &ccedil;evik olmas\u0131n\u0131 t\u0259l\u0259b edir. Bu, bir \u0259n\u0259n\u0259dir.<\/p>\n<p><strong>Prezident \u0130lham \u018fliyev:<\/strong>&nbsp;M\u0259n &Ccedil;in xalq\u0131n\u0131 &Ccedil;in Yeni \u0130li m&uuml;nasib\u0259til\u0259 t\u0259brik etm\u0259k v\u0259 b&uuml;t&uuml;n dostlar\u0131m\u0131za t\u0259r\u0259qqi, s&uuml;lh, sabitlik v\u0259 s\u0259ad\u0259t arzulamaq ist\u0259yir\u0259m. &Ccedil;in v\u0259 Az\u0259rbaycan 6-7 ay bundan \u0259vv\u0259l strateji t\u0259r\u0259fda\u015f oldular. Bu, h\u0259tta bundan daha da yax\u015f\u0131 dost olmaq &uuml;&ccedil;&uuml;n bizim qar\u015f\u0131l\u0131ql\u0131 irad\u0259mizi n&uuml;mayi\u015f etdir\u0259n y&uuml;ks\u0259ks\u0259viyy\u0259li t\u0259r\u0259fda\u015fl\u0131qd\u0131r. F&uuml;rs\u0259td\u0259n istifad\u0259 ed\u0259r\u0259k, &ccedil;inli dostlar\u0131m\u0131z\u0131 Az\u0259rbaycan\u0131 ziyar\u0259t etm\u0259y\u0259 d\u0259v\u0259t edir\u0259m. Onlara bunu etm\u0259k &uuml;&ccedil;&uuml;n art\u0131q viza t\u0259l\u0259b olunmur. Sad\u0259c\u0259, bilet al\u0131b g\u0259l\u0259 bil\u0259rl\u0259r v\u0259 Az\u0259rbaycan\u0131n nec\u0259 inki\u015faf etdiyini g&ouml;r\u0259 bil\u0259rl\u0259r v\u0259 &ouml;zl\u0259rin\u0259 yeni dostlar qazana bil\u0259rl\u0259r. \u018fmin\u0259m ki, xalqlararas\u0131 t\u0259maslar &ouml;lk\u0259l\u0259rimizi v\u0259 xalqlar\u0131m\u0131z\u0131 bir-birin\u0259 daha da yax\u0131n ed\u0259c\u0259k. Yeni \u0130liniz m&uuml;bar\u0259k olsun!<\/p>\n<p><strong>Apar\u0131c\u0131:<\/strong>&nbsp;&Ccedil;ox sa\u011f olun, c\u0259nab Prezident. &Uuml;mid edir\u0259m ki, bu il Az\u0259rbaycan xalq\u0131 &uuml;&ccedil;&uuml;n d\u0259 m&ouml;ht\u0259\u015f\u0259m bir il olacaqd\u0131r.<\/p>\n<p><strong>Prezident \u0130lham \u018fliyev:<\/strong>&nbsp;&Ccedil;ox sa\u011f olun.<\/p>\n<p><strong>Apar\u0131c\u0131:<\/strong>&nbsp;&Ccedil;ox sa\u011f olun.<\/p>\n","protected":false},"excerpt":{"rendered":"<p>Az\u0259rbaycan Respublikas\u0131n\u0131n Prezidenti \u0130lham \u018fliyev yanvar\u0131n 20-d\u0259 Davosda &Ccedil;inin CGTN (China Global Television Network) telekanal\u0131na m&uuml;sahib\u0259 verib. D&ouml;vl\u0259timizin ba\u015f&ccedil;\u0131s\u0131n\u0131n m&uuml;sahib\u0259si fevral\u0131n 11-d\u0259 bu televiziya kanal\u0131nda yay\u0131mlan\u0131b. Ucnoqta.az h\u0259min m&uuml;sahib\u0259nin geni\u015f&hellip;<\/p>\n","protected":false},"author":1,"featured_media":251278,"comment_status":"open","ping_status":"open","sticky":false,"template":"","format":"standard","meta":{"_lmt_disableupdate":"","_lmt_disable":"","footnotes":""},"categories":[86],"tags":[],"class_list":["post-218118","post","type-post","status-publish","format-standard","has-post-thumbnail","hentry","category-siyaset"],"_links":{"self":[{"href":"https:\/\/ucnoqta.az\/index.php?rest_route=\/wp\/v2\/posts\/218118","targetHints":{"allow":["GET"]}}],"collection":[{"href":"https:\/\/ucnoqta.az\/index.php?rest_route=\/wp\/v2\/posts"}],"about":[{"href":"https:\/\/ucnoqta.az\/index.php?rest_route=\/wp\/v2\/types\/post"}],"author":[{"embeddable":true,"href":"https:\/\/ucnoqta.az\/index.php?rest_route=\/wp\/v2\/users\/1"}],"replies":[{"embeddable":true,"href":"https:\/\/ucnoqta.az\/index.php?rest_route=%2Fwp%2Fv2%2Fcomments&post=218118"}],"version-history":[{"count":0,"href":"https:\/\/ucnoqta.az\/index.php?rest_route=\/wp\/v2\/posts\/218118\/revisions"}],"wp:featuredmedia":[{"embeddable":true,"href":"https:\/\/ucnoqta.az\/index.php?rest_route=\/wp\/v2\/media\/251278"}],"wp:attachment":[{"href":"https:\/\/ucnoqta.az\/index.php?rest_route=%2Fwp%2Fv2%2Fmedia&parent=218118"}],"wp:term":[{"taxonomy":"category","embeddable":true,"href":"https:\/\/ucnoqta.az\/index.php?rest_route=%2Fwp%2Fv2%2Fcategories&post=218118"},{"taxonomy":"post_tag","embeddable":true,"href":"https:\/\/ucnoqta.az\/index.php?rest_route=%2Fwp%2Fv2%2Ftags&post=218118"}],"curies":[{"name":"wp","href":"https:\/\/api.w.org\/{rel}","templated":true}]}}