{"id":218108,"date":"2025-02-12T09:24:39","date_gmt":"2025-02-12T05:24:39","guid":{"rendered":""},"modified":"-0001-11-30T00:00:00","modified_gmt":"-0001-11-29T20:00:00","slug":"","status":"publish","type":"post","link":"https:\/\/ucnoqta.az\/?p=218108","title":{"rendered":"M\u0259\u011flubiyy\u0259t\u0259 g\u00f6r\u0259 m\u0259suliyy\u0259t ham\u0131m\u0131z\u0131n \u00fcz\u0259rin\u0259 d\u00fc\u015f\u00fcr &#8211;"},"content":{"rendered":"<p><strong>&ldquo;Man&ccedil;ester Siti&rdquo;nin ba\u015f m\u0259\u015fq&ccedil;isi Pep Qvardiola &Ccedil;empionlar Liqas\u0131n\u0131n pley-off m\u0259rh\u0259l\u0259sinin ilk oyununda &ldquo;Real Madrid&rdquo;\u0259 m\u0259\u011flubiyy\u0259td\u0259 h\u0259r k\u0259sin g&uuml;nahkar oldu\u011funu v\u0259 birinci g&uuml;nahkar\u0131n o oldu\u011funu deyib.<\/strong><\/p>\n<p>Ucnoqta.az x\u0259b\u0259r verir ki, bu bar\u0259d\u0259 Sky Sports yaz\u0131b.<\/p>\n<p>&ldquo;M\u0259n uzun ill\u0259rdir &ldquo;Man&ccedil;ester Siti&rdquo;d\u0259y\u0259m v\u0259 g&ouml;rk\u0259mli komandan\u0131n, \u0259sl ma\u015f\u0131n\u0131n bir hiss\u0259siy\u0259m, lakin haz\u0131rda komandaya yaranan v\u0259ziyy\u0259tl\u0259rin &ouml;hd\u0259sind\u0259n g\u0259lm\u0259y\u0259 k&ouml;m\u0259k ed\u0259c\u0259k n\u0259yi is\u0259 t\u0259klif ed\u0259 bilm\u0259r\u0259m. Bu n\u0259tic\u0259l\u0259r\u0259 g&ouml;r\u0259 m\u0259suliyy\u0259t ham\u0131m\u0131z\u0131n &uuml;z\u0259rin\u0259 d&uuml;\u015f&uuml;r. Etiraf edir\u0259m ki, sistemimizd\u0259 h\u0259r \u015fey \u0259vv\u0259lki kimi i\u015fl\u0259mir&quot; &#8211; Qvardiola deyib.<\/p>\n<p>Xat\u0131rladaq ki, Man&ccedil;esterd\u0259ki &ldquo;Etihad&rdquo; stadionunda ke&ccedil;iril\u0259n g&ouml;r&uuml;\u015f 3:2 hesab\u0131 il\u0259 &ldquo;Real&rdquo;\u0131n xeyrin\u0259 ba\u015fa &ccedil;at\u0131b.<\/p>\n","protected":false},"excerpt":{"rendered":"<p>&ldquo;Man&ccedil;ester Siti&rdquo;nin ba\u015f m\u0259\u015fq&ccedil;isi Pep Qvardiola &Ccedil;empionlar Liqas\u0131n\u0131n pley-off m\u0259rh\u0259l\u0259sinin ilk oyununda &ldquo;Real Madrid&rdquo;\u0259 m\u0259\u011flubiyy\u0259td\u0259 h\u0259r k\u0259sin g&uuml;nahkar oldu\u011funu v\u0259 birinci g&uuml;nahkar\u0131n o oldu\u011funu deyib. Ucnoqta.az x\u0259b\u0259r verir ki, bu&hellip;<\/p>\n","protected":false},"author":1,"featured_media":251278,"comment_status":"open","ping_status":"open","sticky":false,"template":"","format":"standard","meta":{"_lmt_disableupdate":"","_lmt_disable":"","footnotes":""},"categories":[90],"tags":[],"class_list":["post-218108","post","type-post","status-publish","format-standard","has-post-thumbnail","hentry","category-idman-butun-xeberler"],"_links":{"self":[{"href":"https:\/\/ucnoqta.az\/index.php?rest_route=\/wp\/v2\/posts\/218108","targetHints":{"allow":["GET"]}}],"collection":[{"href":"https:\/\/ucnoqta.az\/index.php?rest_route=\/wp\/v2\/posts"}],"about":[{"href":"https:\/\/ucnoqta.az\/index.php?rest_route=\/wp\/v2\/types\/post"}],"author":[{"embeddable":true,"href":"https:\/\/ucnoqta.az\/index.php?rest_route=\/wp\/v2\/users\/1"}],"replies":[{"embeddable":true,"href":"https:\/\/ucnoqta.az\/index.php?rest_route=%2Fwp%2Fv2%2Fcomments&post=218108"}],"version-history":[{"count":0,"href":"https:\/\/ucnoqta.az\/index.php?rest_route=\/wp\/v2\/posts\/218108\/revisions"}],"wp:featuredmedia":[{"embeddable":true,"href":"https:\/\/ucnoqta.az\/index.php?rest_route=\/wp\/v2\/media\/251278"}],"wp:attachment":[{"href":"https:\/\/ucnoqta.az\/index.php?rest_route=%2Fwp%2Fv2%2Fmedia&parent=218108"}],"wp:term":[{"taxonomy":"category","embeddable":true,"href":"https:\/\/ucnoqta.az\/index.php?rest_route=%2Fwp%2Fv2%2Fcategories&post=218108"},{"taxonomy":"post_tag","embeddable":true,"href":"https:\/\/ucnoqta.az\/index.php?rest_route=%2Fwp%2Fv2%2Ftags&post=218108"}],"curies":[{"name":"wp","href":"https:\/\/api.w.org\/{rel}","templated":true}]}}