{"id":216212,"date":"2025-01-12T13:22:03","date_gmt":"2025-01-12T09:22:03","guid":{"rendered":""},"modified":"-0001-11-30T00:00:00","modified_gmt":"-0001-11-29T20:00:00","slug":"","status":"publish","type":"post","link":"https:\/\/ucnoqta.az\/?p=216212","title":{"rendered":"Burun \u0259m\u0259liyyat\u0131ndan sonra komaya d\u00fc\u015f\u0259n N\u0259zrin"},"content":{"rendered":"<p>Burun &ccedil;\u0259p\u0259rind\u0259ki \u0259yriliyi aradan qald\u0131rmaq &uuml;&ccedil;&uuml;n \u0259m\u0259liyyat olunan 30 ya\u015fl\u0131 N\u0259zrin Mansurova komadan ay\u0131lmay\u0131b v\u0259 v\u0259fat edib.<\/p>\n<p>Bu bar\u0259d\u0259 Modern.az-a m\u0259rhumun ail\u0259si m\u0259lumat verib.<\/p>\n<p>Ail\u0259nin s&ouml;zl\u0259rin\u0259 g&ouml;r\u0259, \u0259m\u0259liyyatdan sonra N\u0259zrinin v\u0259ziyy\u0259ti s&uuml;r\u0259tl\u0259 pisl\u0259\u015fib v\u0259 beynin\u0259 &ccedil;irk yay\u0131l\u0131b.<\/p>\n<p>Xat\u0131rladaq ki, yanvar\u0131n 3-d\u0259 c\u0259rrah S\u0259nan Mehdiyev t\u0259r\u0259find\u0259n ke&ccedil;iril\u0259n \u0259m\u0259liyyatdan bir g&uuml;n sonra onun v\u0259ziyy\u0259ti a\u011f\u0131rla\u015f\u0131b. Koma v\u0259ziyy\u0259tind\u0259 x\u0259st\u0259xanaya yerl\u0259\u015fdiril\u0259n N\u0259zrin Mansurovan\u0131n h\u0259yat\u0131 xilas etm\u0259k m&uuml;mk&uuml;n olmay\u0131b.<\/p>\n<p>Haz\u0131rda N\u0259zrin Mansurovan\u0131n &ouml;l&uuml;m&uuml;n&uuml;n s\u0259b\u0259bl\u0259ri il\u0259 ba\u011fl\u0131 ara\u015fd\u0131rmalar davam edir.<\/p>\n<p>Qeyd ed\u0259k ki, bu, c\u0259rrah S\u0259nan Mehdiyevin ad\u0131 hallanan ilk hadis\u0259 deyil. 2015-ci ild\u0259 onun \u0259m\u0259liyyat etdiyi 18 ya\u015fl\u0131 Leyla M&uuml;rs\u0259lova da h\u0259yat\u0131n\u0131 itirmi\u015fdi. H\u0259min vaxt h\u0259kim\u0259 q\u0131sa m&uuml;dd\u0259t\u0259 azadl\u0131qdan m\u0259hrumetm\u0259 c\u0259zas\u0131 verils\u0259 d\u0259, daha sonra ev dustaql\u0131\u011f\u0131 il\u0259 c\u0259zas\u0131 d\u0259yi\u015fdirilmi\u015fdi.<\/p>\n","protected":false},"excerpt":{"rendered":"<p>Burun &ccedil;\u0259p\u0259rind\u0259ki \u0259yriliyi aradan qald\u0131rmaq &uuml;&ccedil;&uuml;n \u0259m\u0259liyyat olunan 30 ya\u015fl\u0131 N\u0259zrin Mansurova komadan ay\u0131lmay\u0131b v\u0259 v\u0259fat edib. Bu bar\u0259d\u0259 Modern.az-a m\u0259rhumun ail\u0259si m\u0259lumat verib. Ail\u0259nin s&ouml;zl\u0259rin\u0259 g&ouml;r\u0259, \u0259m\u0259liyyatdan sonra N\u0259zrinin&hellip;<\/p>\n","protected":false},"author":1,"featured_media":251278,"comment_status":"open","ping_status":"open","sticky":false,"template":"","format":"standard","meta":{"_lmt_disableupdate":"","_lmt_disable":"","footnotes":""},"categories":[],"tags":[],"class_list":["post-216212","post","type-post","status-publish","format-standard","has-post-thumbnail","hentry"],"_links":{"self":[{"href":"https:\/\/ucnoqta.az\/index.php?rest_route=\/wp\/v2\/posts\/216212","targetHints":{"allow":["GET"]}}],"collection":[{"href":"https:\/\/ucnoqta.az\/index.php?rest_route=\/wp\/v2\/posts"}],"about":[{"href":"https:\/\/ucnoqta.az\/index.php?rest_route=\/wp\/v2\/types\/post"}],"author":[{"embeddable":true,"href":"https:\/\/ucnoqta.az\/index.php?rest_route=\/wp\/v2\/users\/1"}],"replies":[{"embeddable":true,"href":"https:\/\/ucnoqta.az\/index.php?rest_route=%2Fwp%2Fv2%2Fcomments&post=216212"}],"version-history":[{"count":0,"href":"https:\/\/ucnoqta.az\/index.php?rest_route=\/wp\/v2\/posts\/216212\/revisions"}],"wp:featuredmedia":[{"embeddable":true,"href":"https:\/\/ucnoqta.az\/index.php?rest_route=\/wp\/v2\/media\/251278"}],"wp:attachment":[{"href":"https:\/\/ucnoqta.az\/index.php?rest_route=%2Fwp%2Fv2%2Fmedia&parent=216212"}],"wp:term":[{"taxonomy":"category","embeddable":true,"href":"https:\/\/ucnoqta.az\/index.php?rest_route=%2Fwp%2Fv2%2Fcategories&post=216212"},{"taxonomy":"post_tag","embeddable":true,"href":"https:\/\/ucnoqta.az\/index.php?rest_route=%2Fwp%2Fv2%2Ftags&post=216212"}],"curies":[{"name":"wp","href":"https:\/\/api.w.org\/{rel}","templated":true}]}}