{"id":216211,"date":"2025-01-12T13:01:52","date_gmt":"2025-01-12T09:01:52","guid":{"rendered":""},"modified":"-0001-11-30T00:00:00","modified_gmt":"-0001-11-29T20:00:00","slug":"","status":"publish","type":"post","link":"https:\/\/ucnoqta.az\/?p=216211","title":{"rendered":"Somali v\u0259 Efiopiya diplomatik m\u00fcnasib\u0259tl\u0259ri b\u0259rpa edir"},"content":{"rendered":"<p><strong>Somali v\u0259 Efiopiya bir il \u0259vv\u0259l Efiopiyan\u0131n Somaliland il\u0259 imzalad\u0131\u011f\u0131 memorandumla ba\u011fl\u0131 m&uuml;naqi\u015f\u0259 n\u0259tic\u0259sind\u0259 k\u0259sil\u0259n diplomatik m&uuml;nasib\u0259tl\u0259ri tam b\u0259rpa etm\u0259k bar\u0259d\u0259 raz\u0131l\u0131\u011fa g\u0259libl\u0259r.<\/strong><\/p>\n<p>Ucnoqta.az x\u0259b\u0259r verir ki, Somali v\u0259 Efiopiya liderl\u0259ri aras\u0131nda \u018fddis-\u018fb\u0259b\u0259d\u0259 ke&ccedil;iril\u0259n dan\u0131\u015f\u0131qlar\u0131n yekunlar\u0131na dair b\u0259yanatda deyilir: &quot;T\u0259r\u0259fl\u0259r h\u0259r iki &ouml;lk\u0259d\u0259 diplomatik missiyalar\u0131 b\u0259rpa etm\u0259kl\u0259 ikit\u0259r\u0259fli m&uuml;nasib\u0259tl\u0259ri b\u0259rpa etm\u0259k v\u0259 g&uuml;cl\u0259ndirm\u0259k bar\u0259d\u0259 raz\u0131l\u0131\u011fa g\u0259libl\u0259r&quot;.<\/p>\n<p>Qeyd edildiyi kimi, dan\u0131\u015f\u0131qlar zaman\u0131 Efiopiyan\u0131n Ba\u015f naziri Abiy \u018fhm\u0259d v\u0259 Somali Prezidenti H\u0259s\u0259n \u015eeyx Mohamud ikit\u0259r\u0259fli m&uuml;nasib\u0259tl\u0259r, x&uuml;susil\u0259 t\u0259hl&uuml;k\u0259sizlik, iqtisadiyyat, ticar\u0259t v\u0259 investisiya sah\u0259l\u0259rind\u0259 \u0259m\u0259kda\u015fl\u0131q m\u0259s\u0259l\u0259l\u0259rini m&uuml;zakir\u0259 edibl\u0259r.<br \/>\nOnlar Ankara b\u0259yannam\u0259sinin s&uuml;lh yolu il\u0259 nizamlanmas\u0131na dair m&uuml;dd\u0259alar\u0131n\u0131n h\u0259yata ke&ccedil;irilm\u0259sini s&uuml;r\u0259tl\u0259ndirm\u0259k bar\u0259d\u0259 raz\u0131l\u0131\u011fa g\u0259libl\u0259r.<\/p>\n","protected":false},"excerpt":{"rendered":"<p>Somali v\u0259 Efiopiya bir il \u0259vv\u0259l Efiopiyan\u0131n Somaliland il\u0259 imzalad\u0131\u011f\u0131 memorandumla ba\u011fl\u0131 m&uuml;naqi\u015f\u0259 n\u0259tic\u0259sind\u0259 k\u0259sil\u0259n diplomatik m&uuml;nasib\u0259tl\u0259ri tam b\u0259rpa etm\u0259k bar\u0259d\u0259 raz\u0131l\u0131\u011fa g\u0259libl\u0259r. Ucnoqta.az x\u0259b\u0259r verir ki, Somali v\u0259 Efiopiya&hellip;<\/p>\n","protected":false},"author":1,"featured_media":251278,"comment_status":"open","ping_status":"open","sticky":false,"template":"","format":"standard","meta":{"_lmt_disableupdate":"","_lmt_disable":"","footnotes":""},"categories":[89],"tags":[],"class_list":["post-216211","post","type-post","status-publish","format-standard","has-post-thumbnail","hentry","category-dunya-butun-xeberler"],"_links":{"self":[{"href":"https:\/\/ucnoqta.az\/index.php?rest_route=\/wp\/v2\/posts\/216211","targetHints":{"allow":["GET"]}}],"collection":[{"href":"https:\/\/ucnoqta.az\/index.php?rest_route=\/wp\/v2\/posts"}],"about":[{"href":"https:\/\/ucnoqta.az\/index.php?rest_route=\/wp\/v2\/types\/post"}],"author":[{"embeddable":true,"href":"https:\/\/ucnoqta.az\/index.php?rest_route=\/wp\/v2\/users\/1"}],"replies":[{"embeddable":true,"href":"https:\/\/ucnoqta.az\/index.php?rest_route=%2Fwp%2Fv2%2Fcomments&post=216211"}],"version-history":[{"count":0,"href":"https:\/\/ucnoqta.az\/index.php?rest_route=\/wp\/v2\/posts\/216211\/revisions"}],"wp:featuredmedia":[{"embeddable":true,"href":"https:\/\/ucnoqta.az\/index.php?rest_route=\/wp\/v2\/media\/251278"}],"wp:attachment":[{"href":"https:\/\/ucnoqta.az\/index.php?rest_route=%2Fwp%2Fv2%2Fmedia&parent=216211"}],"wp:term":[{"taxonomy":"category","embeddable":true,"href":"https:\/\/ucnoqta.az\/index.php?rest_route=%2Fwp%2Fv2%2Fcategories&post=216211"},{"taxonomy":"post_tag","embeddable":true,"href":"https:\/\/ucnoqta.az\/index.php?rest_route=%2Fwp%2Fv2%2Ftags&post=216211"}],"curies":[{"name":"wp","href":"https:\/\/api.w.org\/{rel}","templated":true}]}}