{"id":216206,"date":"2025-01-11T19:53:02","date_gmt":"2025-01-11T15:53:02","guid":{"rendered":""},"modified":"-0001-11-30T00:00:00","modified_gmt":"-0001-11-29T20:00:00","slug":"","status":"publish","type":"post","link":"https:\/\/ucnoqta.az\/?p=216206","title":{"rendered":"A\u0130 Rusiyaya qar\u015f\u0131 16-c\u0131 sanksiyalar paketi \u00fcz\u0259rind\u0259 i\u015f\u0259 ba\u015flayacaq"},"content":{"rendered":"<p><strong>Avropa \u0130ttifaq\u0131 (A\u0130) yanvar\u0131n 14-d\u0259 Rusiyaya qar\u015f\u0131 sanksiyalar\u0131n 16-c\u0131 paketini haz\u0131rlama\u011fa ba\u015flayacaq.<\/strong><\/p>\n<p>Ucnoqta.az x\u0259b\u0259r verir ki, bu bar\u0259d\u0259 Pol\u015fan\u0131n RMF FM radiosuna Br&uuml;sseld\u0259ki diplomatik m\u0259nb\u0259l\u0259r bildiribl\u0259r.&nbsp;A\u0130-y\u0259 s\u0259drlik ed\u0259n Pol\u015fa m\u0259hdudiyy\u0259tl\u0259rin fevral\u0131n 24-d\u0259 q\u0259bul edilm\u0259sini ist\u0259yir.<\/p>\n<p>M\u0259lumata g&ouml;r\u0259, &ccedil;\u0259r\u015f\u0259nb\u0259 ax\u015fam\u0131 Avropa Komissiyas\u0131 (AK) A\u0130-y\u0259 &uuml;zv d&ouml;vl\u0259tl\u0259rin n&uuml;may\u0259nd\u0259l\u0259ri il\u0259 Rusiya Federasiyas\u0131na qar\u015f\u0131 g\u0259l\u0259c\u0259k t\u0259dbirl\u0259rl\u0259 ba\u011fl\u0131 ideyalar\u0131 m&uuml;zakir\u0259 etm\u0259y\u0259 ba\u015flayacaq v\u0259 onlar &ouml;z t\u0259klifl\u0259rini AK-ya t\u0259qdim ed\u0259c\u0259kl\u0259r.<br \/>\nG&uuml;man edilir ki, 16-c\u0131 anti-Rusiya sanksiyalar paketinin layih\u0259si yanvar-fevral aylar\u0131nda haz\u0131r olacaq.<\/p>\n","protected":false},"excerpt":{"rendered":"<p>Avropa \u0130ttifaq\u0131 (A\u0130) yanvar\u0131n 14-d\u0259 Rusiyaya qar\u015f\u0131 sanksiyalar\u0131n 16-c\u0131 paketini haz\u0131rlama\u011fa ba\u015flayacaq. Ucnoqta.az x\u0259b\u0259r verir ki, bu bar\u0259d\u0259 Pol\u015fan\u0131n RMF FM radiosuna Br&uuml;sseld\u0259ki diplomatik m\u0259nb\u0259l\u0259r bildiribl\u0259r.&nbsp;A\u0130-y\u0259 s\u0259drlik ed\u0259n Pol\u015fa m\u0259hdudiyy\u0259tl\u0259rin&hellip;<\/p>\n","protected":false},"author":1,"featured_media":251278,"comment_status":"open","ping_status":"open","sticky":false,"template":"","format":"standard","meta":{"_lmt_disableupdate":"","_lmt_disable":"","footnotes":""},"categories":[89],"tags":[],"class_list":["post-216206","post","type-post","status-publish","format-standard","has-post-thumbnail","hentry","category-dunya-butun-xeberler"],"_links":{"self":[{"href":"https:\/\/ucnoqta.az\/index.php?rest_route=\/wp\/v2\/posts\/216206","targetHints":{"allow":["GET"]}}],"collection":[{"href":"https:\/\/ucnoqta.az\/index.php?rest_route=\/wp\/v2\/posts"}],"about":[{"href":"https:\/\/ucnoqta.az\/index.php?rest_route=\/wp\/v2\/types\/post"}],"author":[{"embeddable":true,"href":"https:\/\/ucnoqta.az\/index.php?rest_route=\/wp\/v2\/users\/1"}],"replies":[{"embeddable":true,"href":"https:\/\/ucnoqta.az\/index.php?rest_route=%2Fwp%2Fv2%2Fcomments&post=216206"}],"version-history":[{"count":0,"href":"https:\/\/ucnoqta.az\/index.php?rest_route=\/wp\/v2\/posts\/216206\/revisions"}],"wp:featuredmedia":[{"embeddable":true,"href":"https:\/\/ucnoqta.az\/index.php?rest_route=\/wp\/v2\/media\/251278"}],"wp:attachment":[{"href":"https:\/\/ucnoqta.az\/index.php?rest_route=%2Fwp%2Fv2%2Fmedia&parent=216206"}],"wp:term":[{"taxonomy":"category","embeddable":true,"href":"https:\/\/ucnoqta.az\/index.php?rest_route=%2Fwp%2Fv2%2Fcategories&post=216206"},{"taxonomy":"post_tag","embeddable":true,"href":"https:\/\/ucnoqta.az\/index.php?rest_route=%2Fwp%2Fv2%2Ftags&post=216206"}],"curies":[{"name":"wp","href":"https:\/\/api.w.org\/{rel}","templated":true}]}}