{"id":216199,"date":"2025-01-11T15:26:02","date_gmt":"2025-01-11T11:26:02","guid":{"rendered":""},"modified":"-0001-11-30T00:00:00","modified_gmt":"-0001-11-29T20:00:00","slug":"","status":"publish","type":"post","link":"https:\/\/ucnoqta.az\/?p=216199","title":{"rendered":"Fransa \u00c7addak\u0131 bazalar\u0131ndan birind\u0259n h\u0259rbi kontingentini \u00e7\u0131xard\u0131"},"content":{"rendered":"<p><strong>Fransa qo\u015funlar\u0131n\u0131n &Ccedil;addak\u0131 Abe&ccedil;e bazas\u0131ndan &ccedil;\u0131xar\u0131lmas\u0131n\u0131 ba\u015fa &ccedil;atd\u0131r\u0131b. D&uuml;n\u0259n a\u011f\u0131r texnika bazan\u0131 t\u0259rk edib, bu g&uuml;n is\u0259 h\u0259rbi qulluq&ccedil;ular bazan\u0131 edibl\u0259r.<\/strong><\/p>\n<p>Ucnoqta.az xarici m\u0259tbuata istinad\u0259n x\u0259b\u0259r verir ki, baza &Ccedil;ad Silahl\u0131 Q&uuml;vv\u0259l\u0259rinin n\u0259zar\u0259tin\u0259 verilib.<\/p>\n<p>29 noyabr 2024-c&uuml; ild\u0259 &Ccedil;ad Fransa il\u0259 m&uuml;dafi\u0259 m&uuml;qavil\u0259sini l\u0259\u011fv etdiyini elan edib v\u0259 dekabr\u0131n 20-d\u0259 b&uuml;t&uuml;n qo\u015funlar\u0131n 31 yanvar 2025-ci il\u0259 q\u0259d\u0259r &ouml;lk\u0259d\u0259n &ccedil;\u0131xar\u0131lmas\u0131n\u0131 t\u0259l\u0259b etdi.<br \/>\n\u018fvv\u0259lc\u0259 Fransa q\u0131r\u0131c\u0131lar\u0131 &Ccedil;ad\u0131 t\u0259rk edib.&nbsp;<br \/>\n&nbsp;&Ccedil;adda &uuml;&ccedil; bazada &#8211; paytaxt N&#39;Djamena, Faya-Largeau v\u0259 Abeche-d\u0259 yerl\u0259\u015f\u0259n Fransa silahl\u0131 q&uuml;vv\u0259l\u0259rinin 1000-\u0259 yax\u0131n \u015f\u0259xsi hey\u0259ti var idi.<\/p>\n","protected":false},"excerpt":{"rendered":"<p>Fransa qo\u015funlar\u0131n\u0131n &Ccedil;addak\u0131 Abe&ccedil;e bazas\u0131ndan &ccedil;\u0131xar\u0131lmas\u0131n\u0131 ba\u015fa &ccedil;atd\u0131r\u0131b. D&uuml;n\u0259n a\u011f\u0131r texnika bazan\u0131 t\u0259rk edib, bu g&uuml;n is\u0259 h\u0259rbi qulluq&ccedil;ular bazan\u0131 edibl\u0259r. Ucnoqta.az xarici m\u0259tbuata istinad\u0259n x\u0259b\u0259r verir ki, baza &Ccedil;ad&hellip;<\/p>\n","protected":false},"author":1,"featured_media":251278,"comment_status":"open","ping_status":"open","sticky":false,"template":"","format":"standard","meta":{"_lmt_disableupdate":"","_lmt_disable":"","footnotes":""},"categories":[89],"tags":[],"class_list":["post-216199","post","type-post","status-publish","format-standard","has-post-thumbnail","hentry","category-dunya-butun-xeberler"],"_links":{"self":[{"href":"https:\/\/ucnoqta.az\/index.php?rest_route=\/wp\/v2\/posts\/216199","targetHints":{"allow":["GET"]}}],"collection":[{"href":"https:\/\/ucnoqta.az\/index.php?rest_route=\/wp\/v2\/posts"}],"about":[{"href":"https:\/\/ucnoqta.az\/index.php?rest_route=\/wp\/v2\/types\/post"}],"author":[{"embeddable":true,"href":"https:\/\/ucnoqta.az\/index.php?rest_route=\/wp\/v2\/users\/1"}],"replies":[{"embeddable":true,"href":"https:\/\/ucnoqta.az\/index.php?rest_route=%2Fwp%2Fv2%2Fcomments&post=216199"}],"version-history":[{"count":0,"href":"https:\/\/ucnoqta.az\/index.php?rest_route=\/wp\/v2\/posts\/216199\/revisions"}],"wp:featuredmedia":[{"embeddable":true,"href":"https:\/\/ucnoqta.az\/index.php?rest_route=\/wp\/v2\/media\/251278"}],"wp:attachment":[{"href":"https:\/\/ucnoqta.az\/index.php?rest_route=%2Fwp%2Fv2%2Fmedia&parent=216199"}],"wp:term":[{"taxonomy":"category","embeddable":true,"href":"https:\/\/ucnoqta.az\/index.php?rest_route=%2Fwp%2Fv2%2Fcategories&post=216199"},{"taxonomy":"post_tag","embeddable":true,"href":"https:\/\/ucnoqta.az\/index.php?rest_route=%2Fwp%2Fv2%2Ftags&post=216199"}],"curies":[{"name":"wp","href":"https:\/\/api.w.org\/{rel}","templated":true}]}}