{"id":216198,"date":"2025-01-11T15:22:38","date_gmt":"2025-01-11T11:22:38","guid":{"rendered":""},"modified":"-0001-11-30T00:00:00","modified_gmt":"-0001-11-29T20:00:00","slug":"","status":"publish","type":"post","link":"https:\/\/ucnoqta.az\/?p=216198","title":{"rendered":"M\u0259hk\u0259m\u0259 h\u0259bsd\u0259 olan generalla ba\u011fl\u0131"},"content":{"rendered":"<p><strong>10 il 6 ayl\u0131q h\u0259bs\u0259 m\u0259hkum edilmi\u015f Milli T\u0259hl&uuml;k\u0259sizlik Nazirliyinin (l\u0259\u011fv edilib-red) general\u0131 El&ccedil;in Quliyevin azadl\u0131\u011fa &ccedil;\u0131xmaq m\u0259qs\u0259dil\u0259 m\u0259hk\u0259m\u0259y\u0259 m&uuml;xt\u0259lif \u0259saslarla etdiyi m&uuml;raci\u0259tl\u0259r davam edir.&nbsp;<\/strong><\/p>\n<p>&quot;Qafqazinfo&rdquo;nun \u0259ld\u0259 etdiyi m\u0259lumata g&ouml;r\u0259, m\u0259hkum general\u0131n sonuncu m&uuml;raci\u0259ti il\u0259 ba\u011fl\u0131 &ouml;t\u0259n g&uuml;n q\u0259rar a&ccedil;\u0131qlan\u0131b.<\/p>\n<p>General Quliyev \u0259riz\u0259sind\u0259 yaz\u0131rd\u0131 ki, o, h\u0259bsd\u0259 a\u011f\u0131r x\u0259st\u0259likd\u0259n \u0259ziyy\u0259t &ccedil;\u0259kir. Bu s\u0259b\u0259bd\u0259n vaxt\u0131ndan \u0259vv\u0259l c\u0259za &ccedil;\u0259km\u0259kd\u0259n azad olunmaq ist\u0259yir.<\/p>\n<p>M\u0259lumat &uuml;&ccedil;&uuml;n dey\u0259k ki, a\u011f\u0131r x\u0259st\u0259likd\u0259n \u0259ziyy\u0259t &ccedil;\u0259k\u0259n m\u0259hkumlar h\u0259kim komissiyas\u0131n\u0131n r\u0259yi il\u0259 vaxt\u0131ndan tez azadl\u0131\u011fa burax\u0131la bil\u0259r.<\/p>\n<p>6 ay \u0259vv\u0259l X\u0259z\u0259r Rayon M\u0259hk\u0259m\u0259si m\u0259hkumun x\u0259st\u0259liyini m&uuml;\u0259yy\u0259n etm\u0259k &uuml;&ccedil;&uuml;n ekspertiza t\u0259yin etmi\u015fdi. Maraql\u0131d\u0131r ki, El&ccedil;in Quliyev m&uuml;ayin\u0259 edilm\u0259k &uuml;&ccedil;&uuml;n c\u0259za&ccedil;\u0259km\u0259 m&uuml;\u0259ssis\u0259sind\u0259n &ccedil;\u0131xmaqdan imtina edib. Bu bar\u0259d\u0259 m\u0259hk\u0259m\u0259y\u0259 m\u0259lumat daxil olub.<\/p>\n<p>Bel\u0259 olan halda hakim \u0130lham C\u0259f\u0259rzad\u0259 yekun q\u0259rar\u0131n\u0131 elan edib. El&ccedil;in Quliyevin m&uuml;raci\u0259ti r\u0259dd edilib.<\/p>\n<p>General\u0131n c\u0259za m&uuml;dd\u0259tinin bitm\u0259sin\u0259 is\u0259 1 il qal\u0131b.<\/p>\n<p>Qeyd ed\u0259k ki, MTN-in Antiterror M\u0259rk\u0259zinin r\u0259isi i\u015fl\u0259mi\u015f general El&ccedil;in Quliyev 2015-ci ild\u0259 h\u0259bs edilib. O, k&uuml;lli miqdarda r&uuml;\u015fv\u0259t alma, h\u0259d\u0259-qorxu il\u0259 t\u0259l\u0259b etm\u0259, quldurluq, qanunsuz azadl\u0131qdan m\u0259hrumetm\u0259 v\u0259 dig\u0259r a\u011f\u0131r cinay\u0259tl\u0259rd\u0259 t\u0259qsirli bilin\u0259r\u0259k 10 il 6 ay m&uuml;dd\u0259tin\u0259 azadl\u0131qdan m\u0259hrum edilib.<\/p>\n","protected":false},"excerpt":{"rendered":"<p>10 il 6 ayl\u0131q h\u0259bs\u0259 m\u0259hkum edilmi\u015f Milli T\u0259hl&uuml;k\u0259sizlik Nazirliyinin (l\u0259\u011fv edilib-red) general\u0131 El&ccedil;in Quliyevin azadl\u0131\u011fa &ccedil;\u0131xmaq m\u0259qs\u0259dil\u0259 m\u0259hk\u0259m\u0259y\u0259 m&uuml;xt\u0259lif \u0259saslarla etdiyi m&uuml;raci\u0259tl\u0259r davam edir.&nbsp; &quot;Qafqazinfo&rdquo;nun \u0259ld\u0259 etdiyi m\u0259lumata g&ouml;r\u0259,&hellip;<\/p>\n","protected":false},"author":1,"featured_media":251278,"comment_status":"open","ping_status":"open","sticky":false,"template":"","format":"standard","meta":{"_lmt_disableupdate":"","_lmt_disable":"","footnotes":""},"categories":[],"tags":[],"class_list":["post-216198","post","type-post","status-publish","format-standard","has-post-thumbnail","hentry"],"_links":{"self":[{"href":"https:\/\/ucnoqta.az\/index.php?rest_route=\/wp\/v2\/posts\/216198","targetHints":{"allow":["GET"]}}],"collection":[{"href":"https:\/\/ucnoqta.az\/index.php?rest_route=\/wp\/v2\/posts"}],"about":[{"href":"https:\/\/ucnoqta.az\/index.php?rest_route=\/wp\/v2\/types\/post"}],"author":[{"embeddable":true,"href":"https:\/\/ucnoqta.az\/index.php?rest_route=\/wp\/v2\/users\/1"}],"replies":[{"embeddable":true,"href":"https:\/\/ucnoqta.az\/index.php?rest_route=%2Fwp%2Fv2%2Fcomments&post=216198"}],"version-history":[{"count":0,"href":"https:\/\/ucnoqta.az\/index.php?rest_route=\/wp\/v2\/posts\/216198\/revisions"}],"wp:featuredmedia":[{"embeddable":true,"href":"https:\/\/ucnoqta.az\/index.php?rest_route=\/wp\/v2\/media\/251278"}],"wp:attachment":[{"href":"https:\/\/ucnoqta.az\/index.php?rest_route=%2Fwp%2Fv2%2Fmedia&parent=216198"}],"wp:term":[{"taxonomy":"category","embeddable":true,"href":"https:\/\/ucnoqta.az\/index.php?rest_route=%2Fwp%2Fv2%2Fcategories&post=216198"},{"taxonomy":"post_tag","embeddable":true,"href":"https:\/\/ucnoqta.az\/index.php?rest_route=%2Fwp%2Fv2%2Ftags&post=216198"}],"curies":[{"name":"wp","href":"https:\/\/api.w.org\/{rel}","templated":true}]}}