{"id":216185,"date":"2025-01-11T11:13:35","date_gmt":"2025-01-11T07:13:35","guid":{"rendered":""},"modified":"-0001-11-30T00:00:00","modified_gmt":"-0001-11-29T20:00:00","slug":"","status":"publish","type":"post","link":"https:\/\/ucnoqta.az\/?p=216185","title":{"rendered":"T\u00fcrkiy\u0259nin yeni s\u0259firinin Az\u0259rbaycana g\u0259l\u0259c\u0259yi tarix m\u0259lum olub"},"content":{"rendered":"<p>T&uuml;rkiy\u0259nin yeni s\u0259firi Birol Akg&uuml;n&uuml;n Az\u0259rbaycanda diplomatik f\u0259aliyy\u0259tin\u0259 n\u0259 vaxt ba\u015flayaca\u011f\u0131 m\u0259lum olub.<\/p>\n<p>&ldquo;Report&rdquo;un \u0259ld\u0259 etdiyi m\u0259lumata g&ouml;r\u0259, diplomat\u0131n g\u0259l\u0259n ay Bak\u0131ya g\u0259l\u0259c\u0259yi v\u0259 fevraldan v\u0259zif\u0259sinin icras\u0131na ba\u015flayaca\u011f\u0131 g&ouml;zl\u0259nilir.<\/p>\n<p>Qeyd ed\u0259k ki, Prezident R\u0259c\u0259b Tayyib \u018frdo\u011fan\u0131n q\u0259rar\u0131na \u0259sas\u0259n, Birol Akg&uuml;n T&uuml;rkiy\u0259nin Az\u0259rbaycandak\u0131 f&ouml;vq\u0259lad\u0259 v\u0259 s\u0259lahiyy\u0259tli s\u0259firi t\u0259yin edilib.<\/p>\n<p>Birol Akg&uuml;n bundan \u0259vv\u0259l T&uuml;rkiy\u0259 Maarif Fondunun s\u0259dri olub.<\/p>\n","protected":false},"excerpt":{"rendered":"<p>T&uuml;rkiy\u0259nin yeni s\u0259firi Birol Akg&uuml;n&uuml;n Az\u0259rbaycanda diplomatik f\u0259aliyy\u0259tin\u0259 n\u0259 vaxt ba\u015flayaca\u011f\u0131 m\u0259lum olub. &ldquo;Report&rdquo;un \u0259ld\u0259 etdiyi m\u0259lumata g&ouml;r\u0259, diplomat\u0131n g\u0259l\u0259n ay Bak\u0131ya g\u0259l\u0259c\u0259yi v\u0259 fevraldan v\u0259zif\u0259sinin icras\u0131na ba\u015flayaca\u011f\u0131 g&ouml;zl\u0259nilir. Qeyd&hellip;<\/p>\n","protected":false},"author":1,"featured_media":251278,"comment_status":"open","ping_status":"open","sticky":false,"template":"","format":"standard","meta":{"_lmt_disableupdate":"","_lmt_disable":"","footnotes":""},"categories":[86],"tags":[],"class_list":["post-216185","post","type-post","status-publish","format-standard","has-post-thumbnail","hentry","category-siyaset"],"_links":{"self":[{"href":"https:\/\/ucnoqta.az\/index.php?rest_route=\/wp\/v2\/posts\/216185","targetHints":{"allow":["GET"]}}],"collection":[{"href":"https:\/\/ucnoqta.az\/index.php?rest_route=\/wp\/v2\/posts"}],"about":[{"href":"https:\/\/ucnoqta.az\/index.php?rest_route=\/wp\/v2\/types\/post"}],"author":[{"embeddable":true,"href":"https:\/\/ucnoqta.az\/index.php?rest_route=\/wp\/v2\/users\/1"}],"replies":[{"embeddable":true,"href":"https:\/\/ucnoqta.az\/index.php?rest_route=%2Fwp%2Fv2%2Fcomments&post=216185"}],"version-history":[{"count":0,"href":"https:\/\/ucnoqta.az\/index.php?rest_route=\/wp\/v2\/posts\/216185\/revisions"}],"wp:featuredmedia":[{"embeddable":true,"href":"https:\/\/ucnoqta.az\/index.php?rest_route=\/wp\/v2\/media\/251278"}],"wp:attachment":[{"href":"https:\/\/ucnoqta.az\/index.php?rest_route=%2Fwp%2Fv2%2Fmedia&parent=216185"}],"wp:term":[{"taxonomy":"category","embeddable":true,"href":"https:\/\/ucnoqta.az\/index.php?rest_route=%2Fwp%2Fv2%2Fcategories&post=216185"},{"taxonomy":"post_tag","embeddable":true,"href":"https:\/\/ucnoqta.az\/index.php?rest_route=%2Fwp%2Fv2%2Ftags&post=216185"}],"curies":[{"name":"wp","href":"https:\/\/api.w.org\/{rel}","templated":true}]}}