{"id":216182,"date":"2025-01-11T10:27:21","date_gmt":"2025-01-11T06:27:21","guid":{"rendered":""},"modified":"-0001-11-30T00:00:00","modified_gmt":"-0001-11-29T20:00:00","slug":"","status":"publish","type":"post","link":"https:\/\/ucnoqta.az\/?p=216182","title":{"rendered":"\u00d6z\u00fcn\u00fc yataqda paltars\u0131z v\u0259ziyy\u0259td\u0259 g\u00f6r\u0259n qad\u0131n sevgilisini b\u0131\u00e7aqlad\u0131 &#8211;"},"content":{"rendered":"<p><strong>Bak\u0131da &ouml;t\u0259n il ba\u015f ver\u0259n qanl\u0131 cinay\u0259tin m\u0259hk\u0259m\u0259si ba\u015flay\u0131b.<\/strong><\/p>\n<p>\u0130stintaqla m&uuml;\u0259yy\u0259n edilib ki, 2024-c&uuml; il iyulun 3-&uuml; s\u0259h\u0259r saatlar\u0131nda Samir\u0259 \u018fliyeva (ad \u015f\u0259rtidir) \u015f\u0259xsi m&uuml;nasib\u0259tl\u0259r z\u0259minind\u0259 Sabirabad rayon sakini Fuad H&uuml;seynzad\u0259ni b\u0131&ccedil;aqlay\u0131b.&nbsp;<\/p>\n<p>Hadis\u0259 Bak\u0131n\u0131n Qara&ccedil;uxur q\u0259s\u0259b\u0259si, V.Quliyev k&uuml;&ccedil;\u0259si, 71 &uuml;nvanda ba\u015f verib.&nbsp;<\/p>\n<p>Bel\u0259 ki, S.\u018fliyeva kiray\u0259 qald\u0131\u011f\u0131 evd\u0259 Fuad adl\u0131 tan\u0131\u015f\u0131 il\u0259 intim \u0259laq\u0259d\u0259 olub. S\u0259h\u0259r yuxudan ay\u0131landa &ouml;z&uuml;n&uuml; paltars\u0131z v\u0259ziyy\u0259td\u0259 g&ouml;r&uuml;b. &Ouml;z&uuml;n&uuml; t\u0259hqir olunmu\u015f hesab ed\u0259n S.\u018fliyeva qisas almaq m\u0259qs\u0259di il\u0259 b\u0131&ccedil;a\u011fa \u0259l at\u0131b v\u0259 gec\u0259 m&uuml;nasib\u0259td\u0259 oldu\u011fu Fuada x\u0259sar\u0259t yetirib. B\u0131&ccedil;aq x\u0259sar\u0259ti alan Fuad paltars\u0131z v\u0259ziyy\u0259td\u0259 evd\u0259n qa&ccedil;\u0131b.&nbsp;<\/p>\n<p>B&uuml;t&uuml;n bunlar k&uuml;&ccedil;\u0259d\u0259 qura\u015fd\u0131r\u0131lm\u0131\u015f t\u0259hl&uuml;k\u0259sizlik kameras\u0131na d&uuml;\u015f&uuml;b. \/\/\/Lent.az<\/p>\n<p><iframe allowfullscreen=\"\" frameborder=\"0\" height=\"400\" src=\"https:\/\/newstube.az\/embed\/177139\" width=\"670\"><\/iframe><\/p>\n","protected":false},"excerpt":{"rendered":"<p>Bak\u0131da &ouml;t\u0259n il ba\u015f ver\u0259n qanl\u0131 cinay\u0259tin m\u0259hk\u0259m\u0259si ba\u015flay\u0131b. \u0130stintaqla m&uuml;\u0259yy\u0259n edilib ki, 2024-c&uuml; il iyulun 3-&uuml; s\u0259h\u0259r saatlar\u0131nda Samir\u0259 \u018fliyeva (ad \u015f\u0259rtidir) \u015f\u0259xsi m&uuml;nasib\u0259tl\u0259r z\u0259minind\u0259 Sabirabad rayon sakini Fuad&hellip;<\/p>\n","protected":false},"author":1,"featured_media":251278,"comment_status":"open","ping_status":"open","sticky":false,"template":"","format":"standard","meta":{"_lmt_disableupdate":"","_lmt_disable":"","footnotes":""},"categories":[],"tags":[],"class_list":["post-216182","post","type-post","status-publish","format-standard","has-post-thumbnail","hentry"],"_links":{"self":[{"href":"https:\/\/ucnoqta.az\/index.php?rest_route=\/wp\/v2\/posts\/216182","targetHints":{"allow":["GET"]}}],"collection":[{"href":"https:\/\/ucnoqta.az\/index.php?rest_route=\/wp\/v2\/posts"}],"about":[{"href":"https:\/\/ucnoqta.az\/index.php?rest_route=\/wp\/v2\/types\/post"}],"author":[{"embeddable":true,"href":"https:\/\/ucnoqta.az\/index.php?rest_route=\/wp\/v2\/users\/1"}],"replies":[{"embeddable":true,"href":"https:\/\/ucnoqta.az\/index.php?rest_route=%2Fwp%2Fv2%2Fcomments&post=216182"}],"version-history":[{"count":0,"href":"https:\/\/ucnoqta.az\/index.php?rest_route=\/wp\/v2\/posts\/216182\/revisions"}],"wp:featuredmedia":[{"embeddable":true,"href":"https:\/\/ucnoqta.az\/index.php?rest_route=\/wp\/v2\/media\/251278"}],"wp:attachment":[{"href":"https:\/\/ucnoqta.az\/index.php?rest_route=%2Fwp%2Fv2%2Fmedia&parent=216182"}],"wp:term":[{"taxonomy":"category","embeddable":true,"href":"https:\/\/ucnoqta.az\/index.php?rest_route=%2Fwp%2Fv2%2Fcategories&post=216182"},{"taxonomy":"post_tag","embeddable":true,"href":"https:\/\/ucnoqta.az\/index.php?rest_route=%2Fwp%2Fv2%2Ftags&post=216182"}],"curies":[{"name":"wp","href":"https:\/\/api.w.org\/{rel}","templated":true}]}}