{"id":216154,"date":"2025-01-10T14:18:56","date_gmt":"2025-01-10T10:18:56","guid":{"rendered":""},"modified":"-0001-11-30T00:00:00","modified_gmt":"-0001-11-29T20:00:00","slug":"","status":"publish","type":"post","link":"https:\/\/ucnoqta.az\/?p=216154","title":{"rendered":"Ba\u015f nazirin m\u00fcavinl\u0259rinin say\u0131 \u00fc\u00e7 oldu"},"content":{"rendered":"<p><strong>X\u0259b\u0259r verdiyimiz kimi,&nbsp;Prezident \u0130lham \u018fliyevin s\u0259r\u0259ncamlar\u0131 il\u0259 maliyy\u0259 naziri Samir \u015e\u0259rifov v\u0259zif\u0259sind\u0259n azad edil\u0259r\u0259k Ba\u015f nazirin m&uuml;avini t\u0259yin edilib.<\/strong><\/p>\n<p>&nbsp;S.\u015e\u0259rifovun Nazirl\u0259r Kabinetin\u0259 g&ouml;nd\u0259rilm\u0259si il\u0259 Ba\u015f nazirin m&uuml;avinl\u0259rinin say\u0131 3-\u0259 &ccedil;at\u0131b.<\/p>\n<p>Bel\u0259 ki, haz\u0131rda Ba\u015f nazir \u018fli \u018fs\u0259dovun birinci m&uuml;avini v\u0259zif\u0259sini Yaqub Eyyubov tutur. O, 1999-cu ild\u0259 m&uuml;avin, 2003-c&uuml; ild\u0259 is\u0259 birici m&uuml;avin t\u0259yin edilib.<\/p>\n<p>Ba\u015f nazirin m&uuml;avini is\u0259 \u015eahin Mustafayevdir. 2008-ci ild\u0259n 2019-cu il\u0259d\u0259k 3 m&uuml;xt\u0259lif nazirliy\u0259 r\u0259hb\u0259rlik etmi\u015f \u015eahin Mustafayev art\u0131q 6-c\u0131 ildir ki, Nazirl\u0259r Kabinetind\u0259 &ccedil;al\u0131\u015f\u0131r.<\/p>\n<p>M\u0259lumat &uuml;&ccedil;&uuml;n bildir\u0259k ki, \u0259vv\u0259ll\u0259r k\u0259nd t\u0259s\u0259rr&uuml;fat\u0131 naziri (2004-2013) i\u015fl\u0259mi\u015f \u0130sm\u0259t Abbasov da sonradan ba\u015f nazirin m&uuml;avini (2013-2018) v\u0259zif\u0259sind\u0259 i\u015fl\u0259yib.\/\/\/qafqazinfo<\/p>\n","protected":false},"excerpt":{"rendered":"<p>X\u0259b\u0259r verdiyimiz kimi,&nbsp;Prezident \u0130lham \u018fliyevin s\u0259r\u0259ncamlar\u0131 il\u0259 maliyy\u0259 naziri Samir \u015e\u0259rifov v\u0259zif\u0259sind\u0259n azad edil\u0259r\u0259k Ba\u015f nazirin m&uuml;avini t\u0259yin edilib. &nbsp;S.\u015e\u0259rifovun Nazirl\u0259r Kabinetin\u0259 g&ouml;nd\u0259rilm\u0259si il\u0259 Ba\u015f nazirin m&uuml;avinl\u0259rinin say\u0131 3-\u0259 &ccedil;at\u0131b.&hellip;<\/p>\n","protected":false},"author":1,"featured_media":251278,"comment_status":"open","ping_status":"open","sticky":false,"template":"","format":"standard","meta":{"_lmt_disableupdate":"","_lmt_disable":"","footnotes":""},"categories":[],"tags":[],"class_list":["post-216154","post","type-post","status-publish","format-standard","has-post-thumbnail","hentry"],"_links":{"self":[{"href":"https:\/\/ucnoqta.az\/index.php?rest_route=\/wp\/v2\/posts\/216154","targetHints":{"allow":["GET"]}}],"collection":[{"href":"https:\/\/ucnoqta.az\/index.php?rest_route=\/wp\/v2\/posts"}],"about":[{"href":"https:\/\/ucnoqta.az\/index.php?rest_route=\/wp\/v2\/types\/post"}],"author":[{"embeddable":true,"href":"https:\/\/ucnoqta.az\/index.php?rest_route=\/wp\/v2\/users\/1"}],"replies":[{"embeddable":true,"href":"https:\/\/ucnoqta.az\/index.php?rest_route=%2Fwp%2Fv2%2Fcomments&post=216154"}],"version-history":[{"count":0,"href":"https:\/\/ucnoqta.az\/index.php?rest_route=\/wp\/v2\/posts\/216154\/revisions"}],"wp:featuredmedia":[{"embeddable":true,"href":"https:\/\/ucnoqta.az\/index.php?rest_route=\/wp\/v2\/media\/251278"}],"wp:attachment":[{"href":"https:\/\/ucnoqta.az\/index.php?rest_route=%2Fwp%2Fv2%2Fmedia&parent=216154"}],"wp:term":[{"taxonomy":"category","embeddable":true,"href":"https:\/\/ucnoqta.az\/index.php?rest_route=%2Fwp%2Fv2%2Fcategories&post=216154"},{"taxonomy":"post_tag","embeddable":true,"href":"https:\/\/ucnoqta.az\/index.php?rest_route=%2Fwp%2Fv2%2Ftags&post=216154"}],"curies":[{"name":"wp","href":"https:\/\/api.w.org\/{rel}","templated":true}]}}