{"id":216143,"date":"2025-01-10T11:28:20","date_gmt":"2025-01-10T07:28:20","guid":{"rendered":""},"modified":"-0001-11-30T00:00:00","modified_gmt":"-0001-11-29T20:00:00","slug":"","status":"publish","type":"post","link":"https:\/\/ucnoqta.az\/?p=216143","title":{"rendered":"Yeni tikilil\u0259rd\u0259 m\u0259nzill\u0259rin qiym\u0259ti ucuzla\u015facaq \u2013"},"content":{"rendered":"<p>&ldquo;Vergi M\u0259c\u0259ll\u0259sin\u0259&rdquo; edil\u0259n son d\u0259yi\u015fiklikl\u0259rd\u0259n biri d\u0259 tikinti il\u0259 m\u0259\u015f\u011ful olan sahibkarlar\u0131n vergi y&uuml;k&uuml;n&uuml;n azalmas\u0131 il\u0259 ba\u011fl\u0131d\u0131r.&nbsp;<\/p>\n<p>Ucnoqta.az x\u0259b\u0259r verir ki, bunu mill\u0259t v\u0259kili V&uuml;qar Bayramov deyib. O, bildirib ki, art\u0131q bina tikintisi sah\u0259sind\u0259 g\u0259lirl\u0259rin v\u0259 g\u0259lird\u0259n &ccedil;\u0131x\u0131lan x\u0259rcl\u0259rin vergitutma m\u0259qs\u0259dl\u0259ri &uuml;&ccedil;&uuml;n d\u0259qiq t\u0259sbit edilm\u0259si mexanizmi m&uuml;\u0259yy\u0259nl\u0259\u015fib. Yeni qaydalara \u0259sas\u0259n, tikintisi h\u0259yata ke&ccedil;iril\u0259n h\u0259r bir bina &uuml;zr\u0259 &ccedil;\u0259kil\u0259n x\u0259rcl\u0259r bina &uuml;zr\u0259 &uuml;mumi qiym\u0259tl\u0259ndiril\u0259n x\u0259rcl\u0259rl\u0259 m&uuml;qayis\u0259 edilir v\u0259 faktiki &ccedil;\u0259kil\u0259n x\u0259rcin &uuml;mumi x\u0259rcl\u0259rd\u0259 x&uuml;susi &ccedil;\u0259kisi m&uuml;\u0259yy\u0259nl\u0259\u015fdirilir. Bu zaman h\u0259min binadan t\u0259qdim edilmi\u015f ya\u015fay\u0131\u015f v\u0259 qeyri-ya\u015fay\u0131\u015f sah\u0259l\u0259rinin sat\u0131\u015f d\u0259y\u0259ri qeyd edil\u0259n qaydada m&uuml;\u0259yy\u0259n edil\u0259n h\u0259cm nisb\u0259tind\u0259 vergi tutulan g\u0259lirl\u0259r\u0259 v\u0259 faktiki &ccedil;\u0259kil\u0259n x\u0259rcl\u0259r is\u0259 g\u0259lird\u0259n &ccedil;\u0131x\u0131lan x\u0259rcl\u0259r\u0259 aid edilir:<\/p>\n<p>&ldquo;Yeni d\u0259yi\u015fiklik in\u015faat \u015firk\u0259tl\u0259rinin m\u0259nf\u0259\u0259t vergisi &uuml;zr\u0259 y&uuml;k&uuml;n&uuml;n azalmas\u0131na imkan ver\u0259c\u0259k. Bel\u0259 ki, g\u0259lirl\u0259r\u0259 sat\u0131lan m\u0259nzilin m&uuml;qavil\u0259 &uuml;zr\u0259 tam d\u0259y\u0259ri deyil, faktiki g&ouml;st\u0259ricil\u0259r daxil edil\u0259c\u0259k. Anla\u015f\u0131ql\u0131 olmas\u0131 &uuml;&ccedil;&uuml;n bu n&uuml;mun\u0259y\u0259 n\u0259z\u0259r\u0259 salaq: m\u0259nzilin qiym\u0259ti 150 min manatd\u0131rsa, i\u015fin yerin\u0259 yetirilm\u0259 h\u0259cmi is\u0259 90 min manat olubsa, o zaman 90 min manat g\u0259lir b\u0259yan edil\u0259c\u0259k. Y\u0259ni, b\u0259yan edil\u0259n g\u0259lir \u0259vv\u0259ll\u0259r oldu\u011fu kimi 150 min manat deyil, 90 min manat olacaq. Ay\u0131nd\u0131r ki, g\u0259lir n\u0259 q\u0259d\u0259r &ccedil;ox olursa &ouml;d\u0259nil\u0259n vergi m\u0259bl\u0259\u011fi d\u0259 o q\u0259d\u0259r art\u0131r. H\u0259min b\u0259yan edil\u0259n g\u0259lird\u0259n faktiki x\u0259rc b&uuml;t&ouml;vl&uuml;kd\u0259 &ccedil;\u0131x\u0131lacaq. Bu is\u0259 in\u015faat \u015firk\u0259tinin m\u0259nf\u0259\u0259t &uuml;zr\u0259 vergi y&uuml;k&uuml; azalmas\u0131na v\u0259 bu da onun s\u0259r\u0259ncam\u0131nda daha &ccedil;ox v\u0259saitin qalmas\u0131na imkan ver\u0259c\u0259k.<\/p>\n<p>Yeni d\u0259yi\u015fiklik x&uuml;sus\u0259n d\u0259 in\u015fas\u0131 tam ba\u015fa &ccedil;atmayan m\u0259nzill\u0259r &uuml;zr\u0259 vergi y&uuml;k&uuml;n&uuml;n v\u0259 vergi &ouml;d\u0259ni\u015fl\u0259rinin azalmas\u0131na g\u0259tirib &ccedil;\u0131xaracaq. Bununla yana\u015f\u0131, in\u015fa edil\u0259n binalarda tikintisi ba\u015fa &ccedil;atmam\u0131\u015f m\u0259nzill\u0259rd\u0259 d\u0259 qiym\u0259tin azalmas\u0131na v\u0259 el\u0259c\u0259 d\u0259 h\u0259min m\u0259nzill\u0259rin daha optimal qiym\u0259t\u0259 t\u0259klif edilm\u0259sin\u0259 imkan yarada bil\u0259r. &Ccedil;&uuml;nki \u0259vv\u0259lki ill\u0259rd\u0259n f\u0259rqli olaraq art\u0131q bu ild\u0259n faktiki yerin\u0259 yetiril\u0259n i\u015f n\u0259z\u0259r\u0259 al\u0131nmaqla vergi hesablanacaq&rdquo;.<\/p>\n","protected":false},"excerpt":{"rendered":"<p>&ldquo;Vergi M\u0259c\u0259ll\u0259sin\u0259&rdquo; edil\u0259n son d\u0259yi\u015fiklikl\u0259rd\u0259n biri d\u0259 tikinti il\u0259 m\u0259\u015f\u011ful olan sahibkarlar\u0131n vergi y&uuml;k&uuml;n&uuml;n azalmas\u0131 il\u0259 ba\u011fl\u0131d\u0131r.&nbsp; Ucnoqta.az x\u0259b\u0259r verir ki, bunu mill\u0259t v\u0259kili V&uuml;qar Bayramov deyib. O, bildirib ki,&hellip;<\/p>\n","protected":false},"author":1,"featured_media":251278,"comment_status":"open","ping_status":"open","sticky":false,"template":"","format":"standard","meta":{"_lmt_disableupdate":"","_lmt_disable":"","footnotes":""},"categories":[],"tags":[],"class_list":["post-216143","post","type-post","status-publish","format-standard","has-post-thumbnail","hentry"],"_links":{"self":[{"href":"https:\/\/ucnoqta.az\/index.php?rest_route=\/wp\/v2\/posts\/216143","targetHints":{"allow":["GET"]}}],"collection":[{"href":"https:\/\/ucnoqta.az\/index.php?rest_route=\/wp\/v2\/posts"}],"about":[{"href":"https:\/\/ucnoqta.az\/index.php?rest_route=\/wp\/v2\/types\/post"}],"author":[{"embeddable":true,"href":"https:\/\/ucnoqta.az\/index.php?rest_route=\/wp\/v2\/users\/1"}],"replies":[{"embeddable":true,"href":"https:\/\/ucnoqta.az\/index.php?rest_route=%2Fwp%2Fv2%2Fcomments&post=216143"}],"version-history":[{"count":0,"href":"https:\/\/ucnoqta.az\/index.php?rest_route=\/wp\/v2\/posts\/216143\/revisions"}],"wp:featuredmedia":[{"embeddable":true,"href":"https:\/\/ucnoqta.az\/index.php?rest_route=\/wp\/v2\/media\/251278"}],"wp:attachment":[{"href":"https:\/\/ucnoqta.az\/index.php?rest_route=%2Fwp%2Fv2%2Fmedia&parent=216143"}],"wp:term":[{"taxonomy":"category","embeddable":true,"href":"https:\/\/ucnoqta.az\/index.php?rest_route=%2Fwp%2Fv2%2Fcategories&post=216143"},{"taxonomy":"post_tag","embeddable":true,"href":"https:\/\/ucnoqta.az\/index.php?rest_route=%2Fwp%2Fv2%2Ftags&post=216143"}],"curies":[{"name":"wp","href":"https:\/\/api.w.org\/{rel}","templated":true}]}}