{"id":216123,"date":"2025-01-10T09:27:02","date_gmt":"2025-01-10T05:27:02","guid":{"rendered":""},"modified":"-0001-11-30T00:00:00","modified_gmt":"-0001-11-29T20:00:00","slug":"","status":"publish","type":"post","link":"https:\/\/ucnoqta.az\/?p=216123","title":{"rendered":"Rusiyan\u0131n ba\u015f naziri Vyetnama s\u0259f\u0259r ed\u0259c\u0259k"},"content":{"rendered":"<p><strong>Rusiyan\u0131n ba\u015f naziri Mixail Mi\u015fustinin Vyetnama r\u0259smi s\u0259f\u0259ri yanvar\u0131n 14-15-d\u0259 ba\u015f tutacaq.<\/strong><\/p>\n<p>Ucnoqta.az x\u0259b\u0259r verir ki, bu bar\u0259d\u0259 Rusiya Nazirl\u0259r Kabinetinin m\u0259tbuat xidm\u0259ti m\u0259lumat yay\u0131b.<\/p>\n<p>M\u0259lumata g&ouml;r\u0259, Vyetnam Kommunist Partiyas\u0131 M\u0259rk\u0259zi Komit\u0259sinin ba\u015f katibi To Lam, &ouml;lk\u0259 prezidenti Luonq Kuonq, ba\u015f nazir Fam Min &Ccedil;in v\u0259 Milli Assambleyan\u0131n s\u0259dri Tran Thanh Man il\u0259 g&ouml;r&uuml;\u015fl\u0259r v\u0259 dan\u0131\u015f\u0131qlar planla\u015fd\u0131r\u0131l\u0131r.<\/p>\n<p>Dan\u0131\u015f\u0131qlar zaman\u0131 &ouml;lk\u0259l\u0259r aras\u0131nda \u0259laq\u0259l\u0259r\u0259 dair geni\u015f spektrli m\u0259s\u0259l\u0259l\u0259rin, o c&uuml;ml\u0259d\u0259n ticar\u0259t-iqtisadi, elmi-texniki, m\u0259d\u0259ni-humanitar \u0259m\u0259kda\u015fl\u0131q m\u0259s\u0259l\u0259l\u0259rinin m&uuml;zakir\u0259si planla\u015fd\u0131r\u0131l\u0131r.<\/p>\n","protected":false},"excerpt":{"rendered":"<p>Rusiyan\u0131n ba\u015f naziri Mixail Mi\u015fustinin Vyetnama r\u0259smi s\u0259f\u0259ri yanvar\u0131n 14-15-d\u0259 ba\u015f tutacaq. Ucnoqta.az x\u0259b\u0259r verir ki, bu bar\u0259d\u0259 Rusiya Nazirl\u0259r Kabinetinin m\u0259tbuat xidm\u0259ti m\u0259lumat yay\u0131b. M\u0259lumata g&ouml;r\u0259, Vyetnam Kommunist Partiyas\u0131&hellip;<\/p>\n","protected":false},"author":1,"featured_media":251278,"comment_status":"open","ping_status":"open","sticky":false,"template":"","format":"standard","meta":{"_lmt_disableupdate":"","_lmt_disable":"","footnotes":""},"categories":[89],"tags":[],"class_list":["post-216123","post","type-post","status-publish","format-standard","has-post-thumbnail","hentry","category-dunya-butun-xeberler"],"_links":{"self":[{"href":"https:\/\/ucnoqta.az\/index.php?rest_route=\/wp\/v2\/posts\/216123","targetHints":{"allow":["GET"]}}],"collection":[{"href":"https:\/\/ucnoqta.az\/index.php?rest_route=\/wp\/v2\/posts"}],"about":[{"href":"https:\/\/ucnoqta.az\/index.php?rest_route=\/wp\/v2\/types\/post"}],"author":[{"embeddable":true,"href":"https:\/\/ucnoqta.az\/index.php?rest_route=\/wp\/v2\/users\/1"}],"replies":[{"embeddable":true,"href":"https:\/\/ucnoqta.az\/index.php?rest_route=%2Fwp%2Fv2%2Fcomments&post=216123"}],"version-history":[{"count":0,"href":"https:\/\/ucnoqta.az\/index.php?rest_route=\/wp\/v2\/posts\/216123\/revisions"}],"wp:featuredmedia":[{"embeddable":true,"href":"https:\/\/ucnoqta.az\/index.php?rest_route=\/wp\/v2\/media\/251278"}],"wp:attachment":[{"href":"https:\/\/ucnoqta.az\/index.php?rest_route=%2Fwp%2Fv2%2Fmedia&parent=216123"}],"wp:term":[{"taxonomy":"category","embeddable":true,"href":"https:\/\/ucnoqta.az\/index.php?rest_route=%2Fwp%2Fv2%2Fcategories&post=216123"},{"taxonomy":"post_tag","embeddable":true,"href":"https:\/\/ucnoqta.az\/index.php?rest_route=%2Fwp%2Fv2%2Ftags&post=216123"}],"curies":[{"name":"wp","href":"https:\/\/api.w.org\/{rel}","templated":true}]}}