{"id":216095,"date":"2025-01-09T22:11:29","date_gmt":"2025-01-09T18:11:29","guid":{"rendered":""},"modified":"-0001-11-30T00:00:00","modified_gmt":"-0001-11-29T20:00:00","slug":"","status":"publish","type":"post","link":"https:\/\/ucnoqta.az\/?p=216095","title":{"rendered":"Rusiya A\u0130-y\u0259 \u00fczvl\u00fck t\u0259\u015f\u0259bb\u00fcs\u00fcn\u00fc Erm\u0259nistan\u0131n A\u0130\u0130-d\u0259n \u00e7\u0131xmas\u0131n\u0131n ba\u015flan\u011f\u0131c\u0131 hesab edir"},"content":{"rendered":"<p><strong>Rusiya Erm\u0259nistanda A\u0130-y\u0259 daxil olmaq haqq\u0131nda qanun layih\u0259sinin m&uuml;zakir\u0259sini respublikan\u0131n A\u0130\u0130-d\u0259n &ccedil;\u0131xmas\u0131n\u0131n ba\u015flan\u011f\u0131c\u0131 kimi qiym\u0259tl\u0259ndirir, bu, \u0130r\u0259van\u0131n suveren se&ccedil;imidir.<\/strong><\/p>\n<p>Ucnoqta.az x\u0259b\u0259r verir ki, bu bar\u0259d\u0259 jurnalistl\u0259r\u0259 Rusiya ba\u015f nazirinin m&uuml;avini Aleksey Over&ccedil;uk m\u0259lumat verib.<\/p>\n<p>&ldquo;Biz Erm\u0259nistanda &ldquo;Avropa \u0130ttifaq\u0131na qo\u015fulma prosesinin ba\u015flanmas\u0131 haqq\u0131nda&rdquo; qanun layih\u0259sinin m&uuml;zakir\u0259sin\u0259 ba\u015flamas\u0131n\u0131 Erm\u0259nistan\u0131n A\u0130\u0130-d\u0259n &ccedil;\u0131xmas\u0131n\u0131n ba\u015flan\u011f\u0131c\u0131 kimi qiym\u0259tl\u0259ndiririk&rdquo;, &#8211; Over&ccedil;uk bildirib.<br \/>\n&ldquo;Rusiya Federasiyas\u0131 Erm\u0259nistana qar\u015f\u0131 iqtisadi siyas\u0259tini bu v\u0259ziyy\u0259ti n\u0259z\u0259r\u0259 alaraq quracaq. Eyni zamanda, bu, \u015f&uuml;bh\u0259siz ki, Erm\u0259nistan Respublikas\u0131n\u0131n suveren se&ccedil;imidir&quot;, &#8211; Rusiya Federasiyas\u0131 ba\u015f nazirinin m&uuml;avini qeyd edib.<\/p>\n","protected":false},"excerpt":{"rendered":"<p>Rusiya Erm\u0259nistanda A\u0130-y\u0259 daxil olmaq haqq\u0131nda qanun layih\u0259sinin m&uuml;zakir\u0259sini respublikan\u0131n A\u0130\u0130-d\u0259n &ccedil;\u0131xmas\u0131n\u0131n ba\u015flan\u011f\u0131c\u0131 kimi qiym\u0259tl\u0259ndirir, bu, \u0130r\u0259van\u0131n suveren se&ccedil;imidir. Ucnoqta.az x\u0259b\u0259r verir ki, bu bar\u0259d\u0259 jurnalistl\u0259r\u0259 Rusiya ba\u015f nazirinin m&uuml;avini&hellip;<\/p>\n","protected":false},"author":1,"featured_media":251278,"comment_status":"open","ping_status":"open","sticky":false,"template":"","format":"standard","meta":{"_lmt_disableupdate":"","_lmt_disable":"","footnotes":""},"categories":[89],"tags":[],"class_list":["post-216095","post","type-post","status-publish","format-standard","has-post-thumbnail","hentry","category-dunya-butun-xeberler"],"_links":{"self":[{"href":"https:\/\/ucnoqta.az\/index.php?rest_route=\/wp\/v2\/posts\/216095","targetHints":{"allow":["GET"]}}],"collection":[{"href":"https:\/\/ucnoqta.az\/index.php?rest_route=\/wp\/v2\/posts"}],"about":[{"href":"https:\/\/ucnoqta.az\/index.php?rest_route=\/wp\/v2\/types\/post"}],"author":[{"embeddable":true,"href":"https:\/\/ucnoqta.az\/index.php?rest_route=\/wp\/v2\/users\/1"}],"replies":[{"embeddable":true,"href":"https:\/\/ucnoqta.az\/index.php?rest_route=%2Fwp%2Fv2%2Fcomments&post=216095"}],"version-history":[{"count":0,"href":"https:\/\/ucnoqta.az\/index.php?rest_route=\/wp\/v2\/posts\/216095\/revisions"}],"wp:featuredmedia":[{"embeddable":true,"href":"https:\/\/ucnoqta.az\/index.php?rest_route=\/wp\/v2\/media\/251278"}],"wp:attachment":[{"href":"https:\/\/ucnoqta.az\/index.php?rest_route=%2Fwp%2Fv2%2Fmedia&parent=216095"}],"wp:term":[{"taxonomy":"category","embeddable":true,"href":"https:\/\/ucnoqta.az\/index.php?rest_route=%2Fwp%2Fv2%2Fcategories&post=216095"},{"taxonomy":"post_tag","embeddable":true,"href":"https:\/\/ucnoqta.az\/index.php?rest_route=%2Fwp%2Fv2%2Ftags&post=216095"}],"curies":[{"name":"wp","href":"https:\/\/api.w.org\/{rel}","templated":true}]}}