{"id":214555,"date":"2024-12-13T00:00:04","date_gmt":"2024-12-12T20:00:04","guid":{"rendered":""},"modified":"-0001-11-30T00:00:00","modified_gmt":"-0001-11-29T20:00:00","slug":"","status":"publish","type":"post","link":"https:\/\/ucnoqta.az\/?p=214555","title":{"rendered":"Fransada fermerl\u0259r ot tayas\u0131 divar\u0131 il\u0259 magistral yolu ba\u011flay\u0131blar"},"content":{"rendered":"<p><strong>H&ouml;kum\u0259tin k\u0259nd t\u0259s\u0259rr&uuml;fat\u0131 sektoruna qar\u015f\u0131 siyas\u0259tin\u0259 etiraz ed\u0259n fransal\u0131 fermerl\u0259r &ouml;lk\u0259nin c\u0259nub-q\u0259rbind\u0259ki Auch kommunas\u0131 yax\u0131nl\u0131\u011f\u0131ndak\u0131 RN124 \u015fossesind\u0259 h\u0259r\u0259k\u0259ti \u0259ng\u0259ll\u0259y\u0259n ot tayalar\u0131ndan &ldquo;axmaqlar divar\u0131&rdquo; ucald\u0131blar.<\/strong><\/p>\n<p>Ucnoqta.az x\u0259b\u0259r verir ki, bu bar\u0259d\u0259 Radio France Bleu m\u0259lumat yay\u0131b.<\/p>\n<p>Kommunaya girm\u0259zd\u0259n \u0259vv\u0259l dair\u0259vi yolda onlar Milli Assambleyan\u0131n (parlamentin a\u015fa\u011f\u0131 palatas\u0131) 577 deputat\u0131n\u0131 simvoliz\u0259 etm\u0259li olan 577 y\u0131\u011f\u0131ndan ibar\u0259t divar ucalt\u0131blar.<br \/>\nH\u0259m&ccedil;inin, h\u0259r biri Fransa prezidenti Emmanuel Makron v\u0259 Avropa Komissiyas\u0131n\u0131n r\u0259hb\u0259ri Ursula fon der Leyen\u0259 bir y\u0131\u011f\u0131n getdi. Bu instalyasiyada senatorlar (parlamentin yuxar\u0131 palatas\u0131n\u0131n n&uuml;may\u0259nd\u0259l\u0259ri), el\u0259c\u0259 d\u0259 &ouml;lk\u0259d\u0259n ged\u0259n h&ouml;kum\u0259tin &uuml;zvl\u0259ri qeyd olunmay\u0131b.<\/p>\n<p>Fransada fermerl\u0259r noyabr ay\u0131ndan hakimiyy\u0259td\u0259n fermerl\u0259r\u0259 d\u0259st\u0259k &uuml;&ccedil;&uuml;n &ouml;t\u0259n il verdikl\u0259ri v\u0259dl\u0259ri yerin\u0259 yetirm\u0259yi t\u0259l\u0259b ed\u0259r\u0259k etiraz aksiyalar\u0131 ke&ccedil;irirl\u0259r. Onlar h\u0259m&ccedil;inin A\u0130 il\u0259 C\u0259nubi Amerika &Uuml;mumi Bazar\u0131na (Mercosur) daxil olan &ouml;lk\u0259l\u0259r aras\u0131nda azad ticar\u0259t sazi\u015finin ba\u011flanmas\u0131na etiraz edibl\u0259r.<br \/>\n&nbsp;Fransa fermerl\u0259ri d\u0259 parlamentin Mi\u015fel Barnye h&ouml;kum\u0259tini istefaya g&ouml;nd\u0259rm\u0259k q\u0259rar\u0131ndan naraz\u0131d\u0131r v\u0259 bunun k\u0259nd t\u0259s\u0259rr&uuml;fat\u0131nda probleml\u0259rin h\u0259llin\u0259 m\u0259nfi t\u0259sir ed\u0259c\u0259yind\u0259n ehtiyatlan\u0131r.<\/p>\n","protected":false},"excerpt":{"rendered":"<p>H&ouml;kum\u0259tin k\u0259nd t\u0259s\u0259rr&uuml;fat\u0131 sektoruna qar\u015f\u0131 siyas\u0259tin\u0259 etiraz ed\u0259n fransal\u0131 fermerl\u0259r &ouml;lk\u0259nin c\u0259nub-q\u0259rbind\u0259ki Auch kommunas\u0131 yax\u0131nl\u0131\u011f\u0131ndak\u0131 RN124 \u015fossesind\u0259 h\u0259r\u0259k\u0259ti \u0259ng\u0259ll\u0259y\u0259n ot tayalar\u0131ndan &ldquo;axmaqlar divar\u0131&rdquo; ucald\u0131blar. Ucnoqta.az x\u0259b\u0259r verir ki, bu bar\u0259d\u0259&hellip;<\/p>\n","protected":false},"author":1,"featured_media":251278,"comment_status":"open","ping_status":"open","sticky":false,"template":"","format":"standard","meta":{"_lmt_disableupdate":"","_lmt_disable":"","footnotes":""},"categories":[89],"tags":[],"class_list":["post-214555","post","type-post","status-publish","format-standard","has-post-thumbnail","hentry","category-dunya-butun-xeberler"],"_links":{"self":[{"href":"https:\/\/ucnoqta.az\/index.php?rest_route=\/wp\/v2\/posts\/214555","targetHints":{"allow":["GET"]}}],"collection":[{"href":"https:\/\/ucnoqta.az\/index.php?rest_route=\/wp\/v2\/posts"}],"about":[{"href":"https:\/\/ucnoqta.az\/index.php?rest_route=\/wp\/v2\/types\/post"}],"author":[{"embeddable":true,"href":"https:\/\/ucnoqta.az\/index.php?rest_route=\/wp\/v2\/users\/1"}],"replies":[{"embeddable":true,"href":"https:\/\/ucnoqta.az\/index.php?rest_route=%2Fwp%2Fv2%2Fcomments&post=214555"}],"version-history":[{"count":0,"href":"https:\/\/ucnoqta.az\/index.php?rest_route=\/wp\/v2\/posts\/214555\/revisions"}],"wp:featuredmedia":[{"embeddable":true,"href":"https:\/\/ucnoqta.az\/index.php?rest_route=\/wp\/v2\/media\/251278"}],"wp:attachment":[{"href":"https:\/\/ucnoqta.az\/index.php?rest_route=%2Fwp%2Fv2%2Fmedia&parent=214555"}],"wp:term":[{"taxonomy":"category","embeddable":true,"href":"https:\/\/ucnoqta.az\/index.php?rest_route=%2Fwp%2Fv2%2Fcategories&post=214555"},{"taxonomy":"post_tag","embeddable":true,"href":"https:\/\/ucnoqta.az\/index.php?rest_route=%2Fwp%2Fv2%2Ftags&post=214555"}],"curies":[{"name":"wp","href":"https:\/\/api.w.org\/{rel}","templated":true}]}}