{"id":214553,"date":"2024-12-12T22:40:34","date_gmt":"2024-12-12T18:40:34","guid":{"rendered":""},"modified":"-0001-11-30T00:00:00","modified_gmt":"-0001-11-29T20:00:00","slug":"","status":"publish","type":"post","link":"https:\/\/ucnoqta.az\/?p=214553","title":{"rendered":"\u201cAzad \u0130ran\u201dla s\u00fclh ist\u0259yirik &#8211;"},"content":{"rendered":"<p><strong>\u0130srailin ba\u015f naziri Binyamin Netanyahu birba\u015fa \u0130ran xalq\u0131na videom&uuml;raci\u0259t ed\u0259r\u0259k &ouml;lk\u0259sinin b&uuml;t&uuml;n qon\u015fular\u0131 il\u0259 s&uuml;lh\u0259 can atd\u0131\u011f\u0131n\u0131 v\u0259 onlar\u0131n aras\u0131nda &ldquo;azad \u0130ran&rdquo; g&ouml;rm\u0259k ist\u0259diyini bildirib.<\/strong><\/p>\n<p>Ucnoqta.az x\u0259b\u0259r verir ki, bu X-d\u0259 ba\u015f nazirin r\u0259smi s\u0259hif\u0259l\u0259rind\u0259 yerl\u0259\u015fdirilib. Eyni zamanda, o, bunun tezlikl\u0259 ba\u015f ver\u0259 bil\u0259c\u0259yini \u0259lav\u0259 etdi &#8211; &quot;bir &ccedil;ox insan\u0131n d&uuml;\u015f&uuml;nd&uuml;y&uuml;nd\u0259n tez&quot;.<\/p>\n<p>&ldquo;A&ccedil;\u0131q dem\u0259k ist\u0259yir\u0259m ki, \u0130srail s&uuml;lh ist\u0259yir, biz biziml\u0259 h\u0259qiq\u0259t\u0259n s&uuml;lh ist\u0259y\u0259n h\u0259r k\u0259sl\u0259 s&uuml;lh ist\u0259yirik v\u0259 m\u0259n \u015f&uuml;bh\u0259 etmir\u0259m ki, siz, \u0130ran xalq\u0131 bunu bilir.&nbsp;Bilir\u0259m ki, biz sizinl\u0259 s&uuml;lh ist\u0259yirik, siz d\u0259 biziml\u0259 s&uuml;lh ist\u0259yirsiniz, ancaq siz\u0259 z&uuml;lm ed\u0259n v\u0259 bizi t\u0259hdid ed\u0259n bir rejim alt\u0131nda \u0259ziyy\u0259t &ccedil;\u0259kirsiniz. Bu rejimin \u0259slind\u0259 n\u0259d\u0259n qorxdu\u011funu bilirsinizmi? O, sizd\u0259n, \u0130ran xalq\u0131ndan qorxur. V\u0259 bir g&uuml;n bunun d\u0259yi\u015f\u0259c\u0259yini bilir\u0259m, bir g&uuml;n \u0130ran azad olacaq. Qad\u0131nlar, h\u0259yat, azadl\u0131q &#8211; bu, \u0130ran\u0131n g\u0259l\u0259c\u0259yidir, bu, dinc g\u0259l\u0259c\u0259kdir v\u0259 m\u0259n \u015f&uuml;bh\u0259 etmir\u0259m ki, biz bu g\u0259l\u0259c\u0259yi birlikd\u0259 v\u0259 &ccedil;oxlar\u0131n\u0131n d&uuml;\u015f&uuml;nd&uuml;y&uuml;nd\u0259n d\u0259 tez h\u0259yata ke&ccedil;ir\u0259c\u0259yik. M\u0259n bilir\u0259m v\u0259 inan\u0131ram ki, biz Yax\u0131n \u015e\u0259rqi firavanl\u0131q, t\u0259r\u0259qqi v\u0259 s&uuml;lh qalas\u0131na &ccedil;evir\u0259c\u0259yik&rdquo;-&nbsp;&nbsp;&#8211; Netanyahu ingilis dilind\u0259 dan\u0131\u015faraq deyib<\/p>\n","protected":false},"excerpt":{"rendered":"<p>\u0130srailin ba\u015f naziri Binyamin Netanyahu birba\u015fa \u0130ran xalq\u0131na videom&uuml;raci\u0259t ed\u0259r\u0259k &ouml;lk\u0259sinin b&uuml;t&uuml;n qon\u015fular\u0131 il\u0259 s&uuml;lh\u0259 can atd\u0131\u011f\u0131n\u0131 v\u0259 onlar\u0131n aras\u0131nda &ldquo;azad \u0130ran&rdquo; g&ouml;rm\u0259k ist\u0259diyini bildirib. Ucnoqta.az x\u0259b\u0259r verir ki, bu&hellip;<\/p>\n","protected":false},"author":1,"featured_media":251278,"comment_status":"open","ping_status":"open","sticky":false,"template":"","format":"standard","meta":{"_lmt_disableupdate":"","_lmt_disable":"","footnotes":""},"categories":[89],"tags":[],"class_list":["post-214553","post","type-post","status-publish","format-standard","has-post-thumbnail","hentry","category-dunya-butun-xeberler"],"_links":{"self":[{"href":"https:\/\/ucnoqta.az\/index.php?rest_route=\/wp\/v2\/posts\/214553","targetHints":{"allow":["GET"]}}],"collection":[{"href":"https:\/\/ucnoqta.az\/index.php?rest_route=\/wp\/v2\/posts"}],"about":[{"href":"https:\/\/ucnoqta.az\/index.php?rest_route=\/wp\/v2\/types\/post"}],"author":[{"embeddable":true,"href":"https:\/\/ucnoqta.az\/index.php?rest_route=\/wp\/v2\/users\/1"}],"replies":[{"embeddable":true,"href":"https:\/\/ucnoqta.az\/index.php?rest_route=%2Fwp%2Fv2%2Fcomments&post=214553"}],"version-history":[{"count":0,"href":"https:\/\/ucnoqta.az\/index.php?rest_route=\/wp\/v2\/posts\/214553\/revisions"}],"wp:featuredmedia":[{"embeddable":true,"href":"https:\/\/ucnoqta.az\/index.php?rest_route=\/wp\/v2\/media\/251278"}],"wp:attachment":[{"href":"https:\/\/ucnoqta.az\/index.php?rest_route=%2Fwp%2Fv2%2Fmedia&parent=214553"}],"wp:term":[{"taxonomy":"category","embeddable":true,"href":"https:\/\/ucnoqta.az\/index.php?rest_route=%2Fwp%2Fv2%2Fcategories&post=214553"},{"taxonomy":"post_tag","embeddable":true,"href":"https:\/\/ucnoqta.az\/index.php?rest_route=%2Fwp%2Fv2%2Ftags&post=214553"}],"curies":[{"name":"wp","href":"https:\/\/api.w.org\/{rel}","templated":true}]}}