{"id":214549,"date":"2024-12-12T19:04:36","date_gmt":"2024-12-12T15:04:36","guid":{"rendered":""},"modified":"-0001-11-30T00:00:00","modified_gmt":"-0001-11-29T20:00:00","slug":"","status":"publish","type":"post","link":"https:\/\/ucnoqta.az\/?p=214549","title":{"rendered":"Yeni evl\u0259n\u0259n g\u0259nc kredit\u0259 g\u00f6r\u0259 \u00f6z\u00fcn\u00fc yand\u0131rd\u0131"},"content":{"rendered":"<p><strong>Bak\u0131da qaynar suda yanaraq &ouml;ld&uuml;y&uuml; bildiril\u0259n g\u0259ncin intihar etdiyi m\u0259lum olub.&nbsp;<\/strong><\/p>\n<p>Bu bar\u0259d\u0259&nbsp;Lent.az-a m\u0259rhumun ail\u0259sind\u0259n bildirilib.&nbsp;<\/p>\n<p>Qeyd olunub ki, m\u0259lum hadis\u0259 noyabr\u0131n 12-d\u0259 ba\u015f verib.&nbsp;<\/p>\n<p>Bel\u0259 ki,&nbsp;24 ya\u015fl\u0131&nbsp;\u015e\u0259hriyar Eyvaz o\u011flu H\u0259s\u0259novun ad\u0131na qon\u015fusu kredit g&ouml;t&uuml;r&uuml;bm&uuml;\u015f. \u015e.H\u0259s\u0259nov bu bar\u0259d\u0259 ail\u0259sin\u0259 he&ccedil;n\u0259 dem\u0259yib. Kreditin ayl\u0131q &ouml;d\u0259ni\u015fi vaxt\u0131 &ccedil;atanda qon\u015fu &ouml;d\u0259ni\u015f etm\u0259yib. Gecikm\u0259y\u0259 g&ouml;r\u0259 \u015e\u0259hriyar H\u0259s\u0259nova z\u0259ng g\u0259lib. Bu zaman hadis\u0259d\u0259n \u015e.H\u0259s\u0259novun ail\u0259si d\u0259 x\u0259b\u0259r tutub. Bundan narahat olan g\u0259nc ail\u0259sind\u0259n utand\u0131\u011f\u0131 &uuml;&ccedil;&uuml;n&nbsp;can\u0131na q\u0259sd etm\u0259y\u0259 q\u0259rar verib.&nbsp;<\/p>\n<p>O, &uuml;z\u0259rin\u0259 benzin t&ouml;k\u0259r\u0259k &ouml;z&uuml;n&uuml; yand\u0131r\u0131b. T\u0259cili x\u0259st\u0259xanaya &ccedil;atd\u0131r\u0131lsa da \u015e.H\u0259s\u0259nov bir h\u0259ft\u0259 sonra ald\u0131\u011f\u0131 yan\u0131q x\u0259sar\u0259tl\u0259rind\u0259n orada &ouml;l&uuml;b.<\/p>\n<p>Ail\u0259si onu da bildirib ki, \u015e.H\u0259s\u0259nov hadis\u0259d\u0259n bir ne&ccedil;\u0259 g&uuml;n \u0259vv\u0259l ail\u0259 h\u0259yat\u0131 qurubmu\u015f.&nbsp;<\/p>\n<p>Faktla ba\u011fl\u0131 Prokurorluqda cinay\u0259t i\u015fi ba\u015flan\u0131b, istintaq h\u0259r\u0259k\u0259tl\u0259ri davam etdirilir.&nbsp;<\/p>\n","protected":false},"excerpt":{"rendered":"<p>Bak\u0131da qaynar suda yanaraq &ouml;ld&uuml;y&uuml; bildiril\u0259n g\u0259ncin intihar etdiyi m\u0259lum olub.&nbsp; Bu bar\u0259d\u0259&nbsp;Lent.az-a m\u0259rhumun ail\u0259sind\u0259n bildirilib.&nbsp; Qeyd olunub ki, m\u0259lum hadis\u0259 noyabr\u0131n 12-d\u0259 ba\u015f verib.&nbsp; Bel\u0259 ki,&nbsp;24 ya\u015fl\u0131&nbsp;\u015e\u0259hriyar Eyvaz o\u011flu&hellip;<\/p>\n","protected":false},"author":1,"featured_media":251278,"comment_status":"open","ping_status":"open","sticky":false,"template":"","format":"standard","meta":{"_lmt_disableupdate":"","_lmt_disable":"","footnotes":""},"categories":[],"tags":[],"class_list":["post-214549","post","type-post","status-publish","format-standard","has-post-thumbnail","hentry"],"_links":{"self":[{"href":"https:\/\/ucnoqta.az\/index.php?rest_route=\/wp\/v2\/posts\/214549","targetHints":{"allow":["GET"]}}],"collection":[{"href":"https:\/\/ucnoqta.az\/index.php?rest_route=\/wp\/v2\/posts"}],"about":[{"href":"https:\/\/ucnoqta.az\/index.php?rest_route=\/wp\/v2\/types\/post"}],"author":[{"embeddable":true,"href":"https:\/\/ucnoqta.az\/index.php?rest_route=\/wp\/v2\/users\/1"}],"replies":[{"embeddable":true,"href":"https:\/\/ucnoqta.az\/index.php?rest_route=%2Fwp%2Fv2%2Fcomments&post=214549"}],"version-history":[{"count":0,"href":"https:\/\/ucnoqta.az\/index.php?rest_route=\/wp\/v2\/posts\/214549\/revisions"}],"wp:featuredmedia":[{"embeddable":true,"href":"https:\/\/ucnoqta.az\/index.php?rest_route=\/wp\/v2\/media\/251278"}],"wp:attachment":[{"href":"https:\/\/ucnoqta.az\/index.php?rest_route=%2Fwp%2Fv2%2Fmedia&parent=214549"}],"wp:term":[{"taxonomy":"category","embeddable":true,"href":"https:\/\/ucnoqta.az\/index.php?rest_route=%2Fwp%2Fv2%2Fcategories&post=214549"},{"taxonomy":"post_tag","embeddable":true,"href":"https:\/\/ucnoqta.az\/index.php?rest_route=%2Fwp%2Fv2%2Ftags&post=214549"}],"curies":[{"name":"wp","href":"https:\/\/api.w.org\/{rel}","templated":true}]}}