{"id":207427,"date":"2024-08-14T18:05:51","date_gmt":"2024-08-14T14:05:51","guid":{"rendered":""},"modified":"-0001-11-30T00:00:00","modified_gmt":"-0001-11-29T20:00:00","slug":"","status":"publish","type":"post","link":"https:\/\/ucnoqta.az\/?p=207427","title":{"rendered":"Lavrov Serbiyan\u0131n ba\u015f nazirinin m\u00fcavini il\u0259 g\u00f6r\u00fc\u015f\u00fcb"},"content":{"rendered":"<p><strong>&nbsp;Rusiyan\u0131n xarici i\u015fl\u0259r naziri Sergey Lavrov Moskvada Serbiyan\u0131n ba\u015f nazirinin m&uuml;avini Aleksandr Vulin il\u0259 g&ouml;r&uuml;\u015f&uuml;b.<\/strong><\/p>\n<p>Ucnoqta.az x\u0259b\u0259r evrir ki, bu bar\u0259d\u0259 Rusiya Xarici \u0130\u015fl\u0259r Nazirliyinin sayt\u0131nda m\u0259tni d\u0259rc edilmi\u015f Rusiya diplomatik xidm\u0259tinin r\u0259hb\u0259rinin a&ccedil;\u0131l\u0131\u015f nitqind\u0259 deyilir.<\/p>\n<p>&quot;Biz sizin Rusiya Federasiyas\u0131na n&ouml;vb\u0259ti s\u0259f\u0259rinizi g&ouml;rm\u0259kd\u0259n \u015fad\u0131q, sizin &ccedil;ox g\u0259rgin proqram\u0131n\u0131z var, lakin bu, Rusiya v\u0259 Serbiya liderl\u0259ri v\u0259 h&ouml;kum\u0259tl\u0259ri &uuml;&ccedil;&uuml;n prioritet olan \u0259m\u0259kda\u015fl\u0131q sah\u0259l\u0259rini, xalqlar\u0131m\u0131z\u0131n maraqlar\u0131n\u0131 \u0259ks etdirir&quot;, &#8211; nazir bildirib.&nbsp;<\/p>\n","protected":false},"excerpt":{"rendered":"<p>&nbsp;Rusiyan\u0131n xarici i\u015fl\u0259r naziri Sergey Lavrov Moskvada Serbiyan\u0131n ba\u015f nazirinin m&uuml;avini Aleksandr Vulin il\u0259 g&ouml;r&uuml;\u015f&uuml;b. Ucnoqta.az x\u0259b\u0259r evrir ki, bu bar\u0259d\u0259 Rusiya Xarici \u0130\u015fl\u0259r Nazirliyinin sayt\u0131nda m\u0259tni d\u0259rc edilmi\u015f Rusiya&hellip;<\/p>\n","protected":false},"author":1,"featured_media":251278,"comment_status":"open","ping_status":"open","sticky":false,"template":"","format":"standard","meta":{"_lmt_disableupdate":"","_lmt_disable":"","footnotes":""},"categories":[89],"tags":[],"class_list":["post-207427","post","type-post","status-publish","format-standard","has-post-thumbnail","hentry","category-dunya-butun-xeberler"],"_links":{"self":[{"href":"https:\/\/ucnoqta.az\/index.php?rest_route=\/wp\/v2\/posts\/207427","targetHints":{"allow":["GET"]}}],"collection":[{"href":"https:\/\/ucnoqta.az\/index.php?rest_route=\/wp\/v2\/posts"}],"about":[{"href":"https:\/\/ucnoqta.az\/index.php?rest_route=\/wp\/v2\/types\/post"}],"author":[{"embeddable":true,"href":"https:\/\/ucnoqta.az\/index.php?rest_route=\/wp\/v2\/users\/1"}],"replies":[{"embeddable":true,"href":"https:\/\/ucnoqta.az\/index.php?rest_route=%2Fwp%2Fv2%2Fcomments&post=207427"}],"version-history":[{"count":0,"href":"https:\/\/ucnoqta.az\/index.php?rest_route=\/wp\/v2\/posts\/207427\/revisions"}],"wp:featuredmedia":[{"embeddable":true,"href":"https:\/\/ucnoqta.az\/index.php?rest_route=\/wp\/v2\/media\/251278"}],"wp:attachment":[{"href":"https:\/\/ucnoqta.az\/index.php?rest_route=%2Fwp%2Fv2%2Fmedia&parent=207427"}],"wp:term":[{"taxonomy":"category","embeddable":true,"href":"https:\/\/ucnoqta.az\/index.php?rest_route=%2Fwp%2Fv2%2Fcategories&post=207427"},{"taxonomy":"post_tag","embeddable":true,"href":"https:\/\/ucnoqta.az\/index.php?rest_route=%2Fwp%2Fv2%2Ftags&post=207427"}],"curies":[{"name":"wp","href":"https:\/\/api.w.org\/{rel}","templated":true}]}}