{"id":207408,"date":"2024-08-14T13:14:27","date_gmt":"2024-08-14T09:14:27","guid":{"rendered":""},"modified":"-0001-11-30T00:00:00","modified_gmt":"-0001-11-29T20:00:00","slug":"","status":"publish","type":"post","link":"https:\/\/ucnoqta.az\/?p=207408","title":{"rendered":"Ya\u011f\u0131\u015f ya\u011facaq, \u00e7aylarda sululuq artacaq &#8211;"},"content":{"rendered":"<p><strong>Avqustun 15-d\u0259 g&uuml;n&uuml;n birinci yar\u0131s\u0131nda, 16-da is\u0259 g&uuml;n \u0259rzind\u0259 Bak\u0131da v\u0259 Ab\u015feron yar\u0131madas\u0131nda fasil\u0259l\u0259rl\u0259 ya\u011f\u0131\u015f ya\u011faca\u011f\u0131 g&ouml;zl\u0259nilir.<\/strong><\/p>\n<p>Bu bar\u0259d\u0259&nbsp;Ucnoqta.az-a Milli Hidrometeorologiya Xidm\u0259tind\u0259n m\u0259lumat verilib.<\/p>\n<p>Bildirilib ki, yar\u0131madan\u0131n b\u0259zi yerl\u0259rind\u0259 q\u0131sam&uuml;dd\u0259tli leysan xarakterli olaca\u011f\u0131, \u015fim\u015f\u0259k &ccedil;axaca\u011f\u0131 ehtimal\u0131 var.<\/p>\n<p>Az\u0259rbaycan\u0131n rayonlar\u0131nda avqustun 15-d\u0259n 17-si g&uuml;nd&uuml;z\u0259d\u0259k b\u0259zi yerl\u0259rd\u0259 arabir leysan xarakterli ya\u011f\u0131\u015f ya\u011faca\u011f\u0131, \u015fim\u015f\u0259k &ccedil;axaca\u011f\u0131 g&ouml;zl\u0259nilir. Ayr\u0131-ayr\u0131 yerl\u0259rd\u0259 (Qaraba\u011f v\u0259 \u015e\u0259rqi Z\u0259ng\u0259zur, Qazax-G\u0259nc\u0259, Da\u015fk\u0259s\u0259n-G\u0259d\u0259b\u0259y, Balak\u0259n-\u015e\u0259ki, Da\u011fl\u0131q \u015eirvan, Quba-Qusar, M\u0259rk\u0259zi Aran, L\u0259nk\u0259ran-Astara) intensiv v\u0259 g&uuml;cl&uuml; olaca\u011f\u0131, dolu d&uuml;\u015f\u0259c\u0259yi ehtimal\u0131 var.<\/p>\n<p>Avqustun 15-d\u0259 ax\u015famdan 16-s\u0131 s\u0259h\u0259r\u0259d\u0259k \u0259ks\u0259r rayonlarda ya\u011f\u0131nt\u0131da fasil\u0259 olacaq.<\/p>\n<p>&Ccedil;aylarda sululu\u011fun artaca\u011f\u0131, B&ouml;y&uuml;k v\u0259 Ki&ccedil;ik Qafqaz\u0131n, h\u0259m&ccedil;inin L\u0259nk\u0259ran-Astara b&ouml;lg\u0259sinin b\u0259zi da\u011f &ccedil;aylar\u0131ndan q\u0131sam&uuml;dd\u0259tli da\u015fq\u0131n v\u0259 sel ke&ccedil;\u0259c\u0259yi ehtimal\u0131 var.<\/p>\n","protected":false},"excerpt":{"rendered":"<p>Avqustun 15-d\u0259 g&uuml;n&uuml;n birinci yar\u0131s\u0131nda, 16-da is\u0259 g&uuml;n \u0259rzind\u0259 Bak\u0131da v\u0259 Ab\u015feron yar\u0131madas\u0131nda fasil\u0259l\u0259rl\u0259 ya\u011f\u0131\u015f ya\u011faca\u011f\u0131 g&ouml;zl\u0259nilir. Bu bar\u0259d\u0259&nbsp;Ucnoqta.az-a Milli Hidrometeorologiya Xidm\u0259tind\u0259n m\u0259lumat verilib. Bildirilib ki, yar\u0131madan\u0131n b\u0259zi yerl\u0259rind\u0259 q\u0131sam&uuml;dd\u0259tli&hellip;<\/p>\n","protected":false},"author":1,"featured_media":251278,"comment_status":"open","ping_status":"open","sticky":false,"template":"","format":"standard","meta":{"_lmt_disableupdate":"","_lmt_disable":"","footnotes":""},"categories":[91],"tags":[],"class_list":["post-207408","post","type-post","status-publish","format-standard","has-post-thumbnail","hentry","category-olkeici"],"_links":{"self":[{"href":"https:\/\/ucnoqta.az\/index.php?rest_route=\/wp\/v2\/posts\/207408","targetHints":{"allow":["GET"]}}],"collection":[{"href":"https:\/\/ucnoqta.az\/index.php?rest_route=\/wp\/v2\/posts"}],"about":[{"href":"https:\/\/ucnoqta.az\/index.php?rest_route=\/wp\/v2\/types\/post"}],"author":[{"embeddable":true,"href":"https:\/\/ucnoqta.az\/index.php?rest_route=\/wp\/v2\/users\/1"}],"replies":[{"embeddable":true,"href":"https:\/\/ucnoqta.az\/index.php?rest_route=%2Fwp%2Fv2%2Fcomments&post=207408"}],"version-history":[{"count":0,"href":"https:\/\/ucnoqta.az\/index.php?rest_route=\/wp\/v2\/posts\/207408\/revisions"}],"wp:featuredmedia":[{"embeddable":true,"href":"https:\/\/ucnoqta.az\/index.php?rest_route=\/wp\/v2\/media\/251278"}],"wp:attachment":[{"href":"https:\/\/ucnoqta.az\/index.php?rest_route=%2Fwp%2Fv2%2Fmedia&parent=207408"}],"wp:term":[{"taxonomy":"category","embeddable":true,"href":"https:\/\/ucnoqta.az\/index.php?rest_route=%2Fwp%2Fv2%2Fcategories&post=207408"},{"taxonomy":"post_tag","embeddable":true,"href":"https:\/\/ucnoqta.az\/index.php?rest_route=%2Fwp%2Fv2%2Ftags&post=207408"}],"curies":[{"name":"wp","href":"https:\/\/api.w.org\/{rel}","templated":true}]}}